{"id":6049,"date":"2026-04-01T11:58:32","date_gmt":"2026-04-01T09:58:32","guid":{"rendered":"https:\/\/maisonecohuis.be\/?p=6049"},"modified":"2026-05-18T12:04:32","modified_gmt":"2026-05-18T10:04:32","slug":"la-maisonecohuis-participe-au-parcours-dartistes","status":"publish","type":"post","link":"https:\/\/maisonecohuis.be\/?p=6049","title":{"rendered":"La MaisonEcoHuis participe au Parcours d&rsquo;artistes"},"content":{"rendered":"\n<p class=\"wp-block-paragraph\">Nous avons le plaisir d&rsquo;accueillir 2 artistes : <\/p>\n\n\n\n<p class=\"wp-block-paragraph\"><a href=\"https:\/\/quentinlemarchand.com\/\" target=\"_blank\" rel=\"noopener\" title=\"\">Quentin Lemarchand<\/a> &#8211; installations et <a href=\"http:\/\/www.instagram.com\/yopillu\/\" title=\"\">Yolande Deno\u00ebl <\/a>&#8211; illustrations.<\/p>\n\n\n\n<p class=\"wp-block-paragraph\">Ils vous accueillerons pour le vernissage du 10\/4 et les apr\u00e8s-midi des 2 weekends du Parcours &#8211;> <a href=\"https:\/\/parcoursdartistes.be\/\" target=\"_blank\" rel=\"noopener\" title=\"Programme complet\">Programme complet<\/a><\/p>\n\n\n\n<p class=\"wp-block-paragraph\"><\/p>\n\n\n\n<p class=\"wp-block-paragraph\"><\/p>\n","protected":false},"excerpt":{"rendered":"<p>Nous avons le plaisir d&rsquo;accueillir 2 artistes : Quentin Lemarchand &#8211; installations et Yolande Deno\u00ebl &#8211; illustrations. Ils vous accueillerons pour le vernissage du 10\/4 [&hellip;] <span class=\"read-more-link\"><a class=\"read-more\" href=\"https:\/\/maisonecohuis.be\/?p=6049\">Read More<\/a><\/span><\/p>\n","protected":false},"author":1,"featured_media":6057,"comment_status":"closed","ping_status":"open","sticky":false,"template":"","format":"standard","meta":{"om_disable_all_campaigns":false,"_monsterinsights_skip_tracking":false,"_uf_show_specific_survey":0,"_uf_disable_surveys":false,"footnotes":""},"categories":[78],"tags":[],"class_list":["post-6049","post","type-post","status-publish","format-standard","has-post-thumbnail","hentry","category-cloture"],"aioseo_notices":[],"aioseo_head":"\n\t\t<!-- All in One SEO 5.0.1.1 - aioseo.com -->\n\t<meta name=\"description\" content=\"Nous avons le plaisir d&#039;accueillir 2 artistes : Quentin Lemarchand - installations et Yolande Deno\u00ebl - illustrations. Ils vous accueillerons pour le vernissage du 10\/4 et les apr\u00e8s-midi des 2 weekends du Parcours --&gt; Programme complet\" \/>\n\t<meta name=\"robots\" content=\"max-image-preview:large\" \/>\n\t<meta name=\"author\" content=\"MaisonEcoHuis\"\/>\n\t<link rel=\"canonical\" href=\"https:\/\/maisonecohuis.be\/?p=6049\" \/>\n\t<meta name=\"generator\" content=\"All in One SEO (AIOSEO) 5.0.1.1\" \/>\n\t\t<meta property=\"og:locale\" content=\"fr_FR\" \/>\n\t\t<meta property=\"og:site_name\" content=\"MaisonEcoHuis - Guichet citoyen du climat et de la biodiversit\u00e9 - Buurtloket climaat en biodiversiteit\" \/>\n\t\t<meta property=\"og:type\" content=\"article\" \/>\n\t\t<meta property=\"og:title\" content=\"La MaisonEcoHuis participe au Parcours d\u2019artistes - MaisonEcoHuis\" \/>\n\t\t<meta property=\"og:description\" content=\"Nous avons le plaisir d&#039;accueillir 2 artistes : Quentin Lemarchand - installations et Yolande Deno\u00ebl - illustrations. Ils vous accueillerons pour le vernissage du 10\/4 et les apr\u00e8s-midi des 2 weekends du Parcours --&gt; Programme complet\" \/>\n\t\t<meta property=\"og:url\" content=\"https:\/\/maisonecohuis.be\/?p=6049\" \/>\n\t\t<meta property=\"og:image\" content=\"https:\/\/maisonecohuis.be\/wp-content\/uploads\/2018\/04\/MaisonEcoHuis_Horizontal_Pantone.jpg\" \/>\n\t\t<meta property=\"og:image:secure_url\" content=\"https:\/\/maisonecohuis.be\/wp-content\/uploads\/2018\/04\/MaisonEcoHuis_Horizontal_Pantone.jpg\" \/>\n\t\t<meta property=\"og:image:width\" content=\"623\" \/>\n\t\t<meta property=\"og:image:height\" content=\"183\" \/>\n\t\t<meta property=\"article:published_time\" content=\"2026-04-01T09:58:32+00:00\" \/>\n\t\t<meta property=\"article:modified_time\" content=\"2026-05-18T10:04:32+00:00\" \/>\n\t\t<meta name=\"twitter:card\" content=\"summary_large_image\" \/>\n\t\t<meta name=\"twitter:title\" content=\"La MaisonEcoHuis participe au Parcours d\u2019artistes - MaisonEcoHuis\" \/>\n\t\t<meta name=\"twitter:description\" content=\"Nous avons le plaisir d&#039;accueillir 2 artistes : Quentin Lemarchand - installations et Yolande Deno\u00ebl - illustrations. Ils vous accueillerons pour le vernissage du 10\/4 et les apr\u00e8s-midi des 2 weekends du Parcours --&gt; Programme complet\" \/>\n\t\t<meta name=\"twitter:image\" content=\"https:\/\/maisonecohuis.be\/wp-content\/uploads\/2018\/04\/MaisonEcoHuis_Horizontal_Pantone.jpg\" \/>\n\t\t<script type=\"application\/ld+json\" class=\"aioseo-schema\">\n\t\t\t{\"@context\":\"https:\\\/\\\/schema.org\",\"@graph\":[{\"@type\":\"BlogPosting\",\"@id\":\"https:\\\/\\\/maisonecohuis.be\\\/?p=6049#blogposting\",\"name\":\"La MaisonEcoHuis participe au Parcours d\\u2019artistes - MaisonEcoHuis\",\"headline\":\"La MaisonEcoHuis participe au Parcours d&rsquo;artistes\",\"author\":{\"@id\":\"https:\\\/\\\/maisonecohuis.be\\\/?author=1#author\"},\"publisher\":{\"@id\":\"https:\\\/\\\/maisonecohuis.be\\\/#organization\"},\"image\":{\"@type\":\"ImageObject\",\"url\":\"https:\\\/\\\/maisonecohuis.be\\\/wp-content\\\/uploads\\\/2026\\\/04\\\/Parcours-e1775039423141.jpg\",\"width\":1658,\"height\":1670},\"datePublished\":\"2026-04-01T11:58:32+02:00\",\"dateModified\":\"2026-05-18T12:04:32+02:00\",\"inLanguage\":\"fr-BE\",\"mainEntityOfPage\":{\"@id\":\"https:\\\/\\\/maisonecohuis.be\\\/?p=6049#webpage\"},\"isPartOf\":{\"@id\":\"https:\\\/\\\/maisonecohuis.be\\\/?p=6049#webpage\"},\"articleSection\":\"Cl\\u00f4tur\\u00e9, Fran\\u00e7ais\"},{\"@type\":\"BreadcrumbList\",\"@id\":\"https:\\\/\\\/maisonecohuis.be\\\/?p=6049#breadcrumblist\",\"itemListElement\":[{\"@type\":\"ListItem\",\"@id\":\"https:\\\/\\\/maisonecohuis.be#listItem\",\"position\":1,\"name\":\"Home\",\"item\":\"https:\\\/\\\/maisonecohuis.be\",\"nextItem\":{\"@type\":\"ListItem\",\"@id\":\"https:\\\/\\\/maisonecohuis.be\\\/?cat=78#listItem\",\"name\":\"Cl\\u00f4tur\\u00e9\"}},{\"@type\":\"ListItem\",\"@id\":\"https:\\\/\\\/maisonecohuis.be\\\/?cat=78#listItem\",\"position\":2,\"name\":\"Cl\\u00f4tur\\u00e9\",\"item\":\"https:\\\/\\\/maisonecohuis.be\\\/?cat=78\",\"nextItem\":{\"@type\":\"ListItem\",\"@id\":\"https:\\\/\\\/maisonecohuis.be\\\/?p=6049#listItem\",\"name\":\"La MaisonEcoHuis participe au Parcours d&rsquo;artistes\"},\"previousItem\":{\"@type\":\"ListItem\",\"@id\":\"https:\\\/\\\/maisonecohuis.be#listItem\",\"name\":\"Home\"}},{\"@type\":\"ListItem\",\"@id\":\"https:\\\/\\\/maisonecohuis.be\\\/?p=6049#listItem\",\"position\":3,\"name\":\"La MaisonEcoHuis participe au Parcours d&rsquo;artistes\",\"previousItem\":{\"@type\":\"ListItem\",\"@id\":\"https:\\\/\\\/maisonecohuis.be\\\/?cat=78#listItem\",\"name\":\"Cl\\u00f4tur\\u00e9\"}}]},{\"@type\":\"Organization\",\"@id\":\"https:\\\/\\\/maisonecohuis.be\\\/#organization\",\"name\":\"MaisonEcoHuis\",\"description\":\"Guichet citoyen du climat et de la biodiversit\\u00e9 - Buurtloket climaat en biodiversiteit\",\"url\":\"https:\\\/\\\/maisonecohuis.be\\\/\",\"logo\":{\"@type\":\"ImageObject\",\"url\":\"https:\\\/\\\/maisonecohuis.be\\\/wp-content\\\/uploads\\\/2018\\\/04\\\/MaisonEcoHuis_Horizontal_Pantone.jpg\",\"@id\":\"https:\\\/\\\/maisonecohuis.be\\\/?p=6049\\\/#organizationLogo\",\"width\":623,\"height\":183},\"image\":{\"@id\":\"https:\\\/\\\/maisonecohuis.be\\\/?p=6049\\\/#organizationLogo\"}},{\"@type\":\"Person\",\"@id\":\"https:\\\/\\\/maisonecohuis.be\\\/?author=1#author\",\"url\":\"https:\\\/\\\/maisonecohuis.be\\\/?author=1\",\"name\":\"MaisonEcoHuis\",\"image\":{\"@type\":\"ImageObject\",\"@id\":\"https:\\\/\\\/maisonecohuis.be\\\/?p=6049#authorImage\",\"url\":\"https:\\\/\\\/secure.gravatar.com\\\/avatar\\\/1ba84678dc368f1cb1c7792546471868f8e4be393c134f9d5b6eda8cc55a95db?s=96&d=mm&r=g\",\"width\":96,\"height\":96,\"caption\":\"MaisonEcoHuis\"}},{\"@type\":\"WebPage\",\"@id\":\"https:\\\/\\\/maisonecohuis.be\\\/?p=6049#webpage\",\"url\":\"https:\\\/\\\/maisonecohuis.be\\\/?p=6049\",\"name\":\"La MaisonEcoHuis participe au Parcours d\\u2019artistes - MaisonEcoHuis\",\"description\":\"Nous avons le plaisir d'accueillir 2 artistes : Quentin Lemarchand - installations et Yolande Deno\\u00ebl - illustrations. Ils vous accueillerons pour le vernissage du 10\\\/4 et les apr\\u00e8s-midi des 2 weekends du Parcours --> Programme complet\",\"inLanguage\":\"fr-BE\",\"isPartOf\":{\"@id\":\"https:\\\/\\\/maisonecohuis.be\\\/#website\"},\"breadcrumb\":{\"@id\":\"https:\\\/\\\/maisonecohuis.be\\\/?p=6049#breadcrumblist\"},\"author\":{\"@id\":\"https:\\\/\\\/maisonecohuis.be\\\/?author=1#author\"},\"creator\":{\"@id\":\"https:\\\/\\\/maisonecohuis.be\\\/?author=1#author\"},\"image\":{\"@type\":\"ImageObject\",\"url\":\"https:\\\/\\\/maisonecohuis.be\\\/wp-content\\\/uploads\\\/2026\\\/04\\\/Parcours-e1775039423141.jpg\",\"@id\":\"https:\\\/\\\/maisonecohuis.be\\\/?p=6049\\\/#mainImage\",\"width\":1658,\"height\":1670},\"primaryImageOfPage\":{\"@id\":\"https:\\\/\\\/maisonecohuis.be\\\/?p=6049#mainImage\"},\"datePublished\":\"2026-04-01T11:58:32+02:00\",\"dateModified\":\"2026-05-18T12:04:32+02:00\"},{\"@type\":\"WebSite\",\"@id\":\"https:\\\/\\\/maisonecohuis.be\\\/#website\",\"url\":\"https:\\\/\\\/maisonecohuis.be\\\/\",\"name\":\"MaisonEcoHuis\",\"description\":\"Guichet citoyen du climat et de la biodiversit\\u00e9 - Buurtloket climaat en biodiversiteit\",\"inLanguage\":\"fr-BE\",\"publisher\":{\"@id\":\"https:\\\/\\\/maisonecohuis.be\\\/#organization\"}}]}\n\t\t<\/script>\n\t\t<!-- All in One SEO -->\n\n","aioseo_head_json":{"title":"La MaisonEcoHuis participe au Parcours d\u2019artistes - MaisonEcoHuis","description":"Nous avons le plaisir d'accueillir 2 artistes : Quentin Lemarchand - installations et Yolande Deno\u00ebl - illustrations. Ils vous accueillerons pour le vernissage du 10\/4 et les apr\u00e8s-midi des 2 weekends du Parcours --> Programme complet","canonical_url":"https:\/\/maisonecohuis.be\/?p=6049","robots":"max-image-preview:large","keywords":"","webmasterTools":{"miscellaneous":""},"schema":{"@context":"https:\/\/schema.org","@graph":[{"@type":"BlogPosting","@id":"https:\/\/maisonecohuis.be\/?p=6049#blogposting","name":"La MaisonEcoHuis participe au Parcours d\u2019artistes - MaisonEcoHuis","headline":"La MaisonEcoHuis participe au Parcours d&rsquo;artistes","author":{"@id":"https:\/\/maisonecohuis.be\/?author=1#author"},"publisher":{"@id":"https:\/\/maisonecohuis.be\/#organization"},"image":{"@type":"ImageObject","url":"https:\/\/maisonecohuis.be\/wp-content\/uploads\/2026\/04\/Parcours-e1775039423141.jpg","width":1658,"height":1670},"datePublished":"2026-04-01T11:58:32+02:00","dateModified":"2026-05-18T12:04:32+02:00","inLanguage":"fr-BE","mainEntityOfPage":{"@id":"https:\/\/maisonecohuis.be\/?p=6049#webpage"},"isPartOf":{"@id":"https:\/\/maisonecohuis.be\/?p=6049#webpage"},"articleSection":"Cl\u00f4tur\u00e9, Fran\u00e7ais"},{"@type":"BreadcrumbList","@id":"https:\/\/maisonecohuis.be\/?p=6049#breadcrumblist","itemListElement":[{"@type":"ListItem","@id":"https:\/\/maisonecohuis.be#listItem","position":1,"name":"Home","item":"https:\/\/maisonecohuis.be","nextItem":{"@type":"ListItem","@id":"https:\/\/maisonecohuis.be\/?cat=78#listItem","name":"Cl\u00f4tur\u00e9"}},{"@type":"ListItem","@id":"https:\/\/maisonecohuis.be\/?cat=78#listItem","position":2,"name":"Cl\u00f4tur\u00e9","item":"https:\/\/maisonecohuis.be\/?cat=78","nextItem":{"@type":"ListItem","@id":"https:\/\/maisonecohuis.be\/?p=6049#listItem","name":"La MaisonEcoHuis participe au Parcours d&rsquo;artistes"},"previousItem":{"@type":"ListItem","@id":"https:\/\/maisonecohuis.be#listItem","name":"Home"}},{"@type":"ListItem","@id":"https:\/\/maisonecohuis.be\/?p=6049#listItem","position":3,"name":"La MaisonEcoHuis participe au Parcours d&rsquo;artistes","previousItem":{"@type":"ListItem","@id":"https:\/\/maisonecohuis.be\/?cat=78#listItem","name":"Cl\u00f4tur\u00e9"}}]},{"@type":"Organization","@id":"https:\/\/maisonecohuis.be\/#organization","name":"MaisonEcoHuis","description":"Guichet citoyen du climat et de la biodiversit\u00e9 - Buurtloket climaat en biodiversiteit","url":"https:\/\/maisonecohuis.be\/","logo":{"@type":"ImageObject","url":"https:\/\/maisonecohuis.be\/wp-content\/uploads\/2018\/04\/MaisonEcoHuis_Horizontal_Pantone.jpg","@id":"https:\/\/maisonecohuis.be\/?p=6049\/#organizationLogo","width":623,"height":183},"image":{"@id":"https:\/\/maisonecohuis.be\/?p=6049\/#organizationLogo"}},{"@type":"Person","@id":"https:\/\/maisonecohuis.be\/?author=1#author","url":"https:\/\/maisonecohuis.be\/?author=1","name":"MaisonEcoHuis","image":{"@type":"ImageObject","@id":"https:\/\/maisonecohuis.be\/?p=6049#authorImage","url":"https:\/\/secure.gravatar.com\/avatar\/1ba84678dc368f1cb1c7792546471868f8e4be393c134f9d5b6eda8cc55a95db?s=96&d=mm&r=g","width":96,"height":96,"caption":"MaisonEcoHuis"}},{"@type":"WebPage","@id":"https:\/\/maisonecohuis.be\/?p=6049#webpage","url":"https:\/\/maisonecohuis.be\/?p=6049","name":"La MaisonEcoHuis participe au Parcours d\u2019artistes - MaisonEcoHuis","description":"Nous avons le plaisir d'accueillir 2 artistes : Quentin Lemarchand - installations et Yolande Deno\u00ebl - illustrations. Ils vous accueillerons pour le vernissage du 10\/4 et les apr\u00e8s-midi des 2 weekends du Parcours --> Programme complet","inLanguage":"fr-BE","isPartOf":{"@id":"https:\/\/maisonecohuis.be\/#website"},"breadcrumb":{"@id":"https:\/\/maisonecohuis.be\/?p=6049#breadcrumblist"},"author":{"@id":"https:\/\/maisonecohuis.be\/?author=1#author"},"creator":{"@id":"https:\/\/maisonecohuis.be\/?author=1#author"},"image":{"@type":"ImageObject","url":"https:\/\/maisonecohuis.be\/wp-content\/uploads\/2026\/04\/Parcours-e1775039423141.jpg","@id":"https:\/\/maisonecohuis.be\/?p=6049\/#mainImage","width":1658,"height":1670},"primaryImageOfPage":{"@id":"https:\/\/maisonecohuis.be\/?p=6049#mainImage"},"datePublished":"2026-04-01T11:58:32+02:00","dateModified":"2026-05-18T12:04:32+02:00"},{"@type":"WebSite","@id":"https:\/\/maisonecohuis.be\/#website","url":"https:\/\/maisonecohuis.be\/","name":"MaisonEcoHuis","description":"Guichet citoyen du climat et de la biodiversit\u00e9 - Buurtloket climaat en biodiversiteit","inLanguage":"fr-BE","publisher":{"@id":"https:\/\/maisonecohuis.be\/#organization"}}]},"og:locale":"fr_FR","og:site_name":"MaisonEcoHuis - Guichet citoyen du climat et de la biodiversit\u00e9 - Buurtloket climaat en biodiversiteit","og:type":"article","og:title":"La MaisonEcoHuis participe au Parcours d\u2019artistes - MaisonEcoHuis","og:description":"Nous avons le plaisir d'accueillir 2 artistes : Quentin Lemarchand - installations et Yolande Deno\u00ebl - illustrations. Ils vous accueillerons pour le vernissage du 10\/4 et les apr\u00e8s-midi des 2 weekends du Parcours --&gt; Programme complet","og:url":"https:\/\/maisonecohuis.be\/?p=6049","og:image":"https:\/\/maisonecohuis.be\/wp-content\/uploads\/2018\/04\/MaisonEcoHuis_Horizontal_Pantone.jpg","og:image:secure_url":"https:\/\/maisonecohuis.be\/wp-content\/uploads\/2018\/04\/MaisonEcoHuis_Horizontal_Pantone.jpg","og:image:width":623,"og:image:height":183,"article:published_time":"2026-04-01T09:58:32+00:00","article:modified_time":"2026-05-18T10:04:32+00:00","twitter:card":"summary_large_image","twitter:title":"La MaisonEcoHuis participe au Parcours d\u2019artistes - MaisonEcoHuis","twitter:description":"Nous avons le plaisir d'accueillir 2 artistes : Quentin Lemarchand - installations et Yolande Deno\u00ebl - illustrations. Ils vous accueillerons pour le vernissage du 10\/4 et les apr\u00e8s-midi des 2 weekends du Parcours --&gt; Programme complet","twitter:image":"https:\/\/maisonecohuis.be\/wp-content\/uploads\/2018\/04\/MaisonEcoHuis_Horizontal_Pantone.jpg"},"aioseo_meta_data":{"post_id":"6049","title":null,"description":null,"keywords":null,"keyphrases":{"focus":[],"additional":[]},"primary_term":null,"canonical_url":null,"og_title":null,"og_description":null,"og_object_type":"default","og_image_type":"default","og_image_url":null,"og_image_width":null,"og_image_height":null,"og_image_custom_url":null,"og_image_custom_fields":null,"og_video":"","og_custom_url":null,"og_article_section":null,"og_article_tags":null,"twitter_use_og":false,"twitter_card":"default","twitter_image_type":"default","twitter_image_url":null,"twitter_image_custom_url":null,"twitter_image_custom_fields":null,"twitter_title":null,"twitter_description":null,"schema":{"blockGraphs":[],"customGraphs":[],"default":{"data":{"Article":[],"Course":[],"Dataset":[],"FAQPage":[],"Movie":[],"Person":[],"Product":[],"ProductReview":[],"Car":[],"Recipe":[],"Service":[],"SoftwareApplication":[],"WebPage":[]},"graphName":"BlogPosting","isEnabled":true},"graphs":[]},"schema_type":"default","schema_type_options":null,"pillar_content":false,"robots_default":true,"robots_noindex":false,"robots_noarchive":false,"robots_nosnippet":false,"robots_nofollow":false,"robots_noimageindex":false,"robots_noodp":false,"robots_notranslate":false,"robots_max_snippet":"-1","robots_max_videopreview":"-1","robots_max_imagepreview":"large","priority":null,"frequency":"default","local_seo":null,"breadcrumb_settings":null,"limit_modified_date":false,"ai":{"faqs":[],"keyPoints":[],"titles":[],"descriptions":[],"socialPosts":{"email":[],"linkedin":[],"twitter":[],"facebook":[],"instagram":[]}},"created":"2026-04-01 09:58:32","updated":"2026-08-24 08:10:30","focus_keyword":null,"additional_keywords":null,"truseo_locale":null,"seo_analyzer_scan_date":null},"aioseo_breadcrumb":"<div class=\"aioseo-breadcrumbs\"><span class=\"aioseo-breadcrumb\">\n\t\t\t<a href=\"https:\/\/maisonecohuis.be\" title=\"Home\">Home<\/a>\n\t\t<\/span><span class=\"aioseo-breadcrumb-separator\">&raquo;<\/span><span class=\"aioseo-breadcrumb\">\n\t\t\t<a href=\"https:\/\/maisonecohuis.be\/?cat=78\" title=\"Cl\u00f4tur\u00e9\">Cl\u00f4tur\u00e9<\/a>\n\t\t<\/span><span class=\"aioseo-breadcrumb-separator\">&raquo;<\/span><span class=\"aioseo-breadcrumb\">\n\t\t\tLa MaisonEcoHuis participe au Parcours d\u2019artistes\n\t\t<\/span><\/div>","aioseo_breadcrumb_json":[{"label":"Home","link":"https:\/\/maisonecohuis.be"},{"label":"Cl\u00f4tur\u00e9","link":"https:\/\/maisonecohuis.be\/?cat=78"},{"label":"La MaisonEcoHuis participe au Parcours d&rsquo;artistes","link":"https:\/\/maisonecohuis.be\/?p=6049"}],"_links":{"self":[{"href":"https:\/\/maisonecohuis.be\/index.php?rest_route=\/wp\/v2\/posts\/6049","targetHints":{"allow":["GET"]}}],"collection":[{"href":"https:\/\/maisonecohuis.be\/index.php?rest_route=\/wp\/v2\/posts"}],"about":[{"href":"https:\/\/maisonecohuis.be\/index.php?rest_route=\/wp\/v2\/types\/post"}],"author":[{"embeddable":true,"href":"https:\/\/maisonecohuis.be\/index.php?rest_route=\/wp\/v2\/users\/1"}],"replies":[{"embeddable":true,"href":"https:\/\/maisonecohuis.be\/index.php?rest_route=%2Fwp%2Fv2%2Fcomments&post=6049"}],"version-history":[{"count":2,"href":"https:\/\/maisonecohuis.be\/index.php?rest_route=\/wp\/v2\/posts\/6049\/revisions"}],"predecessor-version":[{"id":6059,"href":"https:\/\/maisonecohuis.be\/index.php?rest_route=\/wp\/v2\/posts\/6049\/revisions\/6059"}],"wp:featuredmedia":[{"embeddable":true,"href":"https:\/\/maisonecohuis.be\/index.php?rest_route=\/wp\/v2\/media\/6057"}],"wp:attachment":[{"href":"https:\/\/maisonecohuis.be\/index.php?rest_route=%2Fwp%2Fv2%2Fmedia&parent=6049"}],"wp:term":[{"taxonomy":"category","embeddable":true,"href":"https:\/\/maisonecohuis.be\/index.php?rest_route=%2Fwp%2Fv2%2Fcategories&post=6049"},{"taxonomy":"post_tag","embeddable":true,"href":"https:\/\/maisonecohuis.be\/index.php?rest_route=%2Fwp%2Fv2%2Ftags&post=6049"}],"curies":[{"name":"wp","href":"https:\/\/api.w.org\/{rel}","templated":true}]}}