{"id":5106,"date":"2025-12-18T17:37:17","date_gmt":"2025-12-18T16:37:17","guid":{"rendered":"https:\/\/maisonecohuis.be\/?p=5106"},"modified":"2026-01-12T11:38:26","modified_gmt":"2026-01-12T10:38:26","slug":"enquete-publique-projet-des-rues-apaisees-cqd-midi-donnez-votre-avis-jusquau-23-12","status":"publish","type":"post","link":"https:\/\/maisonecohuis.be\/?p=5106","title":{"rendered":"Enqu\u00eate publique \u2013 Projet des rues apais\u00e9es (CQD Midi) &#8211; donnez votre avis jusqu&rsquo;au 23\/12"},"content":{"rendered":"\n<p class=\"wp-block-paragraph\">Il reste quelques jours pour donner votre avis sur les futurs am\u00e9nagements de la rue \u00c9mile F\u00e9ron, d\u2019une portion de la rue Joseph Claes et sur les abords des \u00e9coles.<\/p>\n\n\n\n<p class=\"wp-block-paragraph\">Cette enqu\u00eate publique fait partie du projet des \u00ab\u00a0<a href=\"https:\/\/quartiers1060.brussels\/chantier\/des-espaces-publics-apaises\/\" target=\"_blank\" rel=\"noreferrer noopener\"><strong>Rues apais\u00e9es<\/strong>\u00a0<\/a>\u00bb et s\u2019inscrit dans le cadre du Contrat de quartier durable Midi, qui vise \u00e0 transformer les rues du quartier en espaces plus s\u00fbrs, plus verts et plus agr\u00e9ables \u00e0 vivre.<\/p>\n\n\n\n<p class=\"wp-block-paragraph\">Contribuez d\u00e8s maintenant en donnant votre avis sur\u00a0<a href=\"https:\/\/openpermits.brussels\/fr\/_13\/PFD\/2002924\" target=\"_blank\" rel=\"noreferrer noopener\">openpermits.brussels\/fr\/_13\/PFD\/2002924<\/a><\/p>\n\n\n\n<p class=\"wp-block-paragraph\">Plus d&rsquo;infos aupr\u00e8s du Service de la r\u00e9novation urbaine &#8211; <a href=\"mailto:lsegura@stgilles.brussels\" target=\"_blank\" rel=\"noreferrer noopener\">Contact : quartiers1060@stgilles.brussels<\/a><\/p>\n\n\n\n<p class=\"wp-block-paragraph\"><\/p>\n","protected":false},"excerpt":{"rendered":"<p>Il reste quelques jours pour donner votre avis sur les futurs am\u00e9nagements de la rue \u00c9mile F\u00e9ron, d\u2019une portion de la rue Joseph Claes et [&hellip;] <span class=\"read-more-link\"><a class=\"read-more\" href=\"https:\/\/maisonecohuis.be\/?p=5106\">Read More<\/a><\/span><\/p>\n","protected":false},"author":1,"featured_media":5107,"comment_status":"closed","ping_status":"open","sticky":false,"template":"","format":"standard","meta":{"om_disable_all_campaigns":false,"_monsterinsights_skip_tracking":false,"_uf_show_specific_survey":0,"_uf_disable_surveys":false,"footnotes":""},"categories":[78],"tags":[],"class_list":["post-5106","post","type-post","status-publish","format-standard","has-post-thumbnail","hentry","category-cloture"],"aioseo_notices":[],"aioseo_head":"\n\t\t<!-- All in One SEO 5.0.1.1 - aioseo.com -->\n\t<meta name=\"description\" content=\"Il reste quelques jours pour donner votre avis sur les futurs am\u00e9nagements de la rue \u00c9mile F\u00e9ron, d\u2019une portion de la rue Joseph Claes et sur les abords des \u00e9coles. Cette enqu\u00eate publique fait partie du projet des \u00ab Rues apais\u00e9es \u00bb et s\u2019inscrit dans le cadre du Contrat de quartier durable Midi, qui vise \u00e0 transformer\" \/>\n\t<meta name=\"robots\" content=\"max-image-preview:large\" \/>\n\t<meta name=\"author\" content=\"MaisonEcoHuis\"\/>\n\t<link rel=\"canonical\" href=\"https:\/\/maisonecohuis.be\/?p=5106\" \/>\n\t<meta name=\"generator\" content=\"All in One SEO (AIOSEO) 5.0.1.1\" \/>\n\t\t<meta property=\"og:locale\" content=\"fr_FR\" \/>\n\t\t<meta property=\"og:site_name\" content=\"MaisonEcoHuis - Guichet citoyen du climat et de la biodiversit\u00e9 - Buurtloket climaat en biodiversiteit\" \/>\n\t\t<meta property=\"og:type\" content=\"article\" \/>\n\t\t<meta property=\"og:title\" content=\"Enqu\u00eate publique \u2013 Projet des rues apais\u00e9es (CQD Midi) \u2013 donnez votre avis jusqu\u2019au 23\/12 - MaisonEcoHuis\" \/>\n\t\t<meta property=\"og:description\" content=\"Il reste quelques jours pour donner votre avis sur les futurs am\u00e9nagements de la rue \u00c9mile F\u00e9ron, d\u2019une portion de la rue Joseph Claes et sur les abords des \u00e9coles. Cette enqu\u00eate publique fait partie du projet des \u00ab Rues apais\u00e9es \u00bb et s\u2019inscrit dans le cadre du Contrat de quartier durable Midi, qui vise \u00e0 transformer\" \/>\n\t\t<meta property=\"og:url\" content=\"https:\/\/maisonecohuis.be\/?p=5106\" \/>\n\t\t<meta property=\"og:image\" content=\"https:\/\/maisonecohuis.be\/wp-content\/uploads\/2018\/04\/MaisonEcoHuis_Horizontal_Pantone.jpg\" \/>\n\t\t<meta property=\"og:image:secure_url\" content=\"https:\/\/maisonecohuis.be\/wp-content\/uploads\/2018\/04\/MaisonEcoHuis_Horizontal_Pantone.jpg\" \/>\n\t\t<meta property=\"og:image:width\" content=\"623\" \/>\n\t\t<meta property=\"og:image:height\" content=\"183\" \/>\n\t\t<meta property=\"article:published_time\" content=\"2025-12-18T16:37:17+00:00\" \/>\n\t\t<meta property=\"article:modified_time\" content=\"2026-01-12T10:38:26+00:00\" \/>\n\t\t<meta name=\"twitter:card\" content=\"summary_large_image\" \/>\n\t\t<meta name=\"twitter:title\" content=\"Enqu\u00eate publique \u2013 Projet des rues apais\u00e9es (CQD Midi) \u2013 donnez votre avis jusqu\u2019au 23\/12 - MaisonEcoHuis\" \/>\n\t\t<meta name=\"twitter:description\" content=\"Il reste quelques jours pour donner votre avis sur les futurs am\u00e9nagements de la rue \u00c9mile F\u00e9ron, d\u2019une portion de la rue Joseph Claes et sur les abords des \u00e9coles. Cette enqu\u00eate publique fait partie du projet des \u00ab Rues apais\u00e9es \u00bb et s\u2019inscrit dans le cadre du Contrat de quartier durable Midi, qui vise \u00e0 transformer\" \/>\n\t\t<meta name=\"twitter:image\" content=\"https:\/\/maisonecohuis.be\/wp-content\/uploads\/2018\/04\/MaisonEcoHuis_Horizontal_Pantone.jpg\" \/>\n\t\t<script type=\"application\/ld+json\" class=\"aioseo-schema\">\n\t\t\t{\"@context\":\"https:\\\/\\\/schema.org\",\"@graph\":[{\"@type\":\"BlogPosting\",\"@id\":\"https:\\\/\\\/maisonecohuis.be\\\/?p=5106#blogposting\",\"name\":\"Enqu\\u00eate publique \\u2013 Projet des rues apais\\u00e9es (CQD Midi) \\u2013 donnez votre avis jusqu\\u2019au 23\\\/12 - MaisonEcoHuis\",\"headline\":\"Enqu\\u00eate publique \\u2013 Projet des rues apais\\u00e9es (CQD Midi) &#8211; donnez votre avis jusqu&rsquo;au 23\\\/12\",\"author\":{\"@id\":\"https:\\\/\\\/maisonecohuis.be\\\/?author=1#author\"},\"publisher\":{\"@id\":\"https:\\\/\\\/maisonecohuis.be\\\/#organization\"},\"image\":{\"@type\":\"ImageObject\",\"url\":\"https:\\\/\\\/maisonecohuis.be\\\/wp-content\\\/uploads\\\/2025\\\/12\\\/CQD-Midi.jpg\",\"width\":629,\"height\":467},\"datePublished\":\"2025-12-18T17:37:17+01:00\",\"dateModified\":\"2026-01-12T11:38:26+01:00\",\"inLanguage\":\"fr-BE\",\"mainEntityOfPage\":{\"@id\":\"https:\\\/\\\/maisonecohuis.be\\\/?p=5106#webpage\"},\"isPartOf\":{\"@id\":\"https:\\\/\\\/maisonecohuis.be\\\/?p=5106#webpage\"},\"articleSection\":\"Cl\\u00f4tur\\u00e9, Fran\\u00e7ais\"},{\"@type\":\"BreadcrumbList\",\"@id\":\"https:\\\/\\\/maisonecohuis.be\\\/?p=5106#breadcrumblist\",\"itemListElement\":[{\"@type\":\"ListItem\",\"@id\":\"https:\\\/\\\/maisonecohuis.be#listItem\",\"position\":1,\"name\":\"Home\",\"item\":\"https:\\\/\\\/maisonecohuis.be\",\"nextItem\":{\"@type\":\"ListItem\",\"@id\":\"https:\\\/\\\/maisonecohuis.be\\\/?cat=78#listItem\",\"name\":\"Cl\\u00f4tur\\u00e9\"}},{\"@type\":\"ListItem\",\"@id\":\"https:\\\/\\\/maisonecohuis.be\\\/?cat=78#listItem\",\"position\":2,\"name\":\"Cl\\u00f4tur\\u00e9\",\"item\":\"https:\\\/\\\/maisonecohuis.be\\\/?cat=78\",\"nextItem\":{\"@type\":\"ListItem\",\"@id\":\"https:\\\/\\\/maisonecohuis.be\\\/?p=5106#listItem\",\"name\":\"Enqu\\u00eate publique \\u2013 Projet des rues apais\\u00e9es (CQD Midi) &#8211; donnez votre avis jusqu&rsquo;au 23\\\/12\"},\"previousItem\":{\"@type\":\"ListItem\",\"@id\":\"https:\\\/\\\/maisonecohuis.be#listItem\",\"name\":\"Home\"}},{\"@type\":\"ListItem\",\"@id\":\"https:\\\/\\\/maisonecohuis.be\\\/?p=5106#listItem\",\"position\":3,\"name\":\"Enqu\\u00eate publique \\u2013 Projet des rues apais\\u00e9es (CQD Midi) &#8211; donnez votre avis jusqu&rsquo;au 23\\\/12\",\"previousItem\":{\"@type\":\"ListItem\",\"@id\":\"https:\\\/\\\/maisonecohuis.be\\\/?cat=78#listItem\",\"name\":\"Cl\\u00f4tur\\u00e9\"}}]},{\"@type\":\"Organization\",\"@id\":\"https:\\\/\\\/maisonecohuis.be\\\/#organization\",\"name\":\"MaisonEcoHuis\",\"description\":\"Guichet citoyen du climat et de la biodiversit\\u00e9 - Buurtloket climaat en biodiversiteit\",\"url\":\"https:\\\/\\\/maisonecohuis.be\\\/\",\"logo\":{\"@type\":\"ImageObject\",\"url\":\"https:\\\/\\\/maisonecohuis.be\\\/wp-content\\\/uploads\\\/2018\\\/04\\\/MaisonEcoHuis_Horizontal_Pantone.jpg\",\"@id\":\"https:\\\/\\\/maisonecohuis.be\\\/?p=5106\\\/#organizationLogo\",\"width\":623,\"height\":183},\"image\":{\"@id\":\"https:\\\/\\\/maisonecohuis.be\\\/?p=5106\\\/#organizationLogo\"}},{\"@type\":\"Person\",\"@id\":\"https:\\\/\\\/maisonecohuis.be\\\/?author=1#author\",\"url\":\"https:\\\/\\\/maisonecohuis.be\\\/?author=1\",\"name\":\"MaisonEcoHuis\",\"image\":{\"@type\":\"ImageObject\",\"@id\":\"https:\\\/\\\/maisonecohuis.be\\\/?p=5106#authorImage\",\"url\":\"https:\\\/\\\/secure.gravatar.com\\\/avatar\\\/1ba84678dc368f1cb1c7792546471868f8e4be393c134f9d5b6eda8cc55a95db?s=96&d=mm&r=g\",\"width\":96,\"height\":96,\"caption\":\"MaisonEcoHuis\"}},{\"@type\":\"WebPage\",\"@id\":\"https:\\\/\\\/maisonecohuis.be\\\/?p=5106#webpage\",\"url\":\"https:\\\/\\\/maisonecohuis.be\\\/?p=5106\",\"name\":\"Enqu\\u00eate publique \\u2013 Projet des rues apais\\u00e9es (CQD Midi) \\u2013 donnez votre avis jusqu\\u2019au 23\\\/12 - MaisonEcoHuis\",\"description\":\"Il reste quelques jours pour donner votre avis sur les futurs am\\u00e9nagements de la rue \\u00c9mile F\\u00e9ron, d\\u2019une portion de la rue Joseph Claes et sur les abords des \\u00e9coles. Cette enqu\\u00eate publique fait partie du projet des \\u00ab Rues apais\\u00e9es \\u00bb et s\\u2019inscrit dans le cadre du Contrat de quartier durable Midi, qui vise \\u00e0 transformer\",\"inLanguage\":\"fr-BE\",\"isPartOf\":{\"@id\":\"https:\\\/\\\/maisonecohuis.be\\\/#website\"},\"breadcrumb\":{\"@id\":\"https:\\\/\\\/maisonecohuis.be\\\/?p=5106#breadcrumblist\"},\"author\":{\"@id\":\"https:\\\/\\\/maisonecohuis.be\\\/?author=1#author\"},\"creator\":{\"@id\":\"https:\\\/\\\/maisonecohuis.be\\\/?author=1#author\"},\"image\":{\"@type\":\"ImageObject\",\"url\":\"https:\\\/\\\/maisonecohuis.be\\\/wp-content\\\/uploads\\\/2025\\\/12\\\/CQD-Midi.jpg\",\"@id\":\"https:\\\/\\\/maisonecohuis.be\\\/?p=5106\\\/#mainImage\",\"width\":629,\"height\":467},\"primaryImageOfPage\":{\"@id\":\"https:\\\/\\\/maisonecohuis.be\\\/?p=5106#mainImage\"},\"datePublished\":\"2025-12-18T17:37:17+01:00\",\"dateModified\":\"2026-01-12T11:38:26+01:00\"},{\"@type\":\"WebSite\",\"@id\":\"https:\\\/\\\/maisonecohuis.be\\\/#website\",\"url\":\"https:\\\/\\\/maisonecohuis.be\\\/\",\"name\":\"MaisonEcoHuis\",\"description\":\"Guichet citoyen du climat et de la biodiversit\\u00e9 - Buurtloket climaat en biodiversiteit\",\"inLanguage\":\"fr-BE\",\"publisher\":{\"@id\":\"https:\\\/\\\/maisonecohuis.be\\\/#organization\"}}]}\n\t\t<\/script>\n\t\t<!-- All in One SEO -->\n\n","aioseo_head_json":{"title":"Enqu\u00eate publique \u2013 Projet des rues apais\u00e9es (CQD Midi) \u2013 donnez votre avis jusqu\u2019au 23\/12 - MaisonEcoHuis","description":"Il reste quelques jours pour donner votre avis sur les futurs am\u00e9nagements de la rue \u00c9mile F\u00e9ron, d\u2019une portion de la rue Joseph Claes et sur les abords des \u00e9coles. Cette enqu\u00eate publique fait partie du projet des \u00ab Rues apais\u00e9es \u00bb et s\u2019inscrit dans le cadre du Contrat de quartier durable Midi, qui vise \u00e0 transformer","canonical_url":"https:\/\/maisonecohuis.be\/?p=5106","robots":"max-image-preview:large","keywords":"","webmasterTools":{"miscellaneous":""},"schema":{"@context":"https:\/\/schema.org","@graph":[{"@type":"BlogPosting","@id":"https:\/\/maisonecohuis.be\/?p=5106#blogposting","name":"Enqu\u00eate publique \u2013 Projet des rues apais\u00e9es (CQD Midi) \u2013 donnez votre avis jusqu\u2019au 23\/12 - MaisonEcoHuis","headline":"Enqu\u00eate publique \u2013 Projet des rues apais\u00e9es (CQD Midi) &#8211; donnez votre avis jusqu&rsquo;au 23\/12","author":{"@id":"https:\/\/maisonecohuis.be\/?author=1#author"},"publisher":{"@id":"https:\/\/maisonecohuis.be\/#organization"},"image":{"@type":"ImageObject","url":"https:\/\/maisonecohuis.be\/wp-content\/uploads\/2025\/12\/CQD-Midi.jpg","width":629,"height":467},"datePublished":"2025-12-18T17:37:17+01:00","dateModified":"2026-01-12T11:38:26+01:00","inLanguage":"fr-BE","mainEntityOfPage":{"@id":"https:\/\/maisonecohuis.be\/?p=5106#webpage"},"isPartOf":{"@id":"https:\/\/maisonecohuis.be\/?p=5106#webpage"},"articleSection":"Cl\u00f4tur\u00e9, Fran\u00e7ais"},{"@type":"BreadcrumbList","@id":"https:\/\/maisonecohuis.be\/?p=5106#breadcrumblist","itemListElement":[{"@type":"ListItem","@id":"https:\/\/maisonecohuis.be#listItem","position":1,"name":"Home","item":"https:\/\/maisonecohuis.be","nextItem":{"@type":"ListItem","@id":"https:\/\/maisonecohuis.be\/?cat=78#listItem","name":"Cl\u00f4tur\u00e9"}},{"@type":"ListItem","@id":"https:\/\/maisonecohuis.be\/?cat=78#listItem","position":2,"name":"Cl\u00f4tur\u00e9","item":"https:\/\/maisonecohuis.be\/?cat=78","nextItem":{"@type":"ListItem","@id":"https:\/\/maisonecohuis.be\/?p=5106#listItem","name":"Enqu\u00eate publique \u2013 Projet des rues apais\u00e9es (CQD Midi) &#8211; donnez votre avis jusqu&rsquo;au 23\/12"},"previousItem":{"@type":"ListItem","@id":"https:\/\/maisonecohuis.be#listItem","name":"Home"}},{"@type":"ListItem","@id":"https:\/\/maisonecohuis.be\/?p=5106#listItem","position":3,"name":"Enqu\u00eate publique \u2013 Projet des rues apais\u00e9es (CQD Midi) &#8211; donnez votre avis jusqu&rsquo;au 23\/12","previousItem":{"@type":"ListItem","@id":"https:\/\/maisonecohuis.be\/?cat=78#listItem","name":"Cl\u00f4tur\u00e9"}}]},{"@type":"Organization","@id":"https:\/\/maisonecohuis.be\/#organization","name":"MaisonEcoHuis","description":"Guichet citoyen du climat et de la biodiversit\u00e9 - Buurtloket climaat en biodiversiteit","url":"https:\/\/maisonecohuis.be\/","logo":{"@type":"ImageObject","url":"https:\/\/maisonecohuis.be\/wp-content\/uploads\/2018\/04\/MaisonEcoHuis_Horizontal_Pantone.jpg","@id":"https:\/\/maisonecohuis.be\/?p=5106\/#organizationLogo","width":623,"height":183},"image":{"@id":"https:\/\/maisonecohuis.be\/?p=5106\/#organizationLogo"}},{"@type":"Person","@id":"https:\/\/maisonecohuis.be\/?author=1#author","url":"https:\/\/maisonecohuis.be\/?author=1","name":"MaisonEcoHuis","image":{"@type":"ImageObject","@id":"https:\/\/maisonecohuis.be\/?p=5106#authorImage","url":"https:\/\/secure.gravatar.com\/avatar\/1ba84678dc368f1cb1c7792546471868f8e4be393c134f9d5b6eda8cc55a95db?s=96&d=mm&r=g","width":96,"height":96,"caption":"MaisonEcoHuis"}},{"@type":"WebPage","@id":"https:\/\/maisonecohuis.be\/?p=5106#webpage","url":"https:\/\/maisonecohuis.be\/?p=5106","name":"Enqu\u00eate publique \u2013 Projet des rues apais\u00e9es (CQD Midi) \u2013 donnez votre avis jusqu\u2019au 23\/12 - MaisonEcoHuis","description":"Il reste quelques jours pour donner votre avis sur les futurs am\u00e9nagements de la rue \u00c9mile F\u00e9ron, d\u2019une portion de la rue Joseph Claes et sur les abords des \u00e9coles. Cette enqu\u00eate publique fait partie du projet des \u00ab Rues apais\u00e9es \u00bb et s\u2019inscrit dans le cadre du Contrat de quartier durable Midi, qui vise \u00e0 transformer","inLanguage":"fr-BE","isPartOf":{"@id":"https:\/\/maisonecohuis.be\/#website"},"breadcrumb":{"@id":"https:\/\/maisonecohuis.be\/?p=5106#breadcrumblist"},"author":{"@id":"https:\/\/maisonecohuis.be\/?author=1#author"},"creator":{"@id":"https:\/\/maisonecohuis.be\/?author=1#author"},"image":{"@type":"ImageObject","url":"https:\/\/maisonecohuis.be\/wp-content\/uploads\/2025\/12\/CQD-Midi.jpg","@id":"https:\/\/maisonecohuis.be\/?p=5106\/#mainImage","width":629,"height":467},"primaryImageOfPage":{"@id":"https:\/\/maisonecohuis.be\/?p=5106#mainImage"},"datePublished":"2025-12-18T17:37:17+01:00","dateModified":"2026-01-12T11:38:26+01:00"},{"@type":"WebSite","@id":"https:\/\/maisonecohuis.be\/#website","url":"https:\/\/maisonecohuis.be\/","name":"MaisonEcoHuis","description":"Guichet citoyen du climat et de la biodiversit\u00e9 - Buurtloket climaat en biodiversiteit","inLanguage":"fr-BE","publisher":{"@id":"https:\/\/maisonecohuis.be\/#organization"}}]},"og:locale":"fr_FR","og:site_name":"MaisonEcoHuis - Guichet citoyen du climat et de la biodiversit\u00e9 - Buurtloket climaat en biodiversiteit","og:type":"article","og:title":"Enqu\u00eate publique \u2013 Projet des rues apais\u00e9es (CQD Midi) \u2013 donnez votre avis jusqu\u2019au 23\/12 - MaisonEcoHuis","og:description":"Il reste quelques jours pour donner votre avis sur les futurs am\u00e9nagements de la rue \u00c9mile F\u00e9ron, d\u2019une portion de la rue Joseph Claes et sur les abords des \u00e9coles. Cette enqu\u00eate publique fait partie du projet des \u00ab Rues apais\u00e9es \u00bb et s\u2019inscrit dans le cadre du Contrat de quartier durable Midi, qui vise \u00e0 transformer","og:url":"https:\/\/maisonecohuis.be\/?p=5106","og:image":"https:\/\/maisonecohuis.be\/wp-content\/uploads\/2018\/04\/MaisonEcoHuis_Horizontal_Pantone.jpg","og:image:secure_url":"https:\/\/maisonecohuis.be\/wp-content\/uploads\/2018\/04\/MaisonEcoHuis_Horizontal_Pantone.jpg","og:image:width":623,"og:image:height":183,"article:published_time":"2025-12-18T16:37:17+00:00","article:modified_time":"2026-01-12T10:38:26+00:00","twitter:card":"summary_large_image","twitter:title":"Enqu\u00eate publique \u2013 Projet des rues apais\u00e9es (CQD Midi) \u2013 donnez votre avis jusqu\u2019au 23\/12 - MaisonEcoHuis","twitter:description":"Il reste quelques jours pour donner votre avis sur les futurs am\u00e9nagements de la rue \u00c9mile F\u00e9ron, d\u2019une portion de la rue Joseph Claes et sur les abords des \u00e9coles. Cette enqu\u00eate publique fait partie du projet des \u00ab Rues apais\u00e9es \u00bb et s\u2019inscrit dans le cadre du Contrat de quartier durable Midi, qui vise \u00e0 transformer","twitter:image":"https:\/\/maisonecohuis.be\/wp-content\/uploads\/2018\/04\/MaisonEcoHuis_Horizontal_Pantone.jpg"},"aioseo_meta_data":{"post_id":"5106","title":null,"description":null,"keywords":[],"keyphrases":{"focus":{"keyphrase":"","score":0,"analysis":{"keyphraseInTitle":{"score":0,"maxScore":9,"error":1}}},"additional":[]},"primary_term":null,"canonical_url":null,"og_title":null,"og_description":null,"og_object_type":"default","og_image_type":"default","og_image_url":null,"og_image_width":null,"og_image_height":null,"og_image_custom_url":null,"og_image_custom_fields":null,"og_video":"","og_custom_url":null,"og_article_section":null,"og_article_tags":[],"twitter_use_og":false,"twitter_card":"default","twitter_image_type":"default","twitter_image_url":null,"twitter_image_custom_url":null,"twitter_image_custom_fields":null,"twitter_title":null,"twitter_description":null,"schema":{"blockGraphs":[],"customGraphs":[],"default":{"data":{"Article":[],"Course":[],"Dataset":[],"FAQPage":[],"Movie":[],"Person":[],"Product":[],"ProductReview":[],"Car":[],"Recipe":[],"Service":[],"SoftwareApplication":[],"WebPage":[]},"graphName":"BlogPosting","isEnabled":true},"graphs":[]},"schema_type":"default","schema_type_options":null,"pillar_content":false,"robots_default":true,"robots_noindex":false,"robots_noarchive":false,"robots_nosnippet":false,"robots_nofollow":false,"robots_noimageindex":false,"robots_noodp":false,"robots_notranslate":false,"robots_max_snippet":"-1","robots_max_videopreview":"-1","robots_max_imagepreview":"large","priority":null,"frequency":"default","local_seo":null,"breadcrumb_settings":null,"limit_modified_date":false,"ai":null,"created":"2025-12-18 16:37:18","updated":"2025-12-18 16:37:18","focus_keyword":null,"additional_keywords":null,"truseo_locale":null,"seo_analyzer_scan_date":null},"aioseo_breadcrumb":"<div class=\"aioseo-breadcrumbs\"><span class=\"aioseo-breadcrumb\">\n\t\t\t<a href=\"https:\/\/maisonecohuis.be\" title=\"Home\">Home<\/a>\n\t\t<\/span><span class=\"aioseo-breadcrumb-separator\">&raquo;<\/span><span class=\"aioseo-breadcrumb\">\n\t\t\t<a href=\"https:\/\/maisonecohuis.be\/?cat=78\" title=\"Cl\u00f4tur\u00e9\">Cl\u00f4tur\u00e9<\/a>\n\t\t<\/span><span class=\"aioseo-breadcrumb-separator\">&raquo;<\/span><span class=\"aioseo-breadcrumb\">\n\t\t\tEnqu\u00eate publique \u2013 Projet des rues apais\u00e9es (CQD Midi) \u2013 donnez votre avis jusqu\u2019au 23\/12\n\t\t<\/span><\/div>","aioseo_breadcrumb_json":[{"label":"Home","link":"https:\/\/maisonecohuis.be"},{"label":"Cl\u00f4tur\u00e9","link":"https:\/\/maisonecohuis.be\/?cat=78"},{"label":"Enqu\u00eate publique \u2013 Projet des rues apais\u00e9es (CQD Midi) &#8211; donnez votre avis jusqu&rsquo;au 23\/12","link":"https:\/\/maisonecohuis.be\/?p=5106"}],"_links":{"self":[{"href":"https:\/\/maisonecohuis.be\/index.php?rest_route=\/wp\/v2\/posts\/5106","targetHints":{"allow":["GET"]}}],"collection":[{"href":"https:\/\/maisonecohuis.be\/index.php?rest_route=\/wp\/v2\/posts"}],"about":[{"href":"https:\/\/maisonecohuis.be\/index.php?rest_route=\/wp\/v2\/types\/post"}],"author":[{"embeddable":true,"href":"https:\/\/maisonecohuis.be\/index.php?rest_route=\/wp\/v2\/users\/1"}],"replies":[{"embeddable":true,"href":"https:\/\/maisonecohuis.be\/index.php?rest_route=%2Fwp%2Fv2%2Fcomments&post=5106"}],"version-history":[{"count":1,"href":"https:\/\/maisonecohuis.be\/index.php?rest_route=\/wp\/v2\/posts\/5106\/revisions"}],"predecessor-version":[{"id":5108,"href":"https:\/\/maisonecohuis.be\/index.php?rest_route=\/wp\/v2\/posts\/5106\/revisions\/5108"}],"wp:featuredmedia":[{"embeddable":true,"href":"https:\/\/maisonecohuis.be\/index.php?rest_route=\/wp\/v2\/media\/5107"}],"wp:attachment":[{"href":"https:\/\/maisonecohuis.be\/index.php?rest_route=%2Fwp%2Fv2%2Fmedia&parent=5106"}],"wp:term":[{"taxonomy":"category","embeddable":true,"href":"https:\/\/maisonecohuis.be\/index.php?rest_route=%2Fwp%2Fv2%2Fcategories&post=5106"},{"taxonomy":"post_tag","embeddable":true,"href":"https:\/\/maisonecohuis.be\/index.php?rest_route=%2Fwp%2Fv2%2Ftags&post=5106"}],"curies":[{"name":"wp","href":"https:\/\/api.w.org\/{rel}","templated":true}]}}