{"id":5041,"date":"2026-04-07T12:02:46","date_gmt":"2026-04-07T10:02:46","guid":{"rendered":"https:\/\/maisonecohuis.be\/?p=5041"},"modified":"2026-04-07T13:41:49","modified_gmt":"2026-04-07T11:41:49","slug":"participez-a-la-fresque-du-climat-a-la-maisonecohuis","status":"publish","type":"post","link":"https:\/\/maisonecohuis.be\/?p=5041","title":{"rendered":"Participez \u00e0 la Fresque du Climat \u00e0 la MaisonEcoHuis  !"},"content":{"rendered":"\n<p class=\"wp-block-paragraph\">La commune de Saint-Gilles relance les animations de la Fresque du Climat pour ses habitants\u00b7es. Rendez-vous \u00e0 la MaisonEcoHuis pour en apprendre plus sur les causes et cons\u00e9quences du changement climatique et les leviers d&rsquo;actions \u00e0 notre port\u00e9e, venez nombreux\u00b7ses !&nbsp;<\/p>\n\n\n\n<div class=\"wp-block-group is-layout-constrained wp-block-group-is-layout-constrained\">\n<p class=\"wp-block-paragraph\"><strong>Prochains ateliers \u00e0 la MaisonEcoHuis <\/strong>:<\/p>\n\n\n\n<ul class=\"wp-block-list has-large-font-size\">\n<li>29\/04\/2026<\/li>\n\n\n\n<li>21\/05\/2026<\/li>\n\n\n\n<li>23\/06\/2026<\/li>\n<\/ul>\n\n\n\n<p class=\"wp-block-paragraph\"><strong>de 18h \u00e0 21h30, avec inscription au lien suivant : <a href=\"https:\/\/fresqueduclimat.org\/inscription-atelier\/grand-public\/\" title=\"\">Fresque du Climat Saint-Gilles<\/a><\/strong><\/p>\n\n\n\n<p class=\"wp-block-paragraph\"><\/p>\n<\/div>\n\n\n\n<p class=\"wp-block-paragraph\">La Fresque du Climat est un atelier ludique, cr\u00e9atif et collaboratif qui permet d\u2019en apprendre beaucoup en tr\u00e8s peu de temps sur le d\u00e9r\u00e8glement climatique. L\u2019atelier dure 3 heures et ne n\u00e9cessite aucune connaissance particuli\u00e8re, juste de la curiosit\u00e9 !<\/p>\n\n\n\n<p class=\"wp-block-paragraph\">Les participant\u00b7e\u00b7s se r\u00e9unissent autour d\u2019une table en \u00e9quipe de 4 \u00e0 7 personnes et (re)d\u00e9couvrent les enjeux du changement climatique \u00e0 travers ses causes et ses cons\u00e9quences.<\/p>\n\n\n\n<p class=\"wp-block-paragraph\">Un \u00e9change est facilit\u00e9 pour d\u00e9briefer, explorer des solutions individuelles et collectives et \u00e9largir la r\u00e9flexion au-del\u00e0 des enjeux climatiques.<\/p>\n\n\n\n<p class=\"wp-block-paragraph\"><\/p>\n","protected":false},"excerpt":{"rendered":"<p>La commune de Saint-Gilles relance les animations de la Fresque du Climat pour ses habitants\u00b7es. Rendez-vous \u00e0 la MaisonEcoHuis pour en apprendre plus sur les [&hellip;] <span class=\"read-more-link\"><a class=\"read-more\" href=\"https:\/\/maisonecohuis.be\/?p=5041\">Read More<\/a><\/span><\/p>\n","protected":false},"author":1,"featured_media":2688,"comment_status":"closed","ping_status":"open","sticky":false,"template":"","format":"standard","meta":{"om_disable_all_campaigns":false,"_monsterinsights_skip_tracking":false,"_uf_show_specific_survey":0,"_uf_disable_surveys":false,"footnotes":""},"categories":[72,12],"tags":[],"class_list":["post-5041","post","type-post","status-publish","format-standard","has-post-thumbnail","hentry","category-a-venir","category-atelier"],"aioseo_notices":[],"aioseo_head":"\n\t\t<!-- All in One SEO 5.0.1.1 - aioseo.com -->\n\t<meta name=\"description\" content=\"La commune de Saint-Gilles relance les animations de la Fresque du Climat pour ses habitants\u00b7es. Rendez-vous \u00e0 la MaisonEcoHuis pour en apprendre plus sur les causes et cons\u00e9quences du changement climatique et les leviers d&#039;actions \u00e0 notre port\u00e9e, venez nombreux\u00b7ses ! Prochains ateliers \u00e0 la MaisonEcoHuis : 29\/04\/2026 21\/05\/2026 23\/06\/2026 de 18h \u00e0 21h30, avec\" \/>\n\t<meta name=\"robots\" content=\"max-image-preview:large\" \/>\n\t<meta name=\"author\" content=\"MaisonEcoHuis\"\/>\n\t<link rel=\"canonical\" href=\"https:\/\/maisonecohuis.be\/?p=5041\" \/>\n\t<meta name=\"generator\" content=\"All in One SEO (AIOSEO) 5.0.1.1\" \/>\n\t\t<meta property=\"og:locale\" content=\"fr_FR\" \/>\n\t\t<meta property=\"og:site_name\" content=\"MaisonEcoHuis - Guichet citoyen du climat et de la biodiversit\u00e9 - Buurtloket climaat en biodiversiteit\" \/>\n\t\t<meta property=\"og:type\" content=\"article\" \/>\n\t\t<meta property=\"og:title\" content=\"Participez \u00e0 la Fresque du Climat \u00e0 la MaisonEcoHuis ! - MaisonEcoHuis\" \/>\n\t\t<meta property=\"og:description\" content=\"La commune de Saint-Gilles relance les animations de la Fresque du Climat pour ses habitants\u00b7es. Rendez-vous \u00e0 la MaisonEcoHuis pour en apprendre plus sur les causes et cons\u00e9quences du changement climatique et les leviers d&#039;actions \u00e0 notre port\u00e9e, venez nombreux\u00b7ses ! Prochains ateliers \u00e0 la MaisonEcoHuis : 29\/04\/2026 21\/05\/2026 23\/06\/2026 de 18h \u00e0 21h30, avec\" \/>\n\t\t<meta property=\"og:url\" content=\"https:\/\/maisonecohuis.be\/?p=5041\" \/>\n\t\t<meta property=\"og:image\" content=\"https:\/\/maisonecohuis.be\/wp-content\/uploads\/2018\/04\/MaisonEcoHuis_Horizontal_Pantone.jpg\" \/>\n\t\t<meta property=\"og:image:secure_url\" content=\"https:\/\/maisonecohuis.be\/wp-content\/uploads\/2018\/04\/MaisonEcoHuis_Horizontal_Pantone.jpg\" \/>\n\t\t<meta property=\"og:image:width\" content=\"623\" \/>\n\t\t<meta property=\"og:image:height\" content=\"183\" \/>\n\t\t<meta property=\"article:published_time\" content=\"2026-04-07T10:02:46+00:00\" \/>\n\t\t<meta property=\"article:modified_time\" content=\"2026-04-07T11:41:49+00:00\" \/>\n\t\t<meta name=\"twitter:card\" content=\"summary_large_image\" \/>\n\t\t<meta name=\"twitter:title\" content=\"Participez \u00e0 la Fresque du Climat \u00e0 la MaisonEcoHuis ! - MaisonEcoHuis\" \/>\n\t\t<meta name=\"twitter:description\" content=\"La commune de Saint-Gilles relance les animations de la Fresque du Climat pour ses habitants\u00b7es. Rendez-vous \u00e0 la MaisonEcoHuis pour en apprendre plus sur les causes et cons\u00e9quences du changement climatique et les leviers d&#039;actions \u00e0 notre port\u00e9e, venez nombreux\u00b7ses ! Prochains ateliers \u00e0 la MaisonEcoHuis : 29\/04\/2026 21\/05\/2026 23\/06\/2026 de 18h \u00e0 21h30, avec\" \/>\n\t\t<meta name=\"twitter:image\" content=\"https:\/\/maisonecohuis.be\/wp-content\/uploads\/2018\/04\/MaisonEcoHuis_Horizontal_Pantone.jpg\" \/>\n\t\t<script type=\"application\/ld+json\" class=\"aioseo-schema\">\n\t\t\t{\"@context\":\"https:\\\/\\\/schema.org\",\"@graph\":[{\"@type\":\"BlogPosting\",\"@id\":\"https:\\\/\\\/maisonecohuis.be\\\/?p=5041#blogposting\",\"name\":\"Participez \\u00e0 la Fresque du Climat \\u00e0 la MaisonEcoHuis ! - MaisonEcoHuis\",\"headline\":\"Participez \\u00e0 la Fresque du Climat \\u00e0 la MaisonEcoHuis  !\",\"author\":{\"@id\":\"https:\\\/\\\/maisonecohuis.be\\\/?author=1#author\"},\"publisher\":{\"@id\":\"https:\\\/\\\/maisonecohuis.be\\\/#organization\"},\"image\":{\"@type\":\"ImageObject\",\"url\":\"https:\\\/\\\/maisonecohuis.be\\\/wp-content\\\/uploads\\\/2022\\\/08\\\/logo-carr\\u00e9-fresque-e1708513196597.png\",\"width\":275,\"height\":274},\"datePublished\":\"2026-04-07T12:02:46+02:00\",\"dateModified\":\"2026-04-07T13:41:49+02:00\",\"inLanguage\":\"fr-BE\",\"mainEntityOfPage\":{\"@id\":\"https:\\\/\\\/maisonecohuis.be\\\/?p=5041#webpage\"},\"isPartOf\":{\"@id\":\"https:\\\/\\\/maisonecohuis.be\\\/?p=5041#webpage\"},\"articleSection\":\"A venir, Atelier, Fran\\u00e7ais\"},{\"@type\":\"BreadcrumbList\",\"@id\":\"https:\\\/\\\/maisonecohuis.be\\\/?p=5041#breadcrumblist\",\"itemListElement\":[{\"@type\":\"ListItem\",\"@id\":\"https:\\\/\\\/maisonecohuis.be#listItem\",\"position\":1,\"name\":\"Home\",\"item\":\"https:\\\/\\\/maisonecohuis.be\",\"nextItem\":{\"@type\":\"ListItem\",\"@id\":\"https:\\\/\\\/maisonecohuis.be\\\/?cat=12#listItem\",\"name\":\"Atelier\"}},{\"@type\":\"ListItem\",\"@id\":\"https:\\\/\\\/maisonecohuis.be\\\/?cat=12#listItem\",\"position\":2,\"name\":\"Atelier\",\"item\":\"https:\\\/\\\/maisonecohuis.be\\\/?cat=12\",\"nextItem\":{\"@type\":\"ListItem\",\"@id\":\"https:\\\/\\\/maisonecohuis.be\\\/?p=5041#listItem\",\"name\":\"Participez \\u00e0 la Fresque du Climat \\u00e0 la MaisonEcoHuis  !\"},\"previousItem\":{\"@type\":\"ListItem\",\"@id\":\"https:\\\/\\\/maisonecohuis.be#listItem\",\"name\":\"Home\"}},{\"@type\":\"ListItem\",\"@id\":\"https:\\\/\\\/maisonecohuis.be\\\/?p=5041#listItem\",\"position\":3,\"name\":\"Participez \\u00e0 la Fresque du Climat \\u00e0 la MaisonEcoHuis  !\",\"previousItem\":{\"@type\":\"ListItem\",\"@id\":\"https:\\\/\\\/maisonecohuis.be\\\/?cat=12#listItem\",\"name\":\"Atelier\"}}]},{\"@type\":\"Organization\",\"@id\":\"https:\\\/\\\/maisonecohuis.be\\\/#organization\",\"name\":\"MaisonEcoHuis\",\"description\":\"Guichet citoyen du climat et de la biodiversit\\u00e9 - Buurtloket climaat en biodiversiteit\",\"url\":\"https:\\\/\\\/maisonecohuis.be\\\/\",\"logo\":{\"@type\":\"ImageObject\",\"url\":\"https:\\\/\\\/maisonecohuis.be\\\/wp-content\\\/uploads\\\/2018\\\/04\\\/MaisonEcoHuis_Horizontal_Pantone.jpg\",\"@id\":\"https:\\\/\\\/maisonecohuis.be\\\/?p=5041\\\/#organizationLogo\",\"width\":623,\"height\":183},\"image\":{\"@id\":\"https:\\\/\\\/maisonecohuis.be\\\/?p=5041\\\/#organizationLogo\"}},{\"@type\":\"Person\",\"@id\":\"https:\\\/\\\/maisonecohuis.be\\\/?author=1#author\",\"url\":\"https:\\\/\\\/maisonecohuis.be\\\/?author=1\",\"name\":\"MaisonEcoHuis\",\"image\":{\"@type\":\"ImageObject\",\"@id\":\"https:\\\/\\\/maisonecohuis.be\\\/?p=5041#authorImage\",\"url\":\"https:\\\/\\\/secure.gravatar.com\\\/avatar\\\/1ba84678dc368f1cb1c7792546471868f8e4be393c134f9d5b6eda8cc55a95db?s=96&d=mm&r=g\",\"width\":96,\"height\":96,\"caption\":\"MaisonEcoHuis\"}},{\"@type\":\"WebPage\",\"@id\":\"https:\\\/\\\/maisonecohuis.be\\\/?p=5041#webpage\",\"url\":\"https:\\\/\\\/maisonecohuis.be\\\/?p=5041\",\"name\":\"Participez \\u00e0 la Fresque du Climat \\u00e0 la MaisonEcoHuis ! - MaisonEcoHuis\",\"description\":\"La commune de Saint-Gilles relance les animations de la Fresque du Climat pour ses habitants\\u00b7es. Rendez-vous \\u00e0 la MaisonEcoHuis pour en apprendre plus sur les causes et cons\\u00e9quences du changement climatique et les leviers d'actions \\u00e0 notre port\\u00e9e, venez nombreux\\u00b7ses ! Prochains ateliers \\u00e0 la MaisonEcoHuis : 29\\\/04\\\/2026 21\\\/05\\\/2026 23\\\/06\\\/2026 de 18h \\u00e0 21h30, avec\",\"inLanguage\":\"fr-BE\",\"isPartOf\":{\"@id\":\"https:\\\/\\\/maisonecohuis.be\\\/#website\"},\"breadcrumb\":{\"@id\":\"https:\\\/\\\/maisonecohuis.be\\\/?p=5041#breadcrumblist\"},\"author\":{\"@id\":\"https:\\\/\\\/maisonecohuis.be\\\/?author=1#author\"},\"creator\":{\"@id\":\"https:\\\/\\\/maisonecohuis.be\\\/?author=1#author\"},\"image\":{\"@type\":\"ImageObject\",\"url\":\"https:\\\/\\\/maisonecohuis.be\\\/wp-content\\\/uploads\\\/2022\\\/08\\\/logo-carr\\u00e9-fresque-e1708513196597.png\",\"@id\":\"https:\\\/\\\/maisonecohuis.be\\\/?p=5041\\\/#mainImage\",\"width\":275,\"height\":274},\"primaryImageOfPage\":{\"@id\":\"https:\\\/\\\/maisonecohuis.be\\\/?p=5041#mainImage\"},\"datePublished\":\"2026-04-07T12:02:46+02:00\",\"dateModified\":\"2026-04-07T13:41:49+02:00\"},{\"@type\":\"WebSite\",\"@id\":\"https:\\\/\\\/maisonecohuis.be\\\/#website\",\"url\":\"https:\\\/\\\/maisonecohuis.be\\\/\",\"name\":\"MaisonEcoHuis\",\"description\":\"Guichet citoyen du climat et de la biodiversit\\u00e9 - Buurtloket climaat en biodiversiteit\",\"inLanguage\":\"fr-BE\",\"publisher\":{\"@id\":\"https:\\\/\\\/maisonecohuis.be\\\/#organization\"}}]}\n\t\t<\/script>\n\t\t<!-- All in One SEO -->\n\n","aioseo_head_json":{"title":"Participez \u00e0 la Fresque du Climat \u00e0 la MaisonEcoHuis ! - MaisonEcoHuis","description":"La commune de Saint-Gilles relance les animations de la Fresque du Climat pour ses habitants\u00b7es. Rendez-vous \u00e0 la MaisonEcoHuis pour en apprendre plus sur les causes et cons\u00e9quences du changement climatique et les leviers d'actions \u00e0 notre port\u00e9e, venez nombreux\u00b7ses ! Prochains ateliers \u00e0 la MaisonEcoHuis : 29\/04\/2026 21\/05\/2026 23\/06\/2026 de 18h \u00e0 21h30, avec","canonical_url":"https:\/\/maisonecohuis.be\/?p=5041","robots":"max-image-preview:large","keywords":"","webmasterTools":{"miscellaneous":""},"schema":{"@context":"https:\/\/schema.org","@graph":[{"@type":"BlogPosting","@id":"https:\/\/maisonecohuis.be\/?p=5041#blogposting","name":"Participez \u00e0 la Fresque du Climat \u00e0 la MaisonEcoHuis ! - MaisonEcoHuis","headline":"Participez \u00e0 la Fresque du Climat \u00e0 la MaisonEcoHuis  !","author":{"@id":"https:\/\/maisonecohuis.be\/?author=1#author"},"publisher":{"@id":"https:\/\/maisonecohuis.be\/#organization"},"image":{"@type":"ImageObject","url":"https:\/\/maisonecohuis.be\/wp-content\/uploads\/2022\/08\/logo-carr\u00e9-fresque-e1708513196597.png","width":275,"height":274},"datePublished":"2026-04-07T12:02:46+02:00","dateModified":"2026-04-07T13:41:49+02:00","inLanguage":"fr-BE","mainEntityOfPage":{"@id":"https:\/\/maisonecohuis.be\/?p=5041#webpage"},"isPartOf":{"@id":"https:\/\/maisonecohuis.be\/?p=5041#webpage"},"articleSection":"A venir, Atelier, Fran\u00e7ais"},{"@type":"BreadcrumbList","@id":"https:\/\/maisonecohuis.be\/?p=5041#breadcrumblist","itemListElement":[{"@type":"ListItem","@id":"https:\/\/maisonecohuis.be#listItem","position":1,"name":"Home","item":"https:\/\/maisonecohuis.be","nextItem":{"@type":"ListItem","@id":"https:\/\/maisonecohuis.be\/?cat=12#listItem","name":"Atelier"}},{"@type":"ListItem","@id":"https:\/\/maisonecohuis.be\/?cat=12#listItem","position":2,"name":"Atelier","item":"https:\/\/maisonecohuis.be\/?cat=12","nextItem":{"@type":"ListItem","@id":"https:\/\/maisonecohuis.be\/?p=5041#listItem","name":"Participez \u00e0 la Fresque du Climat \u00e0 la MaisonEcoHuis  !"},"previousItem":{"@type":"ListItem","@id":"https:\/\/maisonecohuis.be#listItem","name":"Home"}},{"@type":"ListItem","@id":"https:\/\/maisonecohuis.be\/?p=5041#listItem","position":3,"name":"Participez \u00e0 la Fresque du Climat \u00e0 la MaisonEcoHuis  !","previousItem":{"@type":"ListItem","@id":"https:\/\/maisonecohuis.be\/?cat=12#listItem","name":"Atelier"}}]},{"@type":"Organization","@id":"https:\/\/maisonecohuis.be\/#organization","name":"MaisonEcoHuis","description":"Guichet citoyen du climat et de la biodiversit\u00e9 - Buurtloket climaat en biodiversiteit","url":"https:\/\/maisonecohuis.be\/","logo":{"@type":"ImageObject","url":"https:\/\/maisonecohuis.be\/wp-content\/uploads\/2018\/04\/MaisonEcoHuis_Horizontal_Pantone.jpg","@id":"https:\/\/maisonecohuis.be\/?p=5041\/#organizationLogo","width":623,"height":183},"image":{"@id":"https:\/\/maisonecohuis.be\/?p=5041\/#organizationLogo"}},{"@type":"Person","@id":"https:\/\/maisonecohuis.be\/?author=1#author","url":"https:\/\/maisonecohuis.be\/?author=1","name":"MaisonEcoHuis","image":{"@type":"ImageObject","@id":"https:\/\/maisonecohuis.be\/?p=5041#authorImage","url":"https:\/\/secure.gravatar.com\/avatar\/1ba84678dc368f1cb1c7792546471868f8e4be393c134f9d5b6eda8cc55a95db?s=96&d=mm&r=g","width":96,"height":96,"caption":"MaisonEcoHuis"}},{"@type":"WebPage","@id":"https:\/\/maisonecohuis.be\/?p=5041#webpage","url":"https:\/\/maisonecohuis.be\/?p=5041","name":"Participez \u00e0 la Fresque du Climat \u00e0 la MaisonEcoHuis ! - MaisonEcoHuis","description":"La commune de Saint-Gilles relance les animations de la Fresque du Climat pour ses habitants\u00b7es. Rendez-vous \u00e0 la MaisonEcoHuis pour en apprendre plus sur les causes et cons\u00e9quences du changement climatique et les leviers d'actions \u00e0 notre port\u00e9e, venez nombreux\u00b7ses ! Prochains ateliers \u00e0 la MaisonEcoHuis : 29\/04\/2026 21\/05\/2026 23\/06\/2026 de 18h \u00e0 21h30, avec","inLanguage":"fr-BE","isPartOf":{"@id":"https:\/\/maisonecohuis.be\/#website"},"breadcrumb":{"@id":"https:\/\/maisonecohuis.be\/?p=5041#breadcrumblist"},"author":{"@id":"https:\/\/maisonecohuis.be\/?author=1#author"},"creator":{"@id":"https:\/\/maisonecohuis.be\/?author=1#author"},"image":{"@type":"ImageObject","url":"https:\/\/maisonecohuis.be\/wp-content\/uploads\/2022\/08\/logo-carr\u00e9-fresque-e1708513196597.png","@id":"https:\/\/maisonecohuis.be\/?p=5041\/#mainImage","width":275,"height":274},"primaryImageOfPage":{"@id":"https:\/\/maisonecohuis.be\/?p=5041#mainImage"},"datePublished":"2026-04-07T12:02:46+02:00","dateModified":"2026-04-07T13:41:49+02:00"},{"@type":"WebSite","@id":"https:\/\/maisonecohuis.be\/#website","url":"https:\/\/maisonecohuis.be\/","name":"MaisonEcoHuis","description":"Guichet citoyen du climat et de la biodiversit\u00e9 - Buurtloket climaat en biodiversiteit","inLanguage":"fr-BE","publisher":{"@id":"https:\/\/maisonecohuis.be\/#organization"}}]},"og:locale":"fr_FR","og:site_name":"MaisonEcoHuis - Guichet citoyen du climat et de la biodiversit\u00e9 - Buurtloket climaat en biodiversiteit","og:type":"article","og:title":"Participez \u00e0 la Fresque du Climat \u00e0 la MaisonEcoHuis ! - MaisonEcoHuis","og:description":"La commune de Saint-Gilles relance les animations de la Fresque du Climat pour ses habitants\u00b7es. Rendez-vous \u00e0 la MaisonEcoHuis pour en apprendre plus sur les causes et cons\u00e9quences du changement climatique et les leviers d'actions \u00e0 notre port\u00e9e, venez nombreux\u00b7ses ! Prochains ateliers \u00e0 la MaisonEcoHuis : 29\/04\/2026 21\/05\/2026 23\/06\/2026 de 18h \u00e0 21h30, avec","og:url":"https:\/\/maisonecohuis.be\/?p=5041","og:image":"https:\/\/maisonecohuis.be\/wp-content\/uploads\/2018\/04\/MaisonEcoHuis_Horizontal_Pantone.jpg","og:image:secure_url":"https:\/\/maisonecohuis.be\/wp-content\/uploads\/2018\/04\/MaisonEcoHuis_Horizontal_Pantone.jpg","og:image:width":623,"og:image:height":183,"article:published_time":"2026-04-07T10:02:46+00:00","article:modified_time":"2026-04-07T11:41:49+00:00","twitter:card":"summary_large_image","twitter:title":"Participez \u00e0 la Fresque du Climat \u00e0 la MaisonEcoHuis ! - MaisonEcoHuis","twitter:description":"La commune de Saint-Gilles relance les animations de la Fresque du Climat pour ses habitants\u00b7es. Rendez-vous \u00e0 la MaisonEcoHuis pour en apprendre plus sur les causes et cons\u00e9quences du changement climatique et les leviers d'actions \u00e0 notre port\u00e9e, venez nombreux\u00b7ses ! Prochains ateliers \u00e0 la MaisonEcoHuis : 29\/04\/2026 21\/05\/2026 23\/06\/2026 de 18h \u00e0 21h30, avec","twitter:image":"https:\/\/maisonecohuis.be\/wp-content\/uploads\/2018\/04\/MaisonEcoHuis_Horizontal_Pantone.jpg"},"aioseo_meta_data":{"post_id":"5041","title":null,"description":null,"keywords":null,"keyphrases":{"focus":[],"additional":[]},"primary_term":null,"canonical_url":null,"og_title":null,"og_description":null,"og_object_type":"default","og_image_type":"default","og_image_url":null,"og_image_width":null,"og_image_height":null,"og_image_custom_url":null,"og_image_custom_fields":null,"og_video":"","og_custom_url":null,"og_article_section":null,"og_article_tags":null,"twitter_use_og":false,"twitter_card":"default","twitter_image_type":"default","twitter_image_url":null,"twitter_image_custom_url":null,"twitter_image_custom_fields":null,"twitter_title":null,"twitter_description":null,"schema":{"blockGraphs":[],"customGraphs":[],"default":{"data":{"Article":[],"Course":[],"Dataset":[],"FAQPage":[],"Movie":[],"Person":[],"Product":[],"ProductReview":[],"Car":[],"Recipe":[],"Service":[],"SoftwareApplication":[],"WebPage":[]},"graphName":"BlogPosting","isEnabled":true},"graphs":[]},"schema_type":"default","schema_type_options":null,"pillar_content":false,"robots_default":true,"robots_noindex":false,"robots_noarchive":false,"robots_nosnippet":false,"robots_nofollow":false,"robots_noimageindex":false,"robots_noodp":false,"robots_notranslate":false,"robots_max_snippet":"-1","robots_max_videopreview":"-1","robots_max_imagepreview":"large","priority":null,"frequency":"default","local_seo":null,"breadcrumb_settings":null,"limit_modified_date":false,"ai":{"faqs":[],"keyPoints":[],"titles":[],"descriptions":[],"socialPosts":{"email":[],"linkedin":[],"twitter":[],"facebook":[],"instagram":[]}},"created":"2025-11-25 09:21:26","updated":"2026-08-24 08:10:30","focus_keyword":null,"additional_keywords":null,"truseo_locale":null,"seo_analyzer_scan_date":null},"aioseo_breadcrumb":"<div class=\"aioseo-breadcrumbs\"><span class=\"aioseo-breadcrumb\">\n\t\t\t<a href=\"https:\/\/maisonecohuis.be\" title=\"Home\">Home<\/a>\n\t\t<\/span><span class=\"aioseo-breadcrumb-separator\">&raquo;<\/span><span class=\"aioseo-breadcrumb\">\n\t\t\t<a href=\"https:\/\/maisonecohuis.be\/?cat=12\" title=\"Atelier\">Atelier<\/a>\n\t\t<\/span><span class=\"aioseo-breadcrumb-separator\">&raquo;<\/span><span class=\"aioseo-breadcrumb\">\n\t\t\tParticipez \u00e0 la Fresque du Climat \u00e0 la MaisonEcoHuis  !\n\t\t<\/span><\/div>","aioseo_breadcrumb_json":[{"label":"Home","link":"https:\/\/maisonecohuis.be"},{"label":"Atelier","link":"https:\/\/maisonecohuis.be\/?cat=12"},{"label":"Participez \u00e0 la Fresque du Climat \u00e0 la MaisonEcoHuis  !","link":"https:\/\/maisonecohuis.be\/?p=5041"}],"_links":{"self":[{"href":"https:\/\/maisonecohuis.be\/index.php?rest_route=\/wp\/v2\/posts\/5041","targetHints":{"allow":["GET"]}}],"collection":[{"href":"https:\/\/maisonecohuis.be\/index.php?rest_route=\/wp\/v2\/posts"}],"about":[{"href":"https:\/\/maisonecohuis.be\/index.php?rest_route=\/wp\/v2\/types\/post"}],"author":[{"embeddable":true,"href":"https:\/\/maisonecohuis.be\/index.php?rest_route=\/wp\/v2\/users\/1"}],"replies":[{"embeddable":true,"href":"https:\/\/maisonecohuis.be\/index.php?rest_route=%2Fwp%2Fv2%2Fcomments&post=5041"}],"version-history":[{"count":9,"href":"https:\/\/maisonecohuis.be\/index.php?rest_route=\/wp\/v2\/posts\/5041\/revisions"}],"predecessor-version":[{"id":6069,"href":"https:\/\/maisonecohuis.be\/index.php?rest_route=\/wp\/v2\/posts\/5041\/revisions\/6069"}],"wp:featuredmedia":[{"embeddable":true,"href":"https:\/\/maisonecohuis.be\/index.php?rest_route=\/wp\/v2\/media\/2688"}],"wp:attachment":[{"href":"https:\/\/maisonecohuis.be\/index.php?rest_route=%2Fwp%2Fv2%2Fmedia&parent=5041"}],"wp:term":[{"taxonomy":"category","embeddable":true,"href":"https:\/\/maisonecohuis.be\/index.php?rest_route=%2Fwp%2Fv2%2Fcategories&post=5041"},{"taxonomy":"post_tag","embeddable":true,"href":"https:\/\/maisonecohuis.be\/index.php?rest_route=%2Fwp%2Fv2%2Ftags&post=5041"}],"curies":[{"name":"wp","href":"https:\/\/api.w.org\/{rel}","templated":true}]}}