{"id":4972,"date":"2025-09-24T15:22:14","date_gmt":"2025-09-24T13:22:14","guid":{"rendered":"https:\/\/maisonecohuis.be\/?p=4972"},"modified":"2025-11-06T15:46:34","modified_gmt":"2025-11-06T14:46:34","slug":"fast-fashion-ateliers-et-activites-durant-la-semaine-du-commerce-equitable","status":"publish","type":"post","link":"https:\/\/maisonecohuis.be\/?p=4972","title":{"rendered":"Fast-Fashion\u2026 ateliers et activit\u00e9s durant la semaine du commerce \u00e9quitable"},"content":{"rendered":"\n<p>\u00c0 l&rsquo;heure o\u00f9 la mode \u00e9ph\u00e9m\u00e8re inonde nos placards et pollue la plan\u00e8te, la commune de Saint-Gilles prend le contre-pied. Du 1er au 11 octobre prochain, \u00e0 l&rsquo;occasion de la Semaine du commerce \u00e9quitable, elle lance une vaste offensive de sensibilisation pour d\u00e9crypter les impacts de la \u00ab\u00a0fast fashion\u00a0\u00bb.<\/p>\n\n\n\n<p>6\/10 &#8211; 18h\u00a0: Participez \u00e0 une <a href=\"https:\/\/www.lafresquedeleconomiecirculaire.com\/\" target=\"_blank\" rel=\"noopener\" title=\"\">fresque de l\u2019\u00e9conomie circulaire<\/a> (avec ZeroWasteBelgium asbl)<\/p>\n\n\n\n<p>7\/10 &#8211; 18h30\u00a0: Apprenez \u00e0 <a href=\"https:\/\/www.r-use.be\/\" target=\"_blank\" rel=\"noopener\" title=\"\">r\u00e9parer vos v\u00eatements avec R-Use fabrik<\/a><\/p>\n\n\n\n<p>Le 9\/10 &#8211; 19h30 (accueil \u00e0 19h)\u00a0: soir\u00e9e d\u00e9bat\u00a0autour du film <a href=\"https:\/\/eur04.safelinks.protection.outlook.com\/?url=https%3A%2F%2Fwww.france.tv%2Fslash%2Fshein-enquete-sur-le-geant-de-la-fast-fashion%2F&amp;data=05%7C02%7Csamuel.poos%40enabel.be%7C9dc9f60b888049538ff808dde6187e97%7C8552ee092fab421d9ef7664207bcf596%7C0%7C0%7C638919715076077788%7CUnknown%7CTWFpbGZsb3d8eyJFbXB0eU1hcGkiOnRydWUsIlYiOiIwLjAuMDAwMCIsIlAiOiJXaW4zMiIsIkFOIjoiTWFpbCIsIldUIjoyfQ%3D%3D%7C0%7C%7C%7C&amp;sdata=PxkA%2F5ZIYEavTiNCj1ByTm%2FmHyI6kwS%2FdC7wO9ZwQ2I%3D&amp;reserved=0\" target=\"_blank\" rel=\"noopener\" title=\"\">\u00ab Shein \u2013 enqu\u00eate sur le g\u00e9ant de la fast fashion \u00bb<\/a> au <a href=\"https:\/\/www.pianofabriek.be\/\">Pianofabriek<\/a>. \u00a0La projection sera suivie d&rsquo;un \u00e9change avec trois experts du secteur associatif et de l&rsquo;\u00e9conomie sociale, pour lier les enjeux de production \u00e0 ceux, tout aussi cruciaux, de la gestion de nos d\u00e9chets textiles qui s&rsquo;accumulent aux quatre coins du monde.<\/p>\n\n\n\n<p>Les intervenants&nbsp;:<\/p>\n\n\n\n<ul class=\"wp-block-list\">\n<li>Denis Cl\u00e9rin (ou une de ses coll\u00e8gues) de chez <a href=\"https:\/\/eur04.safelinks.protection.outlook.com\/?url=https%3A%2F%2Fwww.achact.be%2F&amp;data=05%7C02%7Csamuel.poos%40enabel.be%7C9dc9f60b888049538ff808dde6187e97%7C8552ee092fab421d9ef7664207bcf596%7C0%7C0%7C638919715076115503%7CUnknown%7CTWFpbGZsb3d8eyJFbXB0eU1hcGkiOnRydWUsIlYiOiIwLjAuMDAwMCIsIlAiOiJXaW4zMiIsIkFOIjoiTWFpbCIsIldUIjoyfQ%3D%3D%7C0%7C%7C%7C&amp;sdata=Bkzl7ZhQd7SnQOnPMYJYcvqikoC9RBZu4yXPBlx5HXw%3D&amp;reserved=0\" target=\"_blank\" rel=\"noopener\" title=\"\">Achact<\/a> parlera du volet confection.<\/li>\n\n\n\n<li>Adeline Vary d\u2019<a href=\"https:\/\/oxfammagasinsdumonde.be\/\" target=\"_blank\" rel=\"noopener\" title=\"\">Oxfam-Magasins du monde<\/a> abordera l\u2019impact de la fast fashion sur les fili\u00e8res de r\u00e9cup\u00e9ration textile de l\u2019\u00e9conomie sociale.<\/li>\n\n\n\n<li>Rosy Sambwa de <a href=\"https:\/\/eur04.safelinks.protection.outlook.com\/?url=https%3A%2F%2Fwww.facebook.com%2Fmaisonkinses%2F&amp;data=05%7C02%7Csamuel.poos%40enabel.be%7C9dc9f60b888049538ff808dde6187e97%7C8552ee092fab421d9ef7664207bcf596%7C0%7C0%7C638919715076136671%7CUnknown%7CTWFpbGZsb3d8eyJFbXB0eU1hcGkiOnRydWUsIlYiOiIwLjAuMDAwMCIsIlAiOiJXaW4zMiIsIkFOIjoiTWFpbCIsIldUIjoyfQ%3D%3D%7C0%7C%7C%7C&amp;sdata=baxKfvEwrEglK5PyCVcalpGWgC1WPGNgDMBNn5%2B6H%2BA%3D&amp;reserved=0\" target=\"_blank\" rel=\"noopener\" title=\"\">RosyVous Conseille<\/a> traitera de la question de l\u2019impact de l\u2019exportation textile de v\u00eatements de mauvaise qualit\u00e9 sur les pays du Sud.<\/li>\n<\/ul>\n\n\n\n<p><br>L\u2019activit\u00e9 est gratuite, mais <strong>l\u2019inscription est obligatoire<\/strong>.<\/p>\n\n\n\n<p>Gr\u00e2ce au soutien de ENaBEL &#8211; Belgique, Partenaire du D\u00e9veloppement<\/p>\n","protected":false},"excerpt":{"rendered":"<p>\u00c0 l&rsquo;heure o\u00f9 la mode \u00e9ph\u00e9m\u00e8re inonde nos placards et pollue la plan\u00e8te, la commune de Saint-Gilles prend le contre-pied. Du 1er au 11 octobre [&hellip;] <span class=\"read-more-link\"><a class=\"read-more\" href=\"https:\/\/maisonecohuis.be\/?p=4972\">Read More<\/a><\/span><\/p>\n","protected":false},"author":1,"featured_media":4973,"comment_status":"closed","ping_status":"open","sticky":false,"template":"","format":"standard","meta":{"om_disable_all_campaigns":false,"_monsterinsights_skip_tracking":false,"_monsterinsights_sitenote_active":false,"_monsterinsights_sitenote_note":"","_monsterinsights_sitenote_category":0,"_uf_show_specific_survey":0,"_uf_disable_surveys":false,"footnotes":""},"categories":[12,78],"tags":[],"class_list":["post-4972","post","type-post","status-publish","format-standard","has-post-thumbnail","hentry","category-atelier","category-cloture"],"aioseo_notices":[],"_links":{"self":[{"href":"https:\/\/maisonecohuis.be\/index.php?rest_route=\/wp\/v2\/posts\/4972","targetHints":{"allow":["GET"]}}],"collection":[{"href":"https:\/\/maisonecohuis.be\/index.php?rest_route=\/wp\/v2\/posts"}],"about":[{"href":"https:\/\/maisonecohuis.be\/index.php?rest_route=\/wp\/v2\/types\/post"}],"author":[{"embeddable":true,"href":"https:\/\/maisonecohuis.be\/index.php?rest_route=\/wp\/v2\/users\/1"}],"replies":[{"embeddable":true,"href":"https:\/\/maisonecohuis.be\/index.php?rest_route=%2Fwp%2Fv2%2Fcomments&post=4972"}],"version-history":[{"count":3,"href":"https:\/\/maisonecohuis.be\/index.php?rest_route=\/wp\/v2\/posts\/4972\/revisions"}],"predecessor-version":[{"id":4980,"href":"https:\/\/maisonecohuis.be\/index.php?rest_route=\/wp\/v2\/posts\/4972\/revisions\/4980"}],"wp:featuredmedia":[{"embeddable":true,"href":"https:\/\/maisonecohuis.be\/index.php?rest_route=\/wp\/v2\/media\/4973"}],"wp:attachment":[{"href":"https:\/\/maisonecohuis.be\/index.php?rest_route=%2Fwp%2Fv2%2Fmedia&parent=4972"}],"wp:term":[{"taxonomy":"category","embeddable":true,"href":"https:\/\/maisonecohuis.be\/index.php?rest_route=%2Fwp%2Fv2%2Fcategories&post=4972"},{"taxonomy":"post_tag","embeddable":true,"href":"https:\/\/maisonecohuis.be\/index.php?rest_route=%2Fwp%2Fv2%2Ftags&post=4972"}],"curies":[{"name":"wp","href":"https:\/\/api.w.org\/{rel}","templated":true}]}}