{"id":4957,"date":"2025-09-24T12:05:24","date_gmt":"2025-09-24T10:05:24","guid":{"rendered":"https:\/\/maisonecohuis.be\/?p=4957"},"modified":"2025-09-24T12:05:24","modified_gmt":"2025-09-24T10:05:24","slug":"frelons-asiatiques","status":"publish","type":"post","link":"https:\/\/maisonecohuis.be\/?p=4957","title":{"rendered":"Frelons asiatiques"},"content":{"rendered":"\n<p>Face \u00e0 l&rsquo;arriv\u00e9e de cette esp\u00e8ce invasive en Belgique, voici quelques informations qui pourraient vous \u00eatre utiles pour les reconna\u00eetre, r\u00e9agir en cas de nid et d\u00e9m\u00ealer le vrai du faux : <\/p>\n\n\n\n<ul class=\"wp-block-list\">\n<li>Une page d\u00e9di\u00e9e et tr\u00e8s compl\u00e8te de Renature sur le frelon asiatique : <a href=\"https:\/\/renature.brussels\/fr\/hotel\/animaux\/vespa-velutina\">Frelon asiatique &#8211; renature.brussels<\/a><\/li>\n<\/ul>\n\n\n\n<ul class=\"wp-block-list\">\n<li>Comment g\u00e9rer cette nouvelle esp\u00e8ce : <a href=\"https:\/\/renature.brussels\/fr\/actions\/ville-saine\/contribuez-a-la-gestion-raisonnee-du-frelon-asiatique\">Contribuez \u00e0 la gestion raisonn\u00e9e du frelon asiatique &#8211; renature.brussels<\/a><\/li>\n<\/ul>\n\n\n\n<ul class=\"wp-block-list\">\n<li>Article de Bruxelles Environnement VRAI\/FAUX sur le frelon asiatique :  <a href=\"https:\/\/environnement.brussels\/blog-citoyen\/sorties-et-actions\/le-frelon-asiatique-departage-le-vrai-du-faux\">Le frelon asiatique\u00a0: on d\u00e9partage le vrai du faux\u00a0! | Blog citoyen &#8211; Bruxelles Environnement<\/a><\/li>\n<\/ul>\n\n\n\n<ul class=\"wp-block-list\">\n<li>La liste des d\u00e9sinsectiseurs en R\u00e9gion Bruxelles Capitale et arbre de d\u00e9cision en cas de nid : <a href=\"https:\/\/renature.brussels\/fr\/desinsectiseurs\">Liste de d\u00e9sinsectiseurs intervenant \u00e0 Bruxelles &#8211; renature.brussels<\/a><\/li>\n<\/ul>\n\n\n\n<figure class=\"wp-block-image size-large is-resized\"><img loading=\"lazy\" decoding=\"async\" width=\"1024\" height=\"512\" src=\"http:\/\/maisonecohuis.be\/wp-content\/uploads\/2025\/09\/reconnaitre-le-frelon-asiatique-1024x512.jpg\" alt=\"\" class=\"wp-image-4925\" style=\"width:840px;height:auto\" srcset=\"https:\/\/maisonecohuis.be\/wp-content\/uploads\/2025\/09\/reconnaitre-le-frelon-asiatique-1024x512.jpg 1024w, https:\/\/maisonecohuis.be\/wp-content\/uploads\/2025\/09\/reconnaitre-le-frelon-asiatique-300x150.jpg 300w, https:\/\/maisonecohuis.be\/wp-content\/uploads\/2025\/09\/reconnaitre-le-frelon-asiatique-768x384.jpg 768w, https:\/\/maisonecohuis.be\/wp-content\/uploads\/2025\/09\/reconnaitre-le-frelon-asiatique.jpg 1191w\" sizes=\"auto, (max-width: 1024px) 100vw, 1024px\" \/><\/figure>\n\n\n\n<p> <\/p>\n\n\n\n<p> <\/p>\n\n\n\n<p> <\/p>\n\n\n\n<p>Cr\u00e9dit photo de couverture : <a href=\"https:\/\/commons.wikimedia.org\/w\/index.php?title=File:Vespa_velutina_side.jpg&amp;oldid=449148638\">https:\/\/commons.wikimedia.org\/w\/index.php?title=File:Vespa_velutina_side.jpg&amp;oldid=449148638<\/a><\/p>\n","protected":false},"excerpt":{"rendered":"<p>Face \u00e0 l&rsquo;arriv\u00e9e de cette esp\u00e8ce invasive en Belgique, voici quelques informations qui pourraient vous \u00eatre utiles pour les reconna\u00eetre, r\u00e9agir en cas de nid [&hellip;] <span class=\"read-more-link\"><a class=\"read-more\" href=\"https:\/\/maisonecohuis.be\/?p=4957\">Read More<\/a><\/span><\/p>\n","protected":false},"author":1,"featured_media":4958,"comment_status":"closed","ping_status":"open","sticky":false,"template":"","format":"standard","meta":{"om_disable_all_campaigns":false,"_monsterinsights_skip_tracking":false,"_monsterinsights_sitenote_active":false,"_monsterinsights_sitenote_note":"","_monsterinsights_sitenote_category":0,"_uf_show_specific_survey":0,"_uf_disable_surveys":false,"footnotes":""},"categories":[279],"tags":[],"class_list":["post-4957","post","type-post","status-publish","format-standard","has-post-thumbnail","hentry","category-information"],"aioseo_notices":[],"_links":{"self":[{"href":"https:\/\/maisonecohuis.be\/index.php?rest_route=\/wp\/v2\/posts\/4957","targetHints":{"allow":["GET"]}}],"collection":[{"href":"https:\/\/maisonecohuis.be\/index.php?rest_route=\/wp\/v2\/posts"}],"about":[{"href":"https:\/\/maisonecohuis.be\/index.php?rest_route=\/wp\/v2\/types\/post"}],"author":[{"embeddable":true,"href":"https:\/\/maisonecohuis.be\/index.php?rest_route=\/wp\/v2\/users\/1"}],"replies":[{"embeddable":true,"href":"https:\/\/maisonecohuis.be\/index.php?rest_route=%2Fwp%2Fv2%2Fcomments&post=4957"}],"version-history":[{"count":8,"href":"https:\/\/maisonecohuis.be\/index.php?rest_route=\/wp\/v2\/posts\/4957\/revisions"}],"predecessor-version":[{"id":4966,"href":"https:\/\/maisonecohuis.be\/index.php?rest_route=\/wp\/v2\/posts\/4957\/revisions\/4966"}],"wp:featuredmedia":[{"embeddable":true,"href":"https:\/\/maisonecohuis.be\/index.php?rest_route=\/wp\/v2\/media\/4958"}],"wp:attachment":[{"href":"https:\/\/maisonecohuis.be\/index.php?rest_route=%2Fwp%2Fv2%2Fmedia&parent=4957"}],"wp:term":[{"taxonomy":"category","embeddable":true,"href":"https:\/\/maisonecohuis.be\/index.php?rest_route=%2Fwp%2Fv2%2Fcategories&post=4957"},{"taxonomy":"post_tag","embeddable":true,"href":"https:\/\/maisonecohuis.be\/index.php?rest_route=%2Fwp%2Fv2%2Ftags&post=4957"}],"curies":[{"name":"wp","href":"https:\/\/api.w.org\/{rel}","templated":true}]}}