{"id":4869,"date":"2025-07-30T14:23:10","date_gmt":"2025-07-30T12:23:10","guid":{"rendered":"https:\/\/maisonecohuis.be\/?p=4869"},"modified":"2025-07-30T14:23:10","modified_gmt":"2025-07-30T12:23:10","slug":"presence-de-la-gale-chez-les-renards","status":"publish","type":"post","link":"https:\/\/maisonecohuis.be\/?p=4869","title":{"rendered":"Pr\u00e9sence de la gale chez les renards"},"content":{"rendered":"\n<p>Au cours des derni\u00e8res semaines, plusieurs pr\u00e9occupations ont \u00e9t\u00e9 exprim\u00e9es, tant par les citoyens que par les communes, notamment au sujet des&nbsp;<strong>cadavres de renards et de la pr\u00e9sence de la gale.<\/strong><\/p>\n\n\n\n<p>Voici un bref aper\u00e7u du probl\u00e8me de la gale chez les renards :<\/p>\n\n\n\n<h3 class=\"wp-block-heading\">Contexte de la gale chez les renards :<\/h3>\n\n\n\n<p>La gale sarcoptique est caus\u00e9e par l&rsquo;acarien\u00a0<em>Sarcoptes scabiei<\/em>, qui creuse des\u00a0galeries microscopiques\u00a0dans la peau des renards, entre autres, provoquant\u00a0<strong>des r\u00e9actions inflammatoires et de fortes d\u00e9mangeaisons<\/strong>. Les acariens se multiplient rapidement, atteignant des nombres \u00e9lev\u00e9s en deux semaines. L&rsquo;acarien peut \u00e9galement infecter\u00a0<strong>occasionnellement les humains<\/strong>, mais l&rsquo;infection est g\u00e9n\u00e9ralement b\u00e9nigne et facile \u00e0 traiter. Elle doit toutefois faire l&rsquo;objet d&rsquo;un suivi approfondi chez les personnes immunod\u00e9prim\u00e9es.\u00a0<strong>Les chiens et les chats<\/strong>\u00a0peuvent \u00e9galement \u00eatre infect\u00e9s, mais ils r\u00e9agissent g\u00e9n\u00e9ralement de mani\u00e8re plus mod\u00e9r\u00e9e et peuvent \u00eatre trait\u00e9s efficacement et prot\u00e9g\u00e9s de mani\u00e8re pr\u00e9ventive avec les produits appropri\u00e9s disponibles chez le v\u00e9t\u00e9rinaire.<\/p>\n\n\n\n<h3 class=\"wp-block-heading\">\u00a0Sympt\u00f4mes chez les renards infect\u00e9s :<\/h3>\n\n\n\n<ul class=\"wp-block-list\">\n<li>La maladie se manifeste sous la forme d&rsquo;une&nbsp;<strong>inflammation cutan\u00e9e grave<\/strong>, provoquant des d\u00e9mangeaisons intenses, un \u00e9paississement de la peau et une perte de poils.<\/li>\n\n\n\n<li>Le syndrome entra\u00eene souvent un&nbsp;<strong>affaiblissement, des changements de comportement<\/strong>, des infections secondaires et&nbsp;<strong>la mort<\/strong>.<\/li>\n\n\n\n<li>Dans une population de renards qui entre en contact pour la premi\u00e8re fois avec le sarcopte,\u00a0<strong>le taux de morbidit\u00e9 et de mortalit\u00e9 est tr\u00e8s \u00e9lev\u00e9<\/strong>.<\/li>\n<\/ul>\n\n\n\n<h3 class=\"wp-block-heading\">Transmission et pr\u00e9vention :<\/h3>\n\n\n\n<p>La gale sarcoptique est une maladie courante chez les renards en Europe et peut \u00eatre\u00a0<strong>end\u00e9mique ou \u00e9pizootique<\/strong>, entra\u00eenant un\u00a0<strong>d\u00e9clin local de la population pouvant atteindre 95 %.<\/strong>\u00a0La transmission se fait principalement par contact direct, mais aussi par l&rsquo;environnement, et d\u00e9pend en grande partie de la densit\u00e9 de la population de renards<strong>. La transmission augmente lorsque la densit\u00e9 est \u00e9lev\u00e9e<\/strong>, mais m\u00eame lorsque la densit\u00e9 est faible, la propagation peut se poursuivre en raison des interactions sociales fr\u00e9quentes. Une premi\u00e8re \u00e9pid\u00e9mie entra\u00eene souvent une \u00e9pizootie grave, mais \u00e0 long terme, la\u00a0<strong>situation se stabilise g\u00e9n\u00e9ralement<\/strong>\u00a0en grandes populations auto-entretenues, avec une transition possible vers\u00a0<strong>un cycle end\u00e9mique.<\/strong><\/p>\n\n\n\n<h3 class=\"wp-block-heading\">Probl\u00e9matique et mesures de gestion possibles :<\/h3>\n\n\n\n<ul class=\"wp-block-list\">\n<li>Comme les renards s&rsquo;approchent davantage des humains apr\u00e8s avoir \u00e9t\u00e9 infect\u00e9s (parce qu&rsquo;ils perdent partiellement leur pelage et recherchent la chaleur), les animaux malades et morts sont beaucoup&nbsp;<strong>plus visibles<\/strong>&nbsp;pour la population. \u00c9tant donn\u00e9 qu&rsquo;il y a une composante \u00e9vidente de bien-\u00eatre animal, la population est tr\u00e8s pr\u00e9occup\u00e9e, tant pour les renards eux-m\u00eames que pour les animaux domestiques et les humains.<\/li>\n\n\n\n<li>La gestion des maladies chez les animaux sauvages peut prendre diff\u00e9rentes formes, mais&nbsp;<strong>la gestion par le biais de la m\u00e9dication des populations de renards sauvages<\/strong>&nbsp;pr\u00e9sentes en forte densit\u00e9 est souvent&nbsp;<strong>impossible&nbsp;<\/strong>dans un contexte urbain, tant sur le plan logistique que pratique.&nbsp;Il est toutefois possible de se concentrer sur&nbsp;<strong>l&rsquo;\u00e9limination des cadavres et des animaux gravement atteints<\/strong>&nbsp;afin de&nbsp;<strong>r\u00e9duire la pression infectieuse<\/strong>. En outre,&nbsp;l\u2019intervention au niveau&nbsp;de l&rsquo;habitat, notamment&nbsp;<strong>la gestion des d\u00e9chets et des d\u00e9tritus<\/strong>, est tr\u00e8s importante pour r\u00e9duire les contacts entre les renards et pour veiller \u00e0 ce que les animaux doivent&nbsp;trouver&nbsp;eux-m\u00eames&nbsp;&nbsp;leur nourriture&nbsp;et aient ainsi une alimentation de meilleure qualit\u00e9, ce qui am\u00e9liore leur sant\u00e9 et leur r\u00e9sistance aux infections.<\/li>\n\n\n\n<li>M\u00eame pour les renards pr\u00e9sentant des l\u00e9sions \u00e9tendues qui sont amen\u00e9s dans\u00a0<strong>un centre d&rsquo;accueil<\/strong>, il n&rsquo;est pas toujours souhaitable de commencer un traitement contre les acariens de la gale, en raison de la dur\u00e9e tr\u00e8s longue du traitement, qui a clairement un effet\u00a0n\u00e9gatif\u00a0sur le bien-\u00eatre des animaux sauvages (long s\u00e9jour en captivit\u00e9).\u00a0<\/li>\n<\/ul>\n\n\n\n<hr class=\"wp-block-separator has-alpha-channel-opacity\"\/>\n\n\n\n<p><a href=\"https:\/\/environnement.brussels\/pro\/news\/2025\/renard-malade-ou-en-detresse-pres-de-chez-vous-que-faire?highlight=renard\" target=\"_blank\" rel=\"noopener\" title=\"\">Renard\u00a0malade ou en d\u00e9tresse pr\u00e8s de chez vous : que faire ?<\/a> Bruxelles Environnement vous informe.<\/p>\n\n\n\n<p><a href=\"https:\/\/protectiondesoiseaux.be\/vous-avez-trouve-un-renard-adulte\/\" target=\"_blank\" rel=\"noopener\" title=\"\">Vous avez trouv\u00e9 un renard adulte, que faire ?<\/a> La LRBPO vous conseille.<\/p>\n","protected":false},"excerpt":{"rendered":"<p>Au cours des derni\u00e8res semaines, plusieurs pr\u00e9occupations ont \u00e9t\u00e9 exprim\u00e9es, tant par les citoyens que par les communes, notamment au sujet des&nbsp;cadavres de renards et [&hellip;] <span class=\"read-more-link\"><a class=\"read-more\" href=\"https:\/\/maisonecohuis.be\/?p=4869\">Read More<\/a><\/span><\/p>\n","protected":false},"author":1,"featured_media":4870,"comment_status":"closed","ping_status":"open","sticky":false,"template":"","format":"standard","meta":{"om_disable_all_campaigns":false,"_monsterinsights_skip_tracking":false,"_monsterinsights_sitenote_active":false,"_monsterinsights_sitenote_note":"","_monsterinsights_sitenote_category":0,"_uf_show_specific_survey":0,"_uf_disable_surveys":false,"footnotes":""},"categories":[134],"tags":[],"class_list":["post-4869","post","type-post","status-publish","format-standard","has-post-thumbnail","hentry","category-info-fr"],"aioseo_notices":[],"_links":{"self":[{"href":"https:\/\/maisonecohuis.be\/index.php?rest_route=\/wp\/v2\/posts\/4869","targetHints":{"allow":["GET"]}}],"collection":[{"href":"https:\/\/maisonecohuis.be\/index.php?rest_route=\/wp\/v2\/posts"}],"about":[{"href":"https:\/\/maisonecohuis.be\/index.php?rest_route=\/wp\/v2\/types\/post"}],"author":[{"embeddable":true,"href":"https:\/\/maisonecohuis.be\/index.php?rest_route=\/wp\/v2\/users\/1"}],"replies":[{"embeddable":true,"href":"https:\/\/maisonecohuis.be\/index.php?rest_route=%2Fwp%2Fv2%2Fcomments&post=4869"}],"version-history":[{"count":1,"href":"https:\/\/maisonecohuis.be\/index.php?rest_route=\/wp\/v2\/posts\/4869\/revisions"}],"predecessor-version":[{"id":4871,"href":"https:\/\/maisonecohuis.be\/index.php?rest_route=\/wp\/v2\/posts\/4869\/revisions\/4871"}],"wp:featuredmedia":[{"embeddable":true,"href":"https:\/\/maisonecohuis.be\/index.php?rest_route=\/wp\/v2\/media\/4870"}],"wp:attachment":[{"href":"https:\/\/maisonecohuis.be\/index.php?rest_route=%2Fwp%2Fv2%2Fmedia&parent=4869"}],"wp:term":[{"taxonomy":"category","embeddable":true,"href":"https:\/\/maisonecohuis.be\/index.php?rest_route=%2Fwp%2Fv2%2Fcategories&post=4869"},{"taxonomy":"post_tag","embeddable":true,"href":"https:\/\/maisonecohuis.be\/index.php?rest_route=%2Fwp%2Fv2%2Ftags&post=4869"}],"curies":[{"name":"wp","href":"https:\/\/api.w.org\/{rel}","templated":true}]}}