{"id":4666,"date":"2025-05-08T14:45:15","date_gmt":"2025-05-08T12:45:15","guid":{"rendered":"https:\/\/maisonecohuis.be\/?p=4666"},"modified":"2025-05-08T14:46:08","modified_gmt":"2025-05-08T12:46:08","slug":"atelier-into-trees","status":"publish","type":"post","link":"https:\/\/maisonecohuis.be\/?p=4666","title":{"rendered":"Atelier Into Trees"},"content":{"rendered":"\n<p>Avec le soutien du projet 1060CultureCultuur, l&rsquo;artiste et designer Anna Luz Pueyo, bas\u00e9e \u00e0 Saint-Gilles, transforme les bois d\u2019\u00e9lagage de la commune en couleurs et mat\u00e9riaux, en collaboration avec les habitant\u00b7e\u00b7s.<\/p>\n\n\n\n<p>Les ateliers Into Trees, organis\u00e9s \u00e0 chaque saison dans un lieu diff\u00e9rent de Saint-Gilles, invitent les participant\u00b7e\u00b7s \u00e0 explorer la transformation de mati\u00e8res organiques locales \u00e0 travers des techniques de teinture v\u00e9g\u00e9tale, de s\u00e9rigraphie et de travail du bois.<\/p>\n\n\n\n<p>\u00c0 partir des \u00e9corces et feuillages issus des \u00e9lagages, les vieux tissus du quartier se parent de nouvelles teintes extraites du paysage urbain, en vue d\u2019une installation dans l\u2019espace public en hiver 2026.<\/p>\n\n\n\n<p><img loading=\"lazy\" decoding=\"async\" height=\"16\" width=\"16\" alt=\"\ud83d\uddd3\ufe0f\" src=\"https:\/\/static.xx.fbcdn.net\/images\/emoji.php\/v9\/t5c\/1\/16\/1f5d3.png\">&nbsp;Les 17 et 18 mai, de 14h \u00e0 17h<br><img loading=\"lazy\" decoding=\"async\" height=\"16\" width=\"16\" alt=\"\ud83d\udccd\" src=\"https:\/\/static.xx.fbcdn.net\/images\/emoji.php\/v9\/t2d\/1\/16\/1f4cd.png\">&nbsp;MaisonEco (33 rue du Fort)<br><img loading=\"lazy\" decoding=\"async\" height=\"16\" width=\"16\" alt=\"\ud83c\udd93\" src=\"https:\/\/static.xx.fbcdn.net\/images\/emoji.php\/v9\/ta3\/1\/16\/1f193.png\">GRATUIT<\/p>\n\n\n\n<p><img loading=\"lazy\" decoding=\"async\" height=\"16\" width=\"16\" alt=\"\ud83c\udfa8\" src=\"https:\/\/static.xx.fbcdn.net\/images\/emoji.php\/v9\/t82\/1\/16\/1f3a8.png\">&nbsp;Envie de participer ?<br>Inscription par e-mail : annaluzpueyo@gmail.com<\/p>\n","protected":false},"excerpt":{"rendered":"<p>Avec le soutien du projet 1060CultureCultuur, l&rsquo;artiste et designer Anna Luz Pueyo, bas\u00e9e \u00e0 Saint-Gilles, transforme les bois d\u2019\u00e9lagage de la commune en couleurs et [&hellip;] <span class=\"read-more-link\"><a class=\"read-more\" href=\"https:\/\/maisonecohuis.be\/?p=4666\">Read More<\/a><\/span><\/p>\n","protected":false},"author":1,"featured_media":4667,"comment_status":"closed","ping_status":"open","sticky":false,"template":"","format":"standard","meta":{"om_disable_all_campaigns":false,"_monsterinsights_skip_tracking":false,"_monsterinsights_sitenote_active":false,"_monsterinsights_sitenote_note":"","_monsterinsights_sitenote_category":0,"_uf_show_specific_survey":0,"_uf_disable_surveys":false,"footnotes":""},"categories":[12],"tags":[],"class_list":["post-4666","post","type-post","status-publish","format-standard","has-post-thumbnail","hentry","category-atelier"],"aioseo_notices":[],"_links":{"self":[{"href":"https:\/\/maisonecohuis.be\/index.php?rest_route=\/wp\/v2\/posts\/4666","targetHints":{"allow":["GET"]}}],"collection":[{"href":"https:\/\/maisonecohuis.be\/index.php?rest_route=\/wp\/v2\/posts"}],"about":[{"href":"https:\/\/maisonecohuis.be\/index.php?rest_route=\/wp\/v2\/types\/post"}],"author":[{"embeddable":true,"href":"https:\/\/maisonecohuis.be\/index.php?rest_route=\/wp\/v2\/users\/1"}],"replies":[{"embeddable":true,"href":"https:\/\/maisonecohuis.be\/index.php?rest_route=%2Fwp%2Fv2%2Fcomments&post=4666"}],"version-history":[{"count":2,"href":"https:\/\/maisonecohuis.be\/index.php?rest_route=\/wp\/v2\/posts\/4666\/revisions"}],"predecessor-version":[{"id":4669,"href":"https:\/\/maisonecohuis.be\/index.php?rest_route=\/wp\/v2\/posts\/4666\/revisions\/4669"}],"wp:featuredmedia":[{"embeddable":true,"href":"https:\/\/maisonecohuis.be\/index.php?rest_route=\/wp\/v2\/media\/4667"}],"wp:attachment":[{"href":"https:\/\/maisonecohuis.be\/index.php?rest_route=%2Fwp%2Fv2%2Fmedia&parent=4666"}],"wp:term":[{"taxonomy":"category","embeddable":true,"href":"https:\/\/maisonecohuis.be\/index.php?rest_route=%2Fwp%2Fv2%2Fcategories&post=4666"},{"taxonomy":"post_tag","embeddable":true,"href":"https:\/\/maisonecohuis.be\/index.php?rest_route=%2Fwp%2Fv2%2Ftags&post=4666"}],"curies":[{"name":"wp","href":"https:\/\/api.w.org\/{rel}","templated":true}]}}