{"id":4624,"date":"2025-04-14T15:14:18","date_gmt":"2025-04-14T13:14:18","guid":{"rendered":"https:\/\/maisonecohuis.be\/?p=4624"},"modified":"2025-04-24T12:58:08","modified_gmt":"2025-04-24T10:58:08","slug":"parcours-cap-sur-lavenir","status":"publish","type":"post","link":"https:\/\/maisonecohuis.be\/?p=4624","title":{"rendered":"Parcours \u00ab\u00a0Cap sur l&rsquo;avenir\u00a0\u00bb"},"content":{"rendered":"\n<p class=\"wp-block-paragraph\">S\u00e9lectionn\u00e9e dans le cadre de notre appel \u00e0 projets 2024, l&rsquo;asbl \u00ab\u00a0D\u00e9c!de\u00a0\u00bb organise le parcours \u00ab\u00a0cap sur l&rsquo;avenir\u00a0\u00bb : <\/p>\n\n\n\n<p class=\"wp-block-paragraph\">\ud83d\ude80 3 JOURS POUR D\u00c9VELOPPER TON PROJET CITOYEN DURABLE \u2013 avec DEC!DE<br>\ud83d\udce2 Flash info 2030 : Saint-Gilles devient la premi\u00e8re commune neutre en carbone en Belgique\u2026 gr\u00e2ce \u00e0 l&rsquo;engagement de ses citoyen\u00b7nes ! Et si tu faisais partie de cette r\u00e9volution?<br>Tu habites \u00e0 Saint-Gilles ?<br>Tu as des id\u00e9es pour transformer ta commune ? \ud83c\udf0d<br>Tu veux passer \u00e0 l\u2019action et cr\u00e9er un projet collaboratif, local, durable et concret ? \ud83e\udd1d<br>\ud83d\udc49 Rejoins-nous pour 3 journ\u00e9es d\u2019ateliers gratuits, anim\u00e9s par l\u2019\u00e9quipe de l\u2019ASBL DECIDE !<br>Tu repartiras avec les outils, les id\u00e9es et l\u2019\u00e9nergie pour lancer ton projet citoyen \ud83d\udca1\ud83d\udd25<br>\ud83d\udccd O\u00f9 ? Village Partenaire \u2013 Rue Fernand Bernier 15, 1060 Bruxelles<br>\ud83d\udcc5 Quand ?<br>\u2022 Samedi 17 mai 2025 (9h45 \u2013 16h)<br>\u2022 Samedi 24 mai 2025 (9h45 \u2013 16h)<br>\u2022 Samedi 7 juin 2025 (9h45 \u2013 16h)<br>\ud83d\udcb8 Combien ? 100% Gratuit (merci \u00e0 la Commune de Saint-Gilles \ud83d\ude4c)<br>\ud83d\udcf2 Inscriptions (obligatoires) : https:\/\/forms.gle\/4enG7aT9CJ6cKXHb7<br>\ud83d\udcec Questions ?<br>contact@decideetvous.com ou jeanne@decideetvous.com<br>\ud83c\udf1f Ne reste pas spectateur\u00b7trice, deviens acteur\u00b7trice du changement \u00e0 Saint-Gilles !<br>\u27a1\ufe0f Places limit\u00e9es, inscris-toi vite !<\/p>\n\n\n\n<p class=\"wp-block-paragraph\"><br><\/p>\n\n\n\n<figure class=\"wp-block-image size-large\"><img loading=\"lazy\" decoding=\"async\" width=\"721\" height=\"1024\" src=\"https:\/\/maisonecohuis.be\/wp-content\/uploads\/2025\/04\/Flyers-CAP-1-721x1024.jpg\" alt=\"\" class=\"wp-image-4627\" srcset=\"https:\/\/maisonecohuis.be\/wp-content\/uploads\/2025\/04\/Flyers-CAP-1-721x1024.jpg 721w, https:\/\/maisonecohuis.be\/wp-content\/uploads\/2025\/04\/Flyers-CAP-1-211x300.jpg 211w, https:\/\/maisonecohuis.be\/wp-content\/uploads\/2025\/04\/Flyers-CAP-1-768x1090.jpg 768w, https:\/\/maisonecohuis.be\/wp-content\/uploads\/2025\/04\/Flyers-CAP-1.jpg 874w\" sizes=\"auto, (max-width: 721px) 100vw, 721px\" \/><\/figure>\n","protected":false},"excerpt":{"rendered":"<p>S\u00e9lectionn\u00e9e dans le cadre de notre appel \u00e0 projets 2024, l&rsquo;asbl \u00ab\u00a0D\u00e9c!de\u00a0\u00bb organise le parcours \u00ab\u00a0cap sur l&rsquo;avenir\u00a0\u00bb : \ud83d\ude80 3 JOURS POUR D\u00c9VELOPPER TON [&hellip;] <span class=\"read-more-link\"><a class=\"read-more\" href=\"https:\/\/maisonecohuis.be\/?p=4624\">Read More<\/a><\/span><\/p>\n","protected":false},"author":1,"featured_media":4625,"comment_status":"closed","ping_status":"open","sticky":false,"template":"","format":"standard","meta":{"om_disable_all_campaigns":false,"_monsterinsights_skip_tracking":false,"_uf_show_specific_survey":0,"_uf_disable_surveys":false,"footnotes":""},"categories":[72,12],"tags":[],"class_list":["post-4624","post","type-post","status-publish","format-standard","has-post-thumbnail","hentry","category-a-venir","category-atelier"],"aioseo_notices":[],"aioseo_head":"\n\t\t<!-- All in One SEO 5.0.1.1 - aioseo.com -->\n\t<meta name=\"description\" content=\"S\u00e9lectionn\u00e9e dans le cadre de notre appel \u00e0 projets 2024, l&#039;asbl &quot;D\u00e9c!de&quot; organise le parcours &quot;cap sur l&#039;avenir&quot; : \ud83d\ude80 3 JOURS POUR D\u00c9VELOPPER TON PROJET CITOYEN DURABLE \u2013 avec DEC!DE\ud83d\udce2 Flash info 2030 : Saint-Gilles devient la premi\u00e8re commune neutre en carbone en Belgique\u2026 gr\u00e2ce \u00e0 l&#039;engagement de ses citoyen\u00b7nes ! Et si tu\" \/>\n\t<meta name=\"robots\" content=\"max-image-preview:large\" \/>\n\t<meta name=\"author\" content=\"MaisonEcoHuis\"\/>\n\t<link rel=\"canonical\" href=\"https:\/\/maisonecohuis.be\/?p=4624\" \/>\n\t<meta name=\"generator\" content=\"All in One SEO (AIOSEO) 5.0.1.1\" \/>\n\t\t<meta property=\"og:locale\" content=\"fr_FR\" \/>\n\t\t<meta property=\"og:site_name\" content=\"MaisonEcoHuis - Guichet citoyen du climat et de la biodiversit\u00e9 - Buurtloket climaat en biodiversiteit\" \/>\n\t\t<meta property=\"og:type\" content=\"article\" \/>\n\t\t<meta property=\"og:title\" content=\"Parcours \u00ab Cap sur l\u2019avenir \u00bb - MaisonEcoHuis\" \/>\n\t\t<meta property=\"og:description\" content=\"S\u00e9lectionn\u00e9e dans le cadre de notre appel \u00e0 projets 2024, l&#039;asbl &quot;D\u00e9c!de&quot; organise le parcours &quot;cap sur l&#039;avenir&quot; : \ud83d\ude80 3 JOURS POUR D\u00c9VELOPPER TON PROJET CITOYEN DURABLE \u2013 avec DEC!DE\ud83d\udce2 Flash info 2030 : Saint-Gilles devient la premi\u00e8re commune neutre en carbone en Belgique\u2026 gr\u00e2ce \u00e0 l&#039;engagement de ses citoyen\u00b7nes ! Et si tu\" \/>\n\t\t<meta property=\"og:url\" content=\"https:\/\/maisonecohuis.be\/?p=4624\" \/>\n\t\t<meta property=\"og:image\" content=\"https:\/\/maisonecohuis.be\/wp-content\/uploads\/2018\/04\/MaisonEcoHuis_Horizontal_Pantone.jpg\" \/>\n\t\t<meta property=\"og:image:secure_url\" content=\"https:\/\/maisonecohuis.be\/wp-content\/uploads\/2018\/04\/MaisonEcoHuis_Horizontal_Pantone.jpg\" \/>\n\t\t<meta property=\"og:image:width\" content=\"623\" \/>\n\t\t<meta property=\"og:image:height\" content=\"183\" \/>\n\t\t<meta property=\"article:published_time\" content=\"2025-04-14T13:14:18+00:00\" \/>\n\t\t<meta property=\"article:modified_time\" content=\"2025-04-24T10:58:08+00:00\" \/>\n\t\t<meta name=\"twitter:card\" content=\"summary_large_image\" \/>\n\t\t<meta name=\"twitter:title\" content=\"Parcours \u00ab Cap sur l\u2019avenir \u00bb - MaisonEcoHuis\" \/>\n\t\t<meta name=\"twitter:description\" content=\"S\u00e9lectionn\u00e9e dans le cadre de notre appel \u00e0 projets 2024, l&#039;asbl &quot;D\u00e9c!de&quot; organise le parcours &quot;cap sur l&#039;avenir&quot; : \ud83d\ude80 3 JOURS POUR D\u00c9VELOPPER TON PROJET CITOYEN DURABLE \u2013 avec DEC!DE\ud83d\udce2 Flash info 2030 : Saint-Gilles devient la premi\u00e8re commune neutre en carbone en Belgique\u2026 gr\u00e2ce \u00e0 l&#039;engagement de ses citoyen\u00b7nes ! Et si tu\" \/>\n\t\t<meta name=\"twitter:image\" content=\"https:\/\/maisonecohuis.be\/wp-content\/uploads\/2018\/04\/MaisonEcoHuis_Horizontal_Pantone.jpg\" \/>\n\t\t<script type=\"application\/ld+json\" class=\"aioseo-schema\">\n\t\t\t{\"@context\":\"https:\\\/\\\/schema.org\",\"@graph\":[{\"@type\":\"BlogPosting\",\"@id\":\"https:\\\/\\\/maisonecohuis.be\\\/?p=4624#blogposting\",\"name\":\"Parcours \\u00ab Cap sur l\\u2019avenir \\u00bb - MaisonEcoHuis\",\"headline\":\"Parcours \\u00ab\\u00a0Cap sur l&rsquo;avenir\\u00a0\\u00bb\",\"author\":{\"@id\":\"https:\\\/\\\/maisonecohuis.be\\\/?author=1#author\"},\"publisher\":{\"@id\":\"https:\\\/\\\/maisonecohuis.be\\\/#organization\"},\"image\":{\"@type\":\"ImageObject\",\"url\":\"https:\\\/\\\/maisonecohuis.be\\\/wp-content\\\/uploads\\\/2025\\\/04\\\/Flyers-CAP.jpg\",\"width\":874,\"height\":1241},\"datePublished\":\"2025-04-14T15:14:18+02:00\",\"dateModified\":\"2025-04-24T12:58:08+02:00\",\"inLanguage\":\"fr-BE\",\"mainEntityOfPage\":{\"@id\":\"https:\\\/\\\/maisonecohuis.be\\\/?p=4624#webpage\"},\"isPartOf\":{\"@id\":\"https:\\\/\\\/maisonecohuis.be\\\/?p=4624#webpage\"},\"articleSection\":\"A venir, Atelier, Fran\\u00e7ais\"},{\"@type\":\"BreadcrumbList\",\"@id\":\"https:\\\/\\\/maisonecohuis.be\\\/?p=4624#breadcrumblist\",\"itemListElement\":[{\"@type\":\"ListItem\",\"@id\":\"https:\\\/\\\/maisonecohuis.be#listItem\",\"position\":1,\"name\":\"Home\",\"item\":\"https:\\\/\\\/maisonecohuis.be\",\"nextItem\":{\"@type\":\"ListItem\",\"@id\":\"https:\\\/\\\/maisonecohuis.be\\\/?cat=12#listItem\",\"name\":\"Atelier\"}},{\"@type\":\"ListItem\",\"@id\":\"https:\\\/\\\/maisonecohuis.be\\\/?cat=12#listItem\",\"position\":2,\"name\":\"Atelier\",\"item\":\"https:\\\/\\\/maisonecohuis.be\\\/?cat=12\",\"nextItem\":{\"@type\":\"ListItem\",\"@id\":\"https:\\\/\\\/maisonecohuis.be\\\/?p=4624#listItem\",\"name\":\"Parcours \\u00ab\\u00a0Cap sur l&rsquo;avenir\\u00a0\\u00bb\"},\"previousItem\":{\"@type\":\"ListItem\",\"@id\":\"https:\\\/\\\/maisonecohuis.be#listItem\",\"name\":\"Home\"}},{\"@type\":\"ListItem\",\"@id\":\"https:\\\/\\\/maisonecohuis.be\\\/?p=4624#listItem\",\"position\":3,\"name\":\"Parcours \\u00ab\\u00a0Cap sur l&rsquo;avenir\\u00a0\\u00bb\",\"previousItem\":{\"@type\":\"ListItem\",\"@id\":\"https:\\\/\\\/maisonecohuis.be\\\/?cat=12#listItem\",\"name\":\"Atelier\"}}]},{\"@type\":\"Organization\",\"@id\":\"https:\\\/\\\/maisonecohuis.be\\\/#organization\",\"name\":\"MaisonEcoHuis\",\"description\":\"Guichet citoyen du climat et de la biodiversit\\u00e9 - Buurtloket climaat en biodiversiteit\",\"url\":\"https:\\\/\\\/maisonecohuis.be\\\/\",\"logo\":{\"@type\":\"ImageObject\",\"url\":\"https:\\\/\\\/maisonecohuis.be\\\/wp-content\\\/uploads\\\/2018\\\/04\\\/MaisonEcoHuis_Horizontal_Pantone.jpg\",\"@id\":\"https:\\\/\\\/maisonecohuis.be\\\/?p=4624\\\/#organizationLogo\",\"width\":623,\"height\":183},\"image\":{\"@id\":\"https:\\\/\\\/maisonecohuis.be\\\/?p=4624\\\/#organizationLogo\"}},{\"@type\":\"Person\",\"@id\":\"https:\\\/\\\/maisonecohuis.be\\\/?author=1#author\",\"url\":\"https:\\\/\\\/maisonecohuis.be\\\/?author=1\",\"name\":\"MaisonEcoHuis\",\"image\":{\"@type\":\"ImageObject\",\"@id\":\"https:\\\/\\\/maisonecohuis.be\\\/?p=4624#authorImage\",\"url\":\"https:\\\/\\\/secure.gravatar.com\\\/avatar\\\/1ba84678dc368f1cb1c7792546471868f8e4be393c134f9d5b6eda8cc55a95db?s=96&d=mm&r=g\",\"width\":96,\"height\":96,\"caption\":\"MaisonEcoHuis\"}},{\"@type\":\"WebPage\",\"@id\":\"https:\\\/\\\/maisonecohuis.be\\\/?p=4624#webpage\",\"url\":\"https:\\\/\\\/maisonecohuis.be\\\/?p=4624\",\"name\":\"Parcours \\u00ab Cap sur l\\u2019avenir \\u00bb - MaisonEcoHuis\",\"description\":\"S\\u00e9lectionn\\u00e9e dans le cadre de notre appel \\u00e0 projets 2024, l'asbl \\\"D\\u00e9c!de\\\" organise le parcours \\\"cap sur l'avenir\\\" : \\ud83d\\ude80 3 JOURS POUR D\\u00c9VELOPPER TON PROJET CITOYEN DURABLE \\u2013 avec DEC!DE\\ud83d\\udce2 Flash info 2030 : Saint-Gilles devient la premi\\u00e8re commune neutre en carbone en Belgique\\u2026 gr\\u00e2ce \\u00e0 l'engagement de ses citoyen\\u00b7nes ! Et si tu\",\"inLanguage\":\"fr-BE\",\"isPartOf\":{\"@id\":\"https:\\\/\\\/maisonecohuis.be\\\/#website\"},\"breadcrumb\":{\"@id\":\"https:\\\/\\\/maisonecohuis.be\\\/?p=4624#breadcrumblist\"},\"author\":{\"@id\":\"https:\\\/\\\/maisonecohuis.be\\\/?author=1#author\"},\"creator\":{\"@id\":\"https:\\\/\\\/maisonecohuis.be\\\/?author=1#author\"},\"image\":{\"@type\":\"ImageObject\",\"url\":\"https:\\\/\\\/maisonecohuis.be\\\/wp-content\\\/uploads\\\/2025\\\/04\\\/Flyers-CAP.jpg\",\"@id\":\"https:\\\/\\\/maisonecohuis.be\\\/?p=4624\\\/#mainImage\",\"width\":874,\"height\":1241},\"primaryImageOfPage\":{\"@id\":\"https:\\\/\\\/maisonecohuis.be\\\/?p=4624#mainImage\"},\"datePublished\":\"2025-04-14T15:14:18+02:00\",\"dateModified\":\"2025-04-24T12:58:08+02:00\"},{\"@type\":\"WebSite\",\"@id\":\"https:\\\/\\\/maisonecohuis.be\\\/#website\",\"url\":\"https:\\\/\\\/maisonecohuis.be\\\/\",\"name\":\"MaisonEcoHuis\",\"description\":\"Guichet citoyen du climat et de la biodiversit\\u00e9 - Buurtloket climaat en biodiversiteit\",\"inLanguage\":\"fr-BE\",\"publisher\":{\"@id\":\"https:\\\/\\\/maisonecohuis.be\\\/#organization\"}}]}\n\t\t<\/script>\n\t\t<!-- All in One SEO -->\n\n","aioseo_head_json":{"title":"Parcours \u00ab Cap sur l\u2019avenir \u00bb - MaisonEcoHuis","description":"S\u00e9lectionn\u00e9e dans le cadre de notre appel \u00e0 projets 2024, l'asbl \"D\u00e9c!de\" organise le parcours \"cap sur l'avenir\" : \ud83d\ude80 3 JOURS POUR D\u00c9VELOPPER TON PROJET CITOYEN DURABLE \u2013 avec DEC!DE\ud83d\udce2 Flash info 2030 : Saint-Gilles devient la premi\u00e8re commune neutre en carbone en Belgique\u2026 gr\u00e2ce \u00e0 l'engagement de ses citoyen\u00b7nes ! Et si tu","canonical_url":"https:\/\/maisonecohuis.be\/?p=4624","robots":"max-image-preview:large","keywords":"","webmasterTools":{"miscellaneous":""},"schema":{"@context":"https:\/\/schema.org","@graph":[{"@type":"BlogPosting","@id":"https:\/\/maisonecohuis.be\/?p=4624#blogposting","name":"Parcours \u00ab Cap sur l\u2019avenir \u00bb - MaisonEcoHuis","headline":"Parcours \u00ab\u00a0Cap sur l&rsquo;avenir\u00a0\u00bb","author":{"@id":"https:\/\/maisonecohuis.be\/?author=1#author"},"publisher":{"@id":"https:\/\/maisonecohuis.be\/#organization"},"image":{"@type":"ImageObject","url":"https:\/\/maisonecohuis.be\/wp-content\/uploads\/2025\/04\/Flyers-CAP.jpg","width":874,"height":1241},"datePublished":"2025-04-14T15:14:18+02:00","dateModified":"2025-04-24T12:58:08+02:00","inLanguage":"fr-BE","mainEntityOfPage":{"@id":"https:\/\/maisonecohuis.be\/?p=4624#webpage"},"isPartOf":{"@id":"https:\/\/maisonecohuis.be\/?p=4624#webpage"},"articleSection":"A venir, Atelier, Fran\u00e7ais"},{"@type":"BreadcrumbList","@id":"https:\/\/maisonecohuis.be\/?p=4624#breadcrumblist","itemListElement":[{"@type":"ListItem","@id":"https:\/\/maisonecohuis.be#listItem","position":1,"name":"Home","item":"https:\/\/maisonecohuis.be","nextItem":{"@type":"ListItem","@id":"https:\/\/maisonecohuis.be\/?cat=12#listItem","name":"Atelier"}},{"@type":"ListItem","@id":"https:\/\/maisonecohuis.be\/?cat=12#listItem","position":2,"name":"Atelier","item":"https:\/\/maisonecohuis.be\/?cat=12","nextItem":{"@type":"ListItem","@id":"https:\/\/maisonecohuis.be\/?p=4624#listItem","name":"Parcours \u00ab\u00a0Cap sur l&rsquo;avenir\u00a0\u00bb"},"previousItem":{"@type":"ListItem","@id":"https:\/\/maisonecohuis.be#listItem","name":"Home"}},{"@type":"ListItem","@id":"https:\/\/maisonecohuis.be\/?p=4624#listItem","position":3,"name":"Parcours \u00ab\u00a0Cap sur l&rsquo;avenir\u00a0\u00bb","previousItem":{"@type":"ListItem","@id":"https:\/\/maisonecohuis.be\/?cat=12#listItem","name":"Atelier"}}]},{"@type":"Organization","@id":"https:\/\/maisonecohuis.be\/#organization","name":"MaisonEcoHuis","description":"Guichet citoyen du climat et de la biodiversit\u00e9 - Buurtloket climaat en biodiversiteit","url":"https:\/\/maisonecohuis.be\/","logo":{"@type":"ImageObject","url":"https:\/\/maisonecohuis.be\/wp-content\/uploads\/2018\/04\/MaisonEcoHuis_Horizontal_Pantone.jpg","@id":"https:\/\/maisonecohuis.be\/?p=4624\/#organizationLogo","width":623,"height":183},"image":{"@id":"https:\/\/maisonecohuis.be\/?p=4624\/#organizationLogo"}},{"@type":"Person","@id":"https:\/\/maisonecohuis.be\/?author=1#author","url":"https:\/\/maisonecohuis.be\/?author=1","name":"MaisonEcoHuis","image":{"@type":"ImageObject","@id":"https:\/\/maisonecohuis.be\/?p=4624#authorImage","url":"https:\/\/secure.gravatar.com\/avatar\/1ba84678dc368f1cb1c7792546471868f8e4be393c134f9d5b6eda8cc55a95db?s=96&d=mm&r=g","width":96,"height":96,"caption":"MaisonEcoHuis"}},{"@type":"WebPage","@id":"https:\/\/maisonecohuis.be\/?p=4624#webpage","url":"https:\/\/maisonecohuis.be\/?p=4624","name":"Parcours \u00ab Cap sur l\u2019avenir \u00bb - MaisonEcoHuis","description":"S\u00e9lectionn\u00e9e dans le cadre de notre appel \u00e0 projets 2024, l'asbl \"D\u00e9c!de\" organise le parcours \"cap sur l'avenir\" : \ud83d\ude80 3 JOURS POUR D\u00c9VELOPPER TON PROJET CITOYEN DURABLE \u2013 avec DEC!DE\ud83d\udce2 Flash info 2030 : Saint-Gilles devient la premi\u00e8re commune neutre en carbone en Belgique\u2026 gr\u00e2ce \u00e0 l'engagement de ses citoyen\u00b7nes ! Et si tu","inLanguage":"fr-BE","isPartOf":{"@id":"https:\/\/maisonecohuis.be\/#website"},"breadcrumb":{"@id":"https:\/\/maisonecohuis.be\/?p=4624#breadcrumblist"},"author":{"@id":"https:\/\/maisonecohuis.be\/?author=1#author"},"creator":{"@id":"https:\/\/maisonecohuis.be\/?author=1#author"},"image":{"@type":"ImageObject","url":"https:\/\/maisonecohuis.be\/wp-content\/uploads\/2025\/04\/Flyers-CAP.jpg","@id":"https:\/\/maisonecohuis.be\/?p=4624\/#mainImage","width":874,"height":1241},"primaryImageOfPage":{"@id":"https:\/\/maisonecohuis.be\/?p=4624#mainImage"},"datePublished":"2025-04-14T15:14:18+02:00","dateModified":"2025-04-24T12:58:08+02:00"},{"@type":"WebSite","@id":"https:\/\/maisonecohuis.be\/#website","url":"https:\/\/maisonecohuis.be\/","name":"MaisonEcoHuis","description":"Guichet citoyen du climat et de la biodiversit\u00e9 - Buurtloket climaat en biodiversiteit","inLanguage":"fr-BE","publisher":{"@id":"https:\/\/maisonecohuis.be\/#organization"}}]},"og:locale":"fr_FR","og:site_name":"MaisonEcoHuis - Guichet citoyen du climat et de la biodiversit\u00e9 - Buurtloket climaat en biodiversiteit","og:type":"article","og:title":"Parcours \u00ab Cap sur l\u2019avenir \u00bb - MaisonEcoHuis","og:description":"S\u00e9lectionn\u00e9e dans le cadre de notre appel \u00e0 projets 2024, l'asbl &quot;D\u00e9c!de&quot; organise le parcours &quot;cap sur l'avenir&quot; : \ud83d\ude80 3 JOURS POUR D\u00c9VELOPPER TON PROJET CITOYEN DURABLE \u2013 avec DEC!DE\ud83d\udce2 Flash info 2030 : Saint-Gilles devient la premi\u00e8re commune neutre en carbone en Belgique\u2026 gr\u00e2ce \u00e0 l'engagement de ses citoyen\u00b7nes ! Et si tu","og:url":"https:\/\/maisonecohuis.be\/?p=4624","og:image":"https:\/\/maisonecohuis.be\/wp-content\/uploads\/2018\/04\/MaisonEcoHuis_Horizontal_Pantone.jpg","og:image:secure_url":"https:\/\/maisonecohuis.be\/wp-content\/uploads\/2018\/04\/MaisonEcoHuis_Horizontal_Pantone.jpg","og:image:width":623,"og:image:height":183,"article:published_time":"2025-04-14T13:14:18+00:00","article:modified_time":"2025-04-24T10:58:08+00:00","twitter:card":"summary_large_image","twitter:title":"Parcours \u00ab Cap sur l\u2019avenir \u00bb - MaisonEcoHuis","twitter:description":"S\u00e9lectionn\u00e9e dans le cadre de notre appel \u00e0 projets 2024, l'asbl &quot;D\u00e9c!de&quot; organise le parcours &quot;cap sur l'avenir&quot; : \ud83d\ude80 3 JOURS POUR D\u00c9VELOPPER TON PROJET CITOYEN DURABLE \u2013 avec DEC!DE\ud83d\udce2 Flash info 2030 : Saint-Gilles devient la premi\u00e8re commune neutre en carbone en Belgique\u2026 gr\u00e2ce \u00e0 l'engagement de ses citoyen\u00b7nes ! Et si tu","twitter:image":"https:\/\/maisonecohuis.be\/wp-content\/uploads\/2018\/04\/MaisonEcoHuis_Horizontal_Pantone.jpg"},"aioseo_meta_data":{"post_id":"4624","title":null,"description":null,"keywords":[],"keyphrases":{"focus":{"keyphrase":"","score":0,"analysis":{"keyphraseInTitle":{"score":0,"maxScore":9,"error":1}}},"additional":[]},"primary_term":null,"canonical_url":null,"og_title":null,"og_description":null,"og_object_type":"default","og_image_type":"default","og_image_url":null,"og_image_width":null,"og_image_height":null,"og_image_custom_url":null,"og_image_custom_fields":null,"og_video":"","og_custom_url":null,"og_article_section":null,"og_article_tags":[],"twitter_use_og":false,"twitter_card":"default","twitter_image_type":"default","twitter_image_url":null,"twitter_image_custom_url":null,"twitter_image_custom_fields":null,"twitter_title":null,"twitter_description":null,"schema":{"blockGraphs":[],"customGraphs":[],"default":{"data":{"Article":[],"Course":[],"Dataset":[],"FAQPage":[],"Movie":[],"Person":[],"Product":[],"ProductReview":[],"Car":[],"Recipe":[],"Service":[],"SoftwareApplication":[],"WebPage":[]},"graphName":"BlogPosting","isEnabled":true},"graphs":[]},"schema_type":"default","schema_type_options":null,"pillar_content":false,"robots_default":true,"robots_noindex":false,"robots_noarchive":false,"robots_nosnippet":false,"robots_nofollow":false,"robots_noimageindex":false,"robots_noodp":false,"robots_notranslate":false,"robots_max_snippet":"-1","robots_max_videopreview":"-1","robots_max_imagepreview":"large","priority":null,"frequency":"default","local_seo":null,"breadcrumb_settings":null,"limit_modified_date":false,"ai":null,"created":"2025-04-14 13:13:32","updated":"2025-04-24 10:58:08","focus_keyword":null,"additional_keywords":null,"truseo_locale":null,"seo_analyzer_scan_date":null},"aioseo_breadcrumb":"<div class=\"aioseo-breadcrumbs\"><span class=\"aioseo-breadcrumb\">\n\t\t\t<a href=\"https:\/\/maisonecohuis.be\" title=\"Home\">Home<\/a>\n\t\t<\/span><span class=\"aioseo-breadcrumb-separator\">&raquo;<\/span><span class=\"aioseo-breadcrumb\">\n\t\t\t<a href=\"https:\/\/maisonecohuis.be\/?cat=12\" title=\"Atelier\">Atelier<\/a>\n\t\t<\/span><span class=\"aioseo-breadcrumb-separator\">&raquo;<\/span><span class=\"aioseo-breadcrumb\">\n\t\t\tParcours \u00ab Cap sur l\u2019avenir \u00bb\n\t\t<\/span><\/div>","aioseo_breadcrumb_json":[{"label":"Home","link":"https:\/\/maisonecohuis.be"},{"label":"Atelier","link":"https:\/\/maisonecohuis.be\/?cat=12"},{"label":"Parcours \u00ab\u00a0Cap sur l&rsquo;avenir\u00a0\u00bb","link":"https:\/\/maisonecohuis.be\/?p=4624"}],"_links":{"self":[{"href":"https:\/\/maisonecohuis.be\/index.php?rest_route=\/wp\/v2\/posts\/4624","targetHints":{"allow":["GET"]}}],"collection":[{"href":"https:\/\/maisonecohuis.be\/index.php?rest_route=\/wp\/v2\/posts"}],"about":[{"href":"https:\/\/maisonecohuis.be\/index.php?rest_route=\/wp\/v2\/types\/post"}],"author":[{"embeddable":true,"href":"https:\/\/maisonecohuis.be\/index.php?rest_route=\/wp\/v2\/users\/1"}],"replies":[{"embeddable":true,"href":"https:\/\/maisonecohuis.be\/index.php?rest_route=%2Fwp%2Fv2%2Fcomments&post=4624"}],"version-history":[{"count":3,"href":"https:\/\/maisonecohuis.be\/index.php?rest_route=\/wp\/v2\/posts\/4624\/revisions"}],"predecessor-version":[{"id":4645,"href":"https:\/\/maisonecohuis.be\/index.php?rest_route=\/wp\/v2\/posts\/4624\/revisions\/4645"}],"wp:featuredmedia":[{"embeddable":true,"href":"https:\/\/maisonecohuis.be\/index.php?rest_route=\/wp\/v2\/media\/4625"}],"wp:attachment":[{"href":"https:\/\/maisonecohuis.be\/index.php?rest_route=%2Fwp%2Fv2%2Fmedia&parent=4624"}],"wp:term":[{"taxonomy":"category","embeddable":true,"href":"https:\/\/maisonecohuis.be\/index.php?rest_route=%2Fwp%2Fv2%2Fcategories&post=4624"},{"taxonomy":"post_tag","embeddable":true,"href":"https:\/\/maisonecohuis.be\/index.php?rest_route=%2Fwp%2Fv2%2Ftags&post=4624"}],"curies":[{"name":"wp","href":"https:\/\/api.w.org\/{rel}","templated":true}]}}