{"id":4446,"date":"2024-11-27T16:08:53","date_gmt":"2024-11-27T15:08:53","guid":{"rendered":"https:\/\/maisonecohuis.be\/?p=4446"},"modified":"2025-02-19T16:02:47","modified_gmt":"2025-02-19T15:02:47","slug":"marche-paysan-dhiver","status":"publish","type":"post","link":"https:\/\/maisonecohuis.be\/?p=4446","title":{"rendered":"March\u00e9 Paysan d&rsquo;hiver"},"content":{"rendered":"\n<p>Chaque ann\u00e9e, le R\u00e9seau des GASAP s&rsquo;associe avec des acteurs locaux pour organiser des \u00e9v\u00e9nements pour soutenir ses producteurtrices locaux.&nbsp;<img loading=\"lazy\" decoding=\"async\" height=\"16\" width=\"16\" alt=\"\ud83d\udc69\u200d\ud83c\udf3e\" src=\"https:\/\/static.xx.fbcdn.net\/images\/emoji.php\/v9\/t9\/1\/16\/1f469_200d_1f33e.png\"><img loading=\"lazy\" decoding=\"async\" height=\"16\" width=\"16\" alt=\"\ud83d\udc68\u200d\ud83c\udf3e\" src=\"https:\/\/static.xx.fbcdn.net\/images\/emoji.php\/v9\/t2a\/1\/16\/1f468_200d_1f33e.png\"><\/p>\n\n\n\n<p>Pour notre 5\u00e8me \u00e9dition, et gr\u00e2ce au soutien de la Commune de Saint-Gilles \/ Sint-Gillis, nous avons le plaisir de vous inviter \u00e0 notre March\u00e9 Paysan d&rsquo;hiver !<\/p>\n\n\n\n<p>Au programme :<\/p>\n\n\n\n<p><img loading=\"lazy\" decoding=\"async\" height=\"16\" width=\"16\" alt=\"\u2744\ufe0f\" src=\"https:\/\/static.xx.fbcdn.net\/images\/emoji.php\/v9\/t2e\/1\/16\/2744.png\">&nbsp;Une offre alimentaire durable gr\u00e2ce aux agriculteurtrices, \u00e9leveurices, fermiers, boulangeurs et artisanes locaux<\/p>\n\n\n\n<p><img loading=\"lazy\" decoding=\"async\" height=\"16\" width=\"16\" alt=\"\u2744\ufe0f\" src=\"https:\/\/static.xx.fbcdn.net\/images\/emoji.php\/v9\/t2e\/1\/16\/2744.png\">&nbsp;La d\u00e9couverte d&rsquo;associations bruxelloises actives dans la transition alimentaire<\/p>\n\n\n\n<p><img loading=\"lazy\" decoding=\"async\" height=\"16\" width=\"16\" alt=\"\u2744\ufe0f\" src=\"https:\/\/static.xx.fbcdn.net\/images\/emoji.php\/v9\/t2e\/1\/16\/2744.png\">&nbsp;Des produits en vente directe, avec la possibilit\u00e9 de rejoindre un GASAP pr\u00e8s de chez vous pour les avoir \u00e0 nouveau chaque mois<\/p>\n\n\n\n<p>_<\/p>\n\n\n\n<p>ATTENTION : Certaines de nos producteurtrices proposeront ses produits uniquement par pr\u00e9commande pour \u00e9viter le gaspillage&nbsp;<img loading=\"lazy\" decoding=\"async\" height=\"16\" width=\"16\" alt=\"\u267b\ufe0f\" src=\"https:\/\/static.xx.fbcdn.net\/images\/emoji.php\/v9\/tf8\/1\/16\/267b.png\">. Soutenez leurs d\u00e9marches en pr\u00e9commandant ses produits :<\/p>\n\n\n\n<p>\u2192&nbsp;<img loading=\"lazy\" decoding=\"async\" height=\"16\" width=\"16\" alt=\"\ud83d\udd0e\" src=\"https:\/\/static.xx.fbcdn.net\/images\/emoji.php\/v9\/t42\/1\/16\/1f50e.png\">&nbsp;RDV sur notre e-shop :&nbsp;<a href=\"https:\/\/l.facebook.com\/l.php?u=http%3A%2F%2Fshop.gasap.be%2F%3Ffbclid%3DIwZXh0bgNhZW0CMTAAAR2PTbq0bP66zdz7_zRFVsytPCEXJEBLcK8aGKDX3oHxWUb0WnuIhRtzhwY_aem_bMGXqns39eTDpqDJrbKWzA&amp;h=AT3E9hX6PiBQZ9puxN0L0fLPuzPL2u8qvrfmtRkmNYxidHCcRQQ7LaHXjqoaPEqGvq_6jifzxy4Hxxe9IQ7PmBGQt4hAAvvJCqdrppKT1B5XrbMJX_AkLhp3NjtgSXSmOtJa&amp;__tn__=q&amp;c[0]=AT1hvwfwxSsctFu7_b3atqY8zcA3bepRMiENF3TzWcUjc0R-GIYGcfZ8rj1YE83DHLVPuYSuL7qdV3JVBCUpoxWQ1pdFjhZXR8bO3DJGwUpin74DEEydnna25KdEziNcjqxr1q8wrX12tnlSTxRGoxxaZgYizjWQq1G7RA\" rel=\"noreferrer noopener\" target=\"_blank\">http:\/\/shop.gasap.be\/<\/a><br>\u2192&nbsp;<img loading=\"lazy\" decoding=\"async\" height=\"16\" width=\"16\" alt=\"\ud83d\uded2\" src=\"https:\/\/static.xx.fbcdn.net\/images\/emoji.php\/v9\/t1c\/1\/16\/1f6d2.png\">&nbsp;Remplissez votre panier avec des tr\u00e9sors locaux<br>\u2192&nbsp;<img loading=\"lazy\" decoding=\"async\" height=\"16\" width=\"16\" alt=\"\ud83d\udccd\" src=\"https:\/\/static.xx.fbcdn.net\/images\/emoji.php\/v9\/t2d\/1\/16\/1f4cd.png\">&nbsp;Pr\u00e9parez vos sacs et venez r\u00e9cup\u00e9rer votre commande au March\u00e9 Paysan : mercredi 11\/12 entre 17h et 19h30 \u00e0 la Place Maurice Van Meenen, 1060<br>_<\/p>\n\n\n\n<p>Venez seuls ou accompagn\u00e9s; venez avec des amis, de la famille ou avec des coll\u00e8gues apr\u00e8s le travail; invitez vos enfants et vos colocs; on vous attend nombreux-ses !&nbsp;<img loading=\"lazy\" decoding=\"async\" height=\"16\" width=\"16\" alt=\"\ud83c\udf89\" src=\"https:\/\/static.xx.fbcdn.net\/images\/emoji.php\/v9\/t8c\/1\/16\/1f389.png\"><\/p>\n\n\n\n<p>Avec le R\u00e9seau des GASAP, sont les petits producteurs qui font les grands mangeurs.<\/p>\n\n\n\n<p>\u00c0 tr\u00e8s vite !<\/p>\n","protected":false},"excerpt":{"rendered":"<p>Chaque ann\u00e9e, le R\u00e9seau des GASAP s&rsquo;associe avec des acteurs locaux pour organiser des \u00e9v\u00e9nements pour soutenir ses producteurtrices locaux.&nbsp; Pour notre 5\u00e8me \u00e9dition, et [&hellip;] <span class=\"read-more-link\"><a class=\"read-more\" href=\"https:\/\/maisonecohuis.be\/?p=4446\">Read More<\/a><\/span><\/p>\n","protected":false},"author":1,"featured_media":4451,"comment_status":"closed","ping_status":"open","sticky":false,"template":"","format":"standard","meta":{"om_disable_all_campaigns":false,"_monsterinsights_skip_tracking":false,"_monsterinsights_sitenote_active":false,"_monsterinsights_sitenote_note":"","_monsterinsights_sitenote_category":0,"_uf_show_specific_survey":0,"_uf_disable_surveys":false,"footnotes":""},"categories":[78],"tags":[],"class_list":["post-4446","post","type-post","status-publish","format-standard","has-post-thumbnail","hentry","category-cloture"],"aioseo_notices":[],"_links":{"self":[{"href":"https:\/\/maisonecohuis.be\/index.php?rest_route=\/wp\/v2\/posts\/4446","targetHints":{"allow":["GET"]}}],"collection":[{"href":"https:\/\/maisonecohuis.be\/index.php?rest_route=\/wp\/v2\/posts"}],"about":[{"href":"https:\/\/maisonecohuis.be\/index.php?rest_route=\/wp\/v2\/types\/post"}],"author":[{"embeddable":true,"href":"https:\/\/maisonecohuis.be\/index.php?rest_route=\/wp\/v2\/users\/1"}],"replies":[{"embeddable":true,"href":"https:\/\/maisonecohuis.be\/index.php?rest_route=%2Fwp%2Fv2%2Fcomments&post=4446"}],"version-history":[{"count":1,"href":"https:\/\/maisonecohuis.be\/index.php?rest_route=\/wp\/v2\/posts\/4446\/revisions"}],"predecessor-version":[{"id":4448,"href":"https:\/\/maisonecohuis.be\/index.php?rest_route=\/wp\/v2\/posts\/4446\/revisions\/4448"}],"wp:featuredmedia":[{"embeddable":true,"href":"https:\/\/maisonecohuis.be\/index.php?rest_route=\/wp\/v2\/media\/4451"}],"wp:attachment":[{"href":"https:\/\/maisonecohuis.be\/index.php?rest_route=%2Fwp%2Fv2%2Fmedia&parent=4446"}],"wp:term":[{"taxonomy":"category","embeddable":true,"href":"https:\/\/maisonecohuis.be\/index.php?rest_route=%2Fwp%2Fv2%2Fcategories&post=4446"},{"taxonomy":"post_tag","embeddable":true,"href":"https:\/\/maisonecohuis.be\/index.php?rest_route=%2Fwp%2Fv2%2Ftags&post=4446"}],"curies":[{"name":"wp","href":"https:\/\/api.w.org\/{rel}","templated":true}]}}