{"id":4355,"date":"2024-10-08T15:52:27","date_gmt":"2024-10-08T13:52:27","guid":{"rendered":"https:\/\/maisonecohuis.be\/?p=4355"},"modified":"2024-10-08T15:55:15","modified_gmt":"2024-10-08T13:55:15","slug":"brocante-velo-st-gilles","status":"publish","type":"post","link":"https:\/\/maisonecohuis.be\/?p=4355","title":{"rendered":"Brocante V\u00e9lo St-Gilles"},"content":{"rendered":"\n<p class=\"wp-block-paragraph\">Vous avez un v\u00e9lo trop petit ou que vous n\u2019utilisez plus ? Ou vous voulez acheter un v\u00e9lo d&rsquo;occasion ? Voici la solution !<\/p>\n\n\n\n<p class=\"wp-block-paragraph\">Au CEM\u00f4me ASBL (Rue de Danemark 15-17, Saint-Gilles).<\/p>\n\n\n\n<p class=\"wp-block-paragraph\"><img loading=\"lazy\" decoding=\"async\" height=\"16\" width=\"16\" src=\"https:\/\/static.xx.fbcdn.net\/images\/emoji.php\/v9\/tde\/1\/16\/1f6b2.png\" alt=\"\ud83d\udeb2\"><img loading=\"lazy\" decoding=\"async\" height=\"16\" width=\"16\" src=\"https:\/\/static.xx.fbcdn.net\/images\/emoji.php\/v9\/t1c\/1\/16\/1f3f7.png\" alt=\"\ud83c\udff7\ufe0f\">\u00a0D\u00c9POSER UN V\u00c9LO<br>samedi 12 octobre, entre 9h30 et 12h30<br><img loading=\"lazy\" decoding=\"async\" height=\"16\" width=\"16\" src=\"https:\/\/static.xx.fbcdn.net\/images\/emoji.php\/v9\/t6a\/1\/16\/1f497.png\" alt=\"\ud83d\udc97\"><img loading=\"lazy\" decoding=\"async\" height=\"16\" width=\"16\" src=\"https:\/\/static.xx.fbcdn.net\/images\/emoji.php\/v9\/t10\/1\/16\/1f6b4_200d_2642.png\" alt=\"\ud83d\udeb4\u200d\u2642\ufe0f\">\u00a0ACHETER UN V\u00c9LO<br>samedi 12 octobre, entre 13h30 et 17h<br><img loading=\"lazy\" decoding=\"async\" height=\"16\" width=\"16\" src=\"https:\/\/static.xx.fbcdn.net\/images\/emoji.php\/v9\/t62\/1\/16\/1f4b8.png\" alt=\"\ud83d\udcb8\">\u00a0REPRISE V\u00c9LO OU ARGENT<br>samedi 12 octobre, entre 17h et 17h30<br><img loading=\"lazy\" decoding=\"async\" height=\"16\" width=\"16\" src=\"https:\/\/static.xx.fbcdn.net\/images\/emoji.php\/v9\/tdc\/1\/16\/26a0.png\" alt=\"\u26a0\ufe0f\"><br>1. Comment \u00e7a marche ? > \u00ab\u00a0Discussion\u00a0\u00bb<br>2. CASH ONLY<br><img loading=\"lazy\" decoding=\"async\" height=\"16\" width=\"16\" src=\"https:\/\/static.xx.fbcdn.net\/images\/emoji.php\/v9\/t3c\/1\/16\/1f4a1.png\" alt=\"\ud83d\udca1\">\u00a0D\u00e9couvrez ici toutes les brocantes v\u00e9lo \u00e0 Bruxelles en 2024 :\u00a0<a href=\"http:\/\/www.cyclo.org\/brocantesbxl?fbclid=IwZXh0bgNhZW0CMTAAAR0zoPo4hhLdg19b2Tr7P9zemyJl8wonbE3e6Ch-wNe6nTTkNdwXHg9MrJM_aem_QJWEJZcqySKqZ1KK0_nIvQ\" target=\"_blank\" rel=\"noreferrer noopener\">www.cyclo.org\/brocantesbxl<\/a><\/p>\n\n\n\n<figure data-wp-context=\"{&quot;imageId&quot;:&quot;6a9d756aa0af0&quot;}\" data-wp-interactive=\"core\/image\" data-wp-key=\"6a9d756aa0af0\" class=\"wp-block-image aligncenter size-full wp-lightbox-container\"><img loading=\"lazy\" decoding=\"async\" width=\"250\" height=\"353\" data-wp-class--hide=\"state.isContentHidden\" data-wp-class--show=\"state.isContentVisible\" data-wp-init=\"callbacks.setButtonStyles\" data-wp-on--click=\"actions.showLightbox\" data-wp-on--load=\"callbacks.setButtonStyles\" data-wp-on--pointerdown=\"actions.preloadImage\" data-wp-on--pointerenter=\"actions.preloadImageWithDelay\" data-wp-on--pointerleave=\"actions.cancelPreload\" data-wp-on-window--resize=\"callbacks.setButtonStyles\" src=\"https:\/\/maisonecohuis.be\/wp-content\/uploads\/2024\/10\/GetAttachmentThumbnail-1.jpg\" alt=\"\" class=\"wp-image-4358\" srcset=\"https:\/\/maisonecohuis.be\/wp-content\/uploads\/2024\/10\/GetAttachmentThumbnail-1.jpg 250w, https:\/\/maisonecohuis.be\/wp-content\/uploads\/2024\/10\/GetAttachmentThumbnail-1-212x300.jpg 212w\" sizes=\"auto, (max-width: 250px) 100vw, 250px\" \/><button\n\t\t\tclass=\"lightbox-trigger\"\n\t\t\ttype=\"button\"\n\t\t\taria-haspopup=\"dialog\"\n\t\t\tdata-wp-bind--aria-label=\"state.thisImage.triggerButtonAriaLabel\"\n\t\t\tdata-wp-init=\"callbacks.initTriggerButton\"\n\t\t\tdata-wp-on--click=\"actions.showLightbox\"\n\t\t\tdata-wp-style--right=\"state.thisImage.buttonRight\"\n\t\t\tdata-wp-style--top=\"state.thisImage.buttonTop\"\n\t\t>\n\t\t\t<svg xmlns=\"http:\/\/www.w3.org\/2000\/svg\" width=\"12\" height=\"12\" fill=\"none\" viewBox=\"0 0 12 12\">\n\t\t\t\t<path fill=\"#fff\" d=\"M2 0a2 2 0 0 0-2 2v2h1.5V2a.5.5 0 0 1 .5-.5h2V0H2Zm2 10.5H2a.5.5 0 0 1-.5-.5V8H0v2a2 2 0 0 0 2 2h2v-1.5ZM8 12v-1.5h2a.5.5 0 0 0 .5-.5V8H12v2a2 2 0 0 1-2 2H8Zm2-12a2 2 0 0 1 2 2v2h-1.5V2a.5.5 0 0 0-.5-.5H8V0h2Z\" \/>\n\t\t\t<\/svg>\n\t\t<\/button><\/figure>\n","protected":false},"excerpt":{"rendered":"<p>Vous avez un v\u00e9lo trop petit ou que vous n\u2019utilisez plus ? Ou vous voulez acheter un v\u00e9lo d&rsquo;occasion ? Voici la solution ! Au [&hellip;] <span class=\"read-more-link\"><a class=\"read-more\" href=\"https:\/\/maisonecohuis.be\/?p=4355\">Read More<\/a><\/span><\/p>\n","protected":false},"author":1,"featured_media":4360,"comment_status":"closed","ping_status":"open","sticky":false,"template":"","format":"standard","meta":{"om_disable_all_campaigns":false,"_monsterinsights_skip_tracking":false,"_uf_show_specific_survey":0,"_uf_disable_surveys":false,"footnotes":""},"categories":[72],"tags":[],"class_list":["post-4355","post","type-post","status-publish","format-standard","has-post-thumbnail","hentry","category-a-venir"],"aioseo_notices":[],"aioseo_head":"\n\t\t<!-- All in One SEO 5.0.1.1 - aioseo.com -->\n\t<meta name=\"description\" content=\"Vous avez un v\u00e9lo trop petit ou que vous n\u2019utilisez plus ? Ou vous voulez acheter un v\u00e9lo d&#039;occasion ? Voici la solution ! Au CEM\u00f4me ASBL (Rue de Danemark 15-17, Saint-Gilles).\" \/>\n\t<meta name=\"robots\" content=\"max-image-preview:large\" \/>\n\t<meta name=\"author\" content=\"MaisonEcoHuis\"\/>\n\t<link rel=\"canonical\" href=\"https:\/\/maisonecohuis.be\/?p=4355\" \/>\n\t<meta name=\"generator\" content=\"All in One SEO (AIOSEO) 5.0.1.1\" \/>\n\t\t<meta property=\"og:locale\" content=\"fr_FR\" \/>\n\t\t<meta property=\"og:site_name\" content=\"MaisonEcoHuis - Guichet citoyen du climat et de la biodiversit\u00e9 - Buurtloket climaat en biodiversiteit\" \/>\n\t\t<meta property=\"og:type\" content=\"article\" \/>\n\t\t<meta property=\"og:title\" content=\"Brocante V\u00e9lo St-Gilles - MaisonEcoHuis\" \/>\n\t\t<meta property=\"og:description\" content=\"Vous avez un v\u00e9lo trop petit ou que vous n\u2019utilisez plus ? Ou vous voulez acheter un v\u00e9lo d&#039;occasion ? Voici la solution ! Au CEM\u00f4me ASBL (Rue de Danemark 15-17, Saint-Gilles).\" \/>\n\t\t<meta property=\"og:url\" content=\"https:\/\/maisonecohuis.be\/?p=4355\" \/>\n\t\t<meta property=\"og:image\" content=\"https:\/\/maisonecohuis.be\/wp-content\/uploads\/2018\/04\/MaisonEcoHuis_Horizontal_Pantone.jpg\" \/>\n\t\t<meta property=\"og:image:secure_url\" content=\"https:\/\/maisonecohuis.be\/wp-content\/uploads\/2018\/04\/MaisonEcoHuis_Horizontal_Pantone.jpg\" \/>\n\t\t<meta property=\"og:image:width\" content=\"623\" \/>\n\t\t<meta property=\"og:image:height\" content=\"183\" \/>\n\t\t<meta property=\"article:published_time\" content=\"2024-10-08T13:52:27+00:00\" \/>\n\t\t<meta property=\"article:modified_time\" content=\"2024-10-08T13:55:15+00:00\" \/>\n\t\t<meta name=\"twitter:card\" content=\"summary_large_image\" \/>\n\t\t<meta name=\"twitter:title\" content=\"Brocante V\u00e9lo St-Gilles - MaisonEcoHuis\" \/>\n\t\t<meta name=\"twitter:description\" content=\"Vous avez un v\u00e9lo trop petit ou que vous n\u2019utilisez plus ? Ou vous voulez acheter un v\u00e9lo d&#039;occasion ? Voici la solution ! Au CEM\u00f4me ASBL (Rue de Danemark 15-17, Saint-Gilles).\" \/>\n\t\t<meta name=\"twitter:image\" content=\"https:\/\/maisonecohuis.be\/wp-content\/uploads\/2018\/04\/MaisonEcoHuis_Horizontal_Pantone.jpg\" \/>\n\t\t<script type=\"application\/ld+json\" class=\"aioseo-schema\">\n\t\t\t{\"@context\":\"https:\\\/\\\/schema.org\",\"@graph\":[{\"@type\":\"BlogPosting\",\"@id\":\"https:\\\/\\\/maisonecohuis.be\\\/?p=4355#blogposting\",\"name\":\"Brocante V\\u00e9lo St-Gilles - MaisonEcoHuis\",\"headline\":\"Brocante V\\u00e9lo St-Gilles\",\"author\":{\"@id\":\"https:\\\/\\\/maisonecohuis.be\\\/?author=1#author\"},\"publisher\":{\"@id\":\"https:\\\/\\\/maisonecohuis.be\\\/#organization\"},\"image\":{\"@type\":\"ImageObject\",\"url\":\"https:\\\/\\\/maisonecohuis.be\\\/wp-content\\\/uploads\\\/2024\\\/10\\\/brocante-velo.png\",\"width\":928,\"height\":485},\"datePublished\":\"2024-10-08T15:52:27+02:00\",\"dateModified\":\"2024-10-08T15:55:15+02:00\",\"inLanguage\":\"fr-BE\",\"mainEntityOfPage\":{\"@id\":\"https:\\\/\\\/maisonecohuis.be\\\/?p=4355#webpage\"},\"isPartOf\":{\"@id\":\"https:\\\/\\\/maisonecohuis.be\\\/?p=4355#webpage\"},\"articleSection\":\"A venir, Fran\\u00e7ais\"},{\"@type\":\"BreadcrumbList\",\"@id\":\"https:\\\/\\\/maisonecohuis.be\\\/?p=4355#breadcrumblist\",\"itemListElement\":[{\"@type\":\"ListItem\",\"@id\":\"https:\\\/\\\/maisonecohuis.be#listItem\",\"position\":1,\"name\":\"Home\",\"item\":\"https:\\\/\\\/maisonecohuis.be\",\"nextItem\":{\"@type\":\"ListItem\",\"@id\":\"https:\\\/\\\/maisonecohuis.be\\\/?cat=72#listItem\",\"name\":\"A venir\"}},{\"@type\":\"ListItem\",\"@id\":\"https:\\\/\\\/maisonecohuis.be\\\/?cat=72#listItem\",\"position\":2,\"name\":\"A venir\",\"item\":\"https:\\\/\\\/maisonecohuis.be\\\/?cat=72\",\"nextItem\":{\"@type\":\"ListItem\",\"@id\":\"https:\\\/\\\/maisonecohuis.be\\\/?p=4355#listItem\",\"name\":\"Brocante V\\u00e9lo St-Gilles\"},\"previousItem\":{\"@type\":\"ListItem\",\"@id\":\"https:\\\/\\\/maisonecohuis.be#listItem\",\"name\":\"Home\"}},{\"@type\":\"ListItem\",\"@id\":\"https:\\\/\\\/maisonecohuis.be\\\/?p=4355#listItem\",\"position\":3,\"name\":\"Brocante V\\u00e9lo St-Gilles\",\"previousItem\":{\"@type\":\"ListItem\",\"@id\":\"https:\\\/\\\/maisonecohuis.be\\\/?cat=72#listItem\",\"name\":\"A venir\"}}]},{\"@type\":\"Organization\",\"@id\":\"https:\\\/\\\/maisonecohuis.be\\\/#organization\",\"name\":\"MaisonEcoHuis\",\"description\":\"Guichet citoyen du climat et de la biodiversit\\u00e9 - Buurtloket climaat en biodiversiteit\",\"url\":\"https:\\\/\\\/maisonecohuis.be\\\/\",\"logo\":{\"@type\":\"ImageObject\",\"url\":\"https:\\\/\\\/maisonecohuis.be\\\/wp-content\\\/uploads\\\/2018\\\/04\\\/MaisonEcoHuis_Horizontal_Pantone.jpg\",\"@id\":\"https:\\\/\\\/maisonecohuis.be\\\/?p=4355\\\/#organizationLogo\",\"width\":623,\"height\":183},\"image\":{\"@id\":\"https:\\\/\\\/maisonecohuis.be\\\/?p=4355\\\/#organizationLogo\"}},{\"@type\":\"Person\",\"@id\":\"https:\\\/\\\/maisonecohuis.be\\\/?author=1#author\",\"url\":\"https:\\\/\\\/maisonecohuis.be\\\/?author=1\",\"name\":\"MaisonEcoHuis\",\"image\":{\"@type\":\"ImageObject\",\"@id\":\"https:\\\/\\\/maisonecohuis.be\\\/?p=4355#authorImage\",\"url\":\"https:\\\/\\\/secure.gravatar.com\\\/avatar\\\/1ba84678dc368f1cb1c7792546471868f8e4be393c134f9d5b6eda8cc55a95db?s=96&d=mm&r=g\",\"width\":96,\"height\":96,\"caption\":\"MaisonEcoHuis\"}},{\"@type\":\"WebPage\",\"@id\":\"https:\\\/\\\/maisonecohuis.be\\\/?p=4355#webpage\",\"url\":\"https:\\\/\\\/maisonecohuis.be\\\/?p=4355\",\"name\":\"Brocante V\\u00e9lo St-Gilles - MaisonEcoHuis\",\"description\":\"Vous avez un v\\u00e9lo trop petit ou que vous n\\u2019utilisez plus ? Ou vous voulez acheter un v\\u00e9lo d'occasion ? Voici la solution ! Au CEM\\u00f4me ASBL (Rue de Danemark 15-17, Saint-Gilles).\",\"inLanguage\":\"fr-BE\",\"isPartOf\":{\"@id\":\"https:\\\/\\\/maisonecohuis.be\\\/#website\"},\"breadcrumb\":{\"@id\":\"https:\\\/\\\/maisonecohuis.be\\\/?p=4355#breadcrumblist\"},\"author\":{\"@id\":\"https:\\\/\\\/maisonecohuis.be\\\/?author=1#author\"},\"creator\":{\"@id\":\"https:\\\/\\\/maisonecohuis.be\\\/?author=1#author\"},\"image\":{\"@type\":\"ImageObject\",\"url\":\"https:\\\/\\\/maisonecohuis.be\\\/wp-content\\\/uploads\\\/2024\\\/10\\\/brocante-velo.png\",\"@id\":\"https:\\\/\\\/maisonecohuis.be\\\/?p=4355\\\/#mainImage\",\"width\":928,\"height\":485},\"primaryImageOfPage\":{\"@id\":\"https:\\\/\\\/maisonecohuis.be\\\/?p=4355#mainImage\"},\"datePublished\":\"2024-10-08T15:52:27+02:00\",\"dateModified\":\"2024-10-08T15:55:15+02:00\"},{\"@type\":\"WebSite\",\"@id\":\"https:\\\/\\\/maisonecohuis.be\\\/#website\",\"url\":\"https:\\\/\\\/maisonecohuis.be\\\/\",\"name\":\"MaisonEcoHuis\",\"description\":\"Guichet citoyen du climat et de la biodiversit\\u00e9 - Buurtloket climaat en biodiversiteit\",\"inLanguage\":\"fr-BE\",\"publisher\":{\"@id\":\"https:\\\/\\\/maisonecohuis.be\\\/#organization\"}}]}\n\t\t<\/script>\n\t\t<!-- All in One SEO -->\n\n","aioseo_head_json":{"title":"Brocante V\u00e9lo St-Gilles - MaisonEcoHuis","description":"Vous avez un v\u00e9lo trop petit ou que vous n\u2019utilisez plus ? Ou vous voulez acheter un v\u00e9lo d'occasion ? Voici la solution ! Au CEM\u00f4me ASBL (Rue de Danemark 15-17, Saint-Gilles).","canonical_url":"https:\/\/maisonecohuis.be\/?p=4355","robots":"max-image-preview:large","keywords":"","webmasterTools":{"miscellaneous":""},"schema":{"@context":"https:\/\/schema.org","@graph":[{"@type":"BlogPosting","@id":"https:\/\/maisonecohuis.be\/?p=4355#blogposting","name":"Brocante V\u00e9lo St-Gilles - MaisonEcoHuis","headline":"Brocante V\u00e9lo St-Gilles","author":{"@id":"https:\/\/maisonecohuis.be\/?author=1#author"},"publisher":{"@id":"https:\/\/maisonecohuis.be\/#organization"},"image":{"@type":"ImageObject","url":"https:\/\/maisonecohuis.be\/wp-content\/uploads\/2024\/10\/brocante-velo.png","width":928,"height":485},"datePublished":"2024-10-08T15:52:27+02:00","dateModified":"2024-10-08T15:55:15+02:00","inLanguage":"fr-BE","mainEntityOfPage":{"@id":"https:\/\/maisonecohuis.be\/?p=4355#webpage"},"isPartOf":{"@id":"https:\/\/maisonecohuis.be\/?p=4355#webpage"},"articleSection":"A venir, Fran\u00e7ais"},{"@type":"BreadcrumbList","@id":"https:\/\/maisonecohuis.be\/?p=4355#breadcrumblist","itemListElement":[{"@type":"ListItem","@id":"https:\/\/maisonecohuis.be#listItem","position":1,"name":"Home","item":"https:\/\/maisonecohuis.be","nextItem":{"@type":"ListItem","@id":"https:\/\/maisonecohuis.be\/?cat=72#listItem","name":"A venir"}},{"@type":"ListItem","@id":"https:\/\/maisonecohuis.be\/?cat=72#listItem","position":2,"name":"A venir","item":"https:\/\/maisonecohuis.be\/?cat=72","nextItem":{"@type":"ListItem","@id":"https:\/\/maisonecohuis.be\/?p=4355#listItem","name":"Brocante V\u00e9lo St-Gilles"},"previousItem":{"@type":"ListItem","@id":"https:\/\/maisonecohuis.be#listItem","name":"Home"}},{"@type":"ListItem","@id":"https:\/\/maisonecohuis.be\/?p=4355#listItem","position":3,"name":"Brocante V\u00e9lo St-Gilles","previousItem":{"@type":"ListItem","@id":"https:\/\/maisonecohuis.be\/?cat=72#listItem","name":"A venir"}}]},{"@type":"Organization","@id":"https:\/\/maisonecohuis.be\/#organization","name":"MaisonEcoHuis","description":"Guichet citoyen du climat et de la biodiversit\u00e9 - Buurtloket climaat en biodiversiteit","url":"https:\/\/maisonecohuis.be\/","logo":{"@type":"ImageObject","url":"https:\/\/maisonecohuis.be\/wp-content\/uploads\/2018\/04\/MaisonEcoHuis_Horizontal_Pantone.jpg","@id":"https:\/\/maisonecohuis.be\/?p=4355\/#organizationLogo","width":623,"height":183},"image":{"@id":"https:\/\/maisonecohuis.be\/?p=4355\/#organizationLogo"}},{"@type":"Person","@id":"https:\/\/maisonecohuis.be\/?author=1#author","url":"https:\/\/maisonecohuis.be\/?author=1","name":"MaisonEcoHuis","image":{"@type":"ImageObject","@id":"https:\/\/maisonecohuis.be\/?p=4355#authorImage","url":"https:\/\/secure.gravatar.com\/avatar\/1ba84678dc368f1cb1c7792546471868f8e4be393c134f9d5b6eda8cc55a95db?s=96&d=mm&r=g","width":96,"height":96,"caption":"MaisonEcoHuis"}},{"@type":"WebPage","@id":"https:\/\/maisonecohuis.be\/?p=4355#webpage","url":"https:\/\/maisonecohuis.be\/?p=4355","name":"Brocante V\u00e9lo St-Gilles - MaisonEcoHuis","description":"Vous avez un v\u00e9lo trop petit ou que vous n\u2019utilisez plus ? Ou vous voulez acheter un v\u00e9lo d'occasion ? Voici la solution ! Au CEM\u00f4me ASBL (Rue de Danemark 15-17, Saint-Gilles).","inLanguage":"fr-BE","isPartOf":{"@id":"https:\/\/maisonecohuis.be\/#website"},"breadcrumb":{"@id":"https:\/\/maisonecohuis.be\/?p=4355#breadcrumblist"},"author":{"@id":"https:\/\/maisonecohuis.be\/?author=1#author"},"creator":{"@id":"https:\/\/maisonecohuis.be\/?author=1#author"},"image":{"@type":"ImageObject","url":"https:\/\/maisonecohuis.be\/wp-content\/uploads\/2024\/10\/brocante-velo.png","@id":"https:\/\/maisonecohuis.be\/?p=4355\/#mainImage","width":928,"height":485},"primaryImageOfPage":{"@id":"https:\/\/maisonecohuis.be\/?p=4355#mainImage"},"datePublished":"2024-10-08T15:52:27+02:00","dateModified":"2024-10-08T15:55:15+02:00"},{"@type":"WebSite","@id":"https:\/\/maisonecohuis.be\/#website","url":"https:\/\/maisonecohuis.be\/","name":"MaisonEcoHuis","description":"Guichet citoyen du climat et de la biodiversit\u00e9 - Buurtloket climaat en biodiversiteit","inLanguage":"fr-BE","publisher":{"@id":"https:\/\/maisonecohuis.be\/#organization"}}]},"og:locale":"fr_FR","og:site_name":"MaisonEcoHuis - Guichet citoyen du climat et de la biodiversit\u00e9 - Buurtloket climaat en biodiversiteit","og:type":"article","og:title":"Brocante V\u00e9lo St-Gilles - MaisonEcoHuis","og:description":"Vous avez un v\u00e9lo trop petit ou que vous n\u2019utilisez plus ? Ou vous voulez acheter un v\u00e9lo d'occasion ? Voici la solution ! Au CEM\u00f4me ASBL (Rue de Danemark 15-17, Saint-Gilles).","og:url":"https:\/\/maisonecohuis.be\/?p=4355","og:image":"https:\/\/maisonecohuis.be\/wp-content\/uploads\/2018\/04\/MaisonEcoHuis_Horizontal_Pantone.jpg","og:image:secure_url":"https:\/\/maisonecohuis.be\/wp-content\/uploads\/2018\/04\/MaisonEcoHuis_Horizontal_Pantone.jpg","og:image:width":623,"og:image:height":183,"article:published_time":"2024-10-08T13:52:27+00:00","article:modified_time":"2024-10-08T13:55:15+00:00","twitter:card":"summary_large_image","twitter:title":"Brocante V\u00e9lo St-Gilles - MaisonEcoHuis","twitter:description":"Vous avez un v\u00e9lo trop petit ou que vous n\u2019utilisez plus ? Ou vous voulez acheter un v\u00e9lo d'occasion ? Voici la solution ! Au CEM\u00f4me ASBL (Rue de Danemark 15-17, Saint-Gilles).","twitter:image":"https:\/\/maisonecohuis.be\/wp-content\/uploads\/2018\/04\/MaisonEcoHuis_Horizontal_Pantone.jpg"},"aioseo_meta_data":{"post_id":"4355","title":null,"description":null,"keywords":[],"keyphrases":{"focus":{"keyphrase":"","score":0,"analysis":{"keyphraseInTitle":{"score":0,"maxScore":9,"error":1}}},"additional":[]},"primary_term":null,"canonical_url":null,"og_title":null,"og_description":null,"og_object_type":"default","og_image_type":"default","og_image_url":null,"og_image_width":null,"og_image_height":null,"og_image_custom_url":null,"og_image_custom_fields":null,"og_video":"","og_custom_url":null,"og_article_section":null,"og_article_tags":[],"twitter_use_og":false,"twitter_card":"default","twitter_image_type":"default","twitter_image_url":null,"twitter_image_custom_url":null,"twitter_image_custom_fields":null,"twitter_title":null,"twitter_description":null,"schema":{"blockGraphs":[],"customGraphs":[],"default":{"data":{"Article":[],"Course":[],"Dataset":[],"FAQPage":[],"Movie":[],"Person":[],"Product":[],"ProductReview":[],"Car":[],"Recipe":[],"Service":[],"SoftwareApplication":[],"WebPage":[]},"graphName":"BlogPosting","isEnabled":true},"graphs":[]},"schema_type":"default","schema_type_options":null,"pillar_content":false,"robots_default":true,"robots_noindex":false,"robots_noarchive":false,"robots_nosnippet":false,"robots_nofollow":false,"robots_noimageindex":false,"robots_noodp":false,"robots_notranslate":false,"robots_max_snippet":"-1","robots_max_videopreview":"-1","robots_max_imagepreview":"large","priority":null,"frequency":"default","local_seo":null,"breadcrumb_settings":null,"limit_modified_date":false,"ai":null,"created":"2024-10-08 13:52:28","updated":"2024-10-08 13:55:15","focus_keyword":null,"additional_keywords":null,"truseo_locale":null,"seo_analyzer_scan_date":null},"aioseo_breadcrumb":"<div class=\"aioseo-breadcrumbs\"><span class=\"aioseo-breadcrumb\">\n\t\t\t<a href=\"https:\/\/maisonecohuis.be\" title=\"Home\">Home<\/a>\n\t\t<\/span><span class=\"aioseo-breadcrumb-separator\">&raquo;<\/span><span class=\"aioseo-breadcrumb\">\n\t\t\t<a href=\"https:\/\/maisonecohuis.be\/?cat=72\" title=\"A venir\">A venir<\/a>\n\t\t<\/span><span class=\"aioseo-breadcrumb-separator\">&raquo;<\/span><span class=\"aioseo-breadcrumb\">\n\t\t\tBrocante V\u00e9lo St-Gilles\n\t\t<\/span><\/div>","aioseo_breadcrumb_json":[{"label":"Home","link":"https:\/\/maisonecohuis.be"},{"label":"A venir","link":"https:\/\/maisonecohuis.be\/?cat=72"},{"label":"Brocante V\u00e9lo St-Gilles","link":"https:\/\/maisonecohuis.be\/?p=4355"}],"_links":{"self":[{"href":"https:\/\/maisonecohuis.be\/index.php?rest_route=\/wp\/v2\/posts\/4355","targetHints":{"allow":["GET"]}}],"collection":[{"href":"https:\/\/maisonecohuis.be\/index.php?rest_route=\/wp\/v2\/posts"}],"about":[{"href":"https:\/\/maisonecohuis.be\/index.php?rest_route=\/wp\/v2\/types\/post"}],"author":[{"embeddable":true,"href":"https:\/\/maisonecohuis.be\/index.php?rest_route=\/wp\/v2\/users\/1"}],"replies":[{"embeddable":true,"href":"https:\/\/maisonecohuis.be\/index.php?rest_route=%2Fwp%2Fv2%2Fcomments&post=4355"}],"version-history":[{"count":3,"href":"https:\/\/maisonecohuis.be\/index.php?rest_route=\/wp\/v2\/posts\/4355\/revisions"}],"predecessor-version":[{"id":4362,"href":"https:\/\/maisonecohuis.be\/index.php?rest_route=\/wp\/v2\/posts\/4355\/revisions\/4362"}],"wp:featuredmedia":[{"embeddable":true,"href":"https:\/\/maisonecohuis.be\/index.php?rest_route=\/wp\/v2\/media\/4360"}],"wp:attachment":[{"href":"https:\/\/maisonecohuis.be\/index.php?rest_route=%2Fwp%2Fv2%2Fmedia&parent=4355"}],"wp:term":[{"taxonomy":"category","embeddable":true,"href":"https:\/\/maisonecohuis.be\/index.php?rest_route=%2Fwp%2Fv2%2Fcategories&post=4355"},{"taxonomy":"post_tag","embeddable":true,"href":"https:\/\/maisonecohuis.be\/index.php?rest_route=%2Fwp%2Fv2%2Ftags&post=4355"}],"curies":[{"name":"wp","href":"https:\/\/api.w.org\/{rel}","templated":true}]}}