{"id":4295,"date":"2024-10-03T15:43:31","date_gmt":"2024-10-03T13:43:31","guid":{"rendered":"https:\/\/maisonecohuis.be\/?p=4295"},"modified":"2024-10-04T15:38:16","modified_gmt":"2024-10-04T13:38:16","slug":"je-vote-pour-une-commune-du-commerce-equitable","status":"publish","type":"post","link":"https:\/\/maisonecohuis.be\/?p=4295","title":{"rendered":"Je vote pour Saint-Gilles, commune du commerce \u00e9quitable !"},"content":{"rendered":"\n<p>La commune de Saint-Gilles participe avec 75 autres communes \u00e0 la campagne \u00ab\u00a0Je vote pour une commune du Commerce \u00c9quitable !\u00a0\u00bb. Une initiative lanc\u00e9e aujourd&rsquo;hui dans le cadre de la Semaine du Commerce \u00c9quitable. Les habitant.es peuvent montrer leur soutien jusqu&rsquo;au 15 novembre, en mettant en avant l&rsquo;importance du titre de leur commune en tant que Commune Du Commerce \u00c9quitable. De plus, c\u2019est un message clair vers la prochaine administration communale, pour que ces efforts soient maintenus. En effet, apr\u00e8s 20 ans depuis que la premi\u00e8re Commune du Commerce \u00c9quitable a obtenu ce titre convoit\u00e9, la campagne est plus n\u00e9cessaire que jamais.<\/p>\n\n\n\n<p><strong>LE CONCEPT<br><\/strong>Cette ann\u00e9e, Fairtrade Belgium, Oxfam-Magasins du monde, Miel Maya Honing et les Communes du Commerce \u00c9quitable unissent leurs forces pour promouvoir les valeurs du commerce \u00e9quitable et  renforcer les liens entre les organisations, les communes et les citoyen\u00b7ne\u00b7s. <br>Objectif : attirer l\u2019attention des futures autorit\u00e9s sur l\u2019importance et l\u2019engagement que vous, citoyen\u00b7ne\u00b7s, souhaitez prendre en faveur d\u2019un avenir durable. <br><strong>Vous souhaitez que Saint-Gilles reste une Commune du Commerce \u00c9quitable ?<br>Faites entendre votre voix et votez !<\/strong><\/p>\n\n\n\n<figure class=\"wp-block-image aligncenter size-large is-resized\"><img loading=\"lazy\" decoding=\"async\" width=\"1024\" height=\"482\" src=\"https:\/\/maisonecohuis.be\/wp-content\/uploads\/2024\/09\/Banner_commerce_equitable_2024-1024x482.png\" alt=\"\" class=\"wp-image-4301\" style=\"width:540px;height:auto\" srcset=\"https:\/\/maisonecohuis.be\/wp-content\/uploads\/2024\/09\/Banner_commerce_equitable_2024-1024x482.png 1024w, https:\/\/maisonecohuis.be\/wp-content\/uploads\/2024\/09\/Banner_commerce_equitable_2024-300x141.png 300w, https:\/\/maisonecohuis.be\/wp-content\/uploads\/2024\/09\/Banner_commerce_equitable_2024-768x362.png 768w, https:\/\/maisonecohuis.be\/wp-content\/uploads\/2024\/09\/Banner_commerce_equitable_2024-1536x724.png 1536w, https:\/\/maisonecohuis.be\/wp-content\/uploads\/2024\/09\/Banner_commerce_equitable_2024.png 1700w\" sizes=\"auto, (max-width: 1024px) 100vw, 1024px\" \/><\/figure>\n\n\n\n<p><br><strong>QU\u2019EST CE QU\u2019UNE COMMUNE DU COMMERCE EQUITABLE ?<\/strong><br>Une commune re\u00e7oit le titre de \u201cCommune du Commerce \u00c9quitable\u201d lorsqu\u2019elle s\u2019engage activement<br>en faveur du commerce \u00e9quitable ici et ailleurs et qu\u2019elle int\u00e8gre cette th\u00e9matique dans ses activit\u00e9s<br>quotidiennes. Elle a donc pour mission de sensibiliser les acteur\u00b7rice\u00b7s et consommateur\u00b7rice\u00b7s local\u00b7aux afin de g\u00e9n\u00e9rer un changement.<\/p>\n\n\n\n<p><strong>POURQUOI VOTER ?<\/strong><\/p>\n\n\n\n<ul class=\"wp-block-list\">\n<li>Vous soutenez les entrepreneur\u00b7euse\u00b7s local\u00b7aux, producteur\u00b7rice\u00b7s,<br>associations et \u00e9coles engag\u00e9\u00b7e\u00b7s dans des pratiques \u00e9quitables et durables.<\/li>\n\n\n\n<li>Vous soutenez les produits \u00e9quitables qui garantissent le respect des droits<br>humains et assurent un revenu juste aux producteur\u00b7rice\u00b7s, tout en offrant<br>des produits de qualit\u00e9.<\/li>\n\n\n\n<li>Vous soutenez une production respectueuse de la nature, essentielle<br>pour un avenir durable.<\/li>\n<\/ul>\n\n\n\n<p><strong>COMMENT PARTICIPER ?<\/strong><br>Vous trouverez des cartes de vote et des urnes aux couleurs de la campagne \u00e0 ces endroits :<br><strong>&#8211; MaisonEcoHuis<\/strong> &#8211; 33 rue du Fort<br>&#8211; <strong>Pianofabriek <\/strong>&#8211; 35 rue du Fort<br><strong>&#8211; Ozfair <\/strong>&#8211; Avenue Jean Volders 9<br><strong>&#8211; La petite \u00e9picerie bio<\/strong> &#8211; Chauss\u00e9e de Waterloo 42<br><strong>&#8211; La Tricoterie<\/strong> &#8211; Rue Th\u00e9odore Verhaegen 158<\/p>\n\n\n\n<p>La campagne se d\u00e9roule \u00e9galement <a href=\"http:\/\/www.jevotepourunecommuneequitable.be\/\" target=\"_blank\" rel=\"noopener\" title=\"en ligne\">en ligne<\/a> ou via le QR code ci-dessous :<\/p>\n\n\n\n<figure class=\"wp-block-image aligncenter size-full is-resized\"><img loading=\"lazy\" decoding=\"async\" width=\"656\" height=\"656\" src=\"http:\/\/maisonecohuis.be\/wp-content\/uploads\/2024\/09\/QRcode_Commerce_Equitable_2024.png\" alt=\"\" class=\"wp-image-4296\" style=\"width:168px;height:auto\" srcset=\"https:\/\/maisonecohuis.be\/wp-content\/uploads\/2024\/09\/QRcode_Commerce_Equitable_2024.png 656w, https:\/\/maisonecohuis.be\/wp-content\/uploads\/2024\/09\/QRcode_Commerce_Equitable_2024-300x300.png 300w, https:\/\/maisonecohuis.be\/wp-content\/uploads\/2024\/09\/QRcode_Commerce_Equitable_2024-150x150.png 150w\" sizes=\"auto, (max-width: 656px) 100vw, 656px\" \/><\/figure>\n\n\n\n<p class=\"has-text-align-center\"><br><strong>MERCI POUR VOTRE ENGAGEMENT ET VOTRE CONTRIBUTION !<br>ENSEMBLE, FAISONS DE NOTRE COMMUNE LA PLUS \u00c9QUITABLE DE BELGIQUE !<\/strong><br><\/p>\n\n\n\n<div class=\"wp-block-columns is-layout-flex wp-container-core-columns-is-layout-28f84493 wp-block-columns-is-layout-flex\">\n<div class=\"wp-block-column is-vertically-aligned-center is-layout-flow wp-block-column-is-layout-flow\">\n<figure class=\"wp-block-image aligncenter size-full is-resized\"><a href=\"https:\/\/oxfammagasinsdumonde.be\/\" target=\"_blank\" rel=\"noreferrer noopener\"><img loading=\"lazy\" decoding=\"async\" width=\"300\" height=\"241\" src=\"http:\/\/maisonecohuis.be\/wp-content\/uploads\/2024\/09\/OMDM-300x241-1.png\" alt=\"\" class=\"wp-image-4298\" style=\"width:auto;height:120px\"\/><\/a><\/figure>\n<\/div>\n\n\n\n<div class=\"wp-block-column is-layout-flow wp-block-column-is-layout-flow\">\n<figure class=\"wp-block-image aligncenter size-full is-resized\"><a href=\"https:\/\/www.fairtradebelgium.be\/fr\/\" target=\"_blank\" rel=\"noreferrer noopener\"><img loading=\"lazy\" decoding=\"async\" width=\"240\" height=\"300\" src=\"http:\/\/maisonecohuis.be\/wp-content\/uploads\/2024\/09\/fairtrade-logo-240x300-1.png\" alt=\"\" class=\"wp-image-4297\" style=\"width:auto;height:120px\"\/><\/a><\/figure>\n<\/div>\n\n\n\n<div class=\"wp-block-column is-layout-flow wp-block-column-is-layout-flow\">\n<figure class=\"wp-block-image aligncenter size-full is-resized\"><a href=\"https:\/\/maya.be\/\" target=\"_blank\" rel=\"noreferrer noopener\"><img loading=\"lazy\" decoding=\"async\" width=\"254\" height=\"300\" src=\"http:\/\/maisonecohuis.be\/wp-content\/uploads\/2024\/09\/Maya_BFD_Noir-2022-254x300-1.png\" alt=\"\" class=\"wp-image-4300\" style=\"width:auto;height:120px\"\/><\/a><\/figure>\n<\/div>\n<\/div>\n","protected":false},"excerpt":{"rendered":"<p>La commune de Saint-Gilles participe avec 75 autres communes \u00e0 la campagne \u00ab\u00a0Je vote pour une commune du Commerce \u00c9quitable !\u00a0\u00bb. Une initiative lanc\u00e9e aujourd&rsquo;hui [&hellip;] <span class=\"read-more-link\"><a class=\"read-more\" href=\"https:\/\/maisonecohuis.be\/?p=4295\">Read More<\/a><\/span><\/p>\n","protected":false},"author":1,"featured_media":4303,"comment_status":"closed","ping_status":"open","sticky":false,"template":"","format":"standard","meta":{"om_disable_all_campaigns":false,"_monsterinsights_skip_tracking":false,"_monsterinsights_sitenote_active":false,"_monsterinsights_sitenote_note":"","_monsterinsights_sitenote_category":0,"_uf_show_specific_survey":0,"_uf_disable_surveys":false,"footnotes":""},"categories":[88],"tags":[237],"class_list":["post-4295","post","type-post","status-publish","format-standard","has-post-thumbnail","hentry","category-en-cours","tag-commune-du-commerce-equitable"],"aioseo_notices":[],"_links":{"self":[{"href":"https:\/\/maisonecohuis.be\/index.php?rest_route=\/wp\/v2\/posts\/4295","targetHints":{"allow":["GET"]}}],"collection":[{"href":"https:\/\/maisonecohuis.be\/index.php?rest_route=\/wp\/v2\/posts"}],"about":[{"href":"https:\/\/maisonecohuis.be\/index.php?rest_route=\/wp\/v2\/types\/post"}],"author":[{"embeddable":true,"href":"https:\/\/maisonecohuis.be\/index.php?rest_route=\/wp\/v2\/users\/1"}],"replies":[{"embeddable":true,"href":"https:\/\/maisonecohuis.be\/index.php?rest_route=%2Fwp%2Fv2%2Fcomments&post=4295"}],"version-history":[{"count":10,"href":"https:\/\/maisonecohuis.be\/index.php?rest_route=\/wp\/v2\/posts\/4295\/revisions"}],"predecessor-version":[{"id":4353,"href":"https:\/\/maisonecohuis.be\/index.php?rest_route=\/wp\/v2\/posts\/4295\/revisions\/4353"}],"wp:featuredmedia":[{"embeddable":true,"href":"https:\/\/maisonecohuis.be\/index.php?rest_route=\/wp\/v2\/media\/4303"}],"wp:attachment":[{"href":"https:\/\/maisonecohuis.be\/index.php?rest_route=%2Fwp%2Fv2%2Fmedia&parent=4295"}],"wp:term":[{"taxonomy":"category","embeddable":true,"href":"https:\/\/maisonecohuis.be\/index.php?rest_route=%2Fwp%2Fv2%2Fcategories&post=4295"},{"taxonomy":"post_tag","embeddable":true,"href":"https:\/\/maisonecohuis.be\/index.php?rest_route=%2Fwp%2Fv2%2Ftags&post=4295"}],"curies":[{"name":"wp","href":"https:\/\/api.w.org\/{rel}","templated":true}]}}