{"id":3835,"date":"2024-04-09T15:20:47","date_gmt":"2024-04-09T13:20:47","guid":{"rendered":"https:\/\/maisonecohuis.be\/?p=3835"},"modified":"2024-05-07T17:14:17","modified_gmt":"2024-05-07T15:14:17","slug":"mercredi-17-avril-conference-un-jardin-pour-les-oiseaux","status":"publish","type":"post","link":"https:\/\/maisonecohuis.be\/?p=3835","title":{"rendered":"Mercredi 17 avril: Conf\u00e9rence \u00ab\u00a0Un jardin pour les oiseaux\u00a0\u00bb"},"content":{"rendered":"\n<p class=\"wp-block-paragraph\">Vous avez un jardin, une terrasse ou m\u00eame un balcon? Vous souhaitez le rendre accueillant pour les oiseaux et la biodiversit\u00e9?<\/p>\n\n\n\n<p class=\"wp-block-paragraph\">Venez d\u00e9couvrir les nombreux conseils en la mati\u00e8re \u00e0 la conf\u00e9rence donn\u00e9e par Moineaux &amp; Biodiversit\u00e9! Elle est \u00e0 l\u2019initiative du Service bien-\u00eatre animal.<br><br>Quand? Mercredi 17 avril, de 19 \u00e0 21h<\/p>\n\n\n\n<p class=\"wp-block-paragraph\">O\u00f9? Pianofabriek, salle Arenberg (Rue du Fort, 33 \u00e0 Saint-Gilles)<\/p>\n\n\n\n<p class=\"wp-block-paragraph\">Plus d\u2019infos et inscriptions: <a href=\"https:\/\/docs.google.com\/forms\/d\/e\/1FAIpQLScWcmUs1RYDsmcCgf8J2SUUavfii18K47L-hLNS11oupqYVDw\/viewform\">https:\/\/docs.google.com\/forms\/d\/e\/1FAIpQLScWcmUs1RYDsmcCgf8J2SUUavfii18K47L-hLNS11oupqYVDw\/viewform<\/a> ou <a href=\"mailto:maisonecohuis@stgilles.brussels\">maisonecohuis@stgilles.brussels<\/a> ou 0490 47 64 01.<\/p>\n","protected":false},"excerpt":{"rendered":"<p>Vous avez un jardin, une terrasse ou m\u00eame un balcon? Vous souhaitez le rendre accueillant pour les oiseaux et la biodiversit\u00e9? Venez d\u00e9couvrir les nombreux [&hellip;] <span class=\"read-more-link\"><a class=\"read-more\" href=\"https:\/\/maisonecohuis.be\/?p=3835\">Read More<\/a><\/span><\/p>\n","protected":false},"author":1,"featured_media":3836,"comment_status":"closed","ping_status":"open","sticky":false,"template":"","format":"standard","meta":{"om_disable_all_campaigns":false,"_monsterinsights_skip_tracking":false,"_uf_show_specific_survey":0,"_uf_disable_surveys":false,"footnotes":""},"categories":[78],"tags":[],"class_list":["post-3835","post","type-post","status-publish","format-standard","has-post-thumbnail","hentry","category-cloture"],"aioseo_notices":[],"aioseo_head":"\n\t\t<!-- All in One SEO 5.0.1.1 - aioseo.com -->\n\t<meta name=\"description\" content=\"Vous avez un jardin, une terrasse ou m\u00eame un balcon? Vous souhaitez le rendre accueillant pour les oiseaux et la biodiversit\u00e9? Venez d\u00e9couvrir les nombreux conseils en la mati\u00e8re \u00e0 la conf\u00e9rence donn\u00e9e par Moineaux &amp; Biodiversit\u00e9! Elle est \u00e0 l\u2019initiative du Service bien-\u00eatre animal.Quand? Mercredi 17 avril, de 19 \u00e0 21h O\u00f9? Pianofabriek, salle\" \/>\n\t<meta name=\"robots\" content=\"max-image-preview:large\" \/>\n\t<meta name=\"author\" content=\"MaisonEcoHuis\"\/>\n\t<link rel=\"canonical\" href=\"https:\/\/maisonecohuis.be\/?p=3835\" \/>\n\t<meta name=\"generator\" content=\"All in One SEO (AIOSEO) 5.0.1.1\" \/>\n\t\t<meta property=\"og:locale\" content=\"fr_FR\" \/>\n\t\t<meta property=\"og:site_name\" content=\"MaisonEcoHuis - Guichet citoyen du climat et de la biodiversit\u00e9 - Buurtloket climaat en biodiversiteit\" \/>\n\t\t<meta property=\"og:type\" content=\"article\" \/>\n\t\t<meta property=\"og:title\" content=\"Mercredi 17 avril: Conf\u00e9rence \u00ab Un jardin pour les oiseaux \u00bb - MaisonEcoHuis\" \/>\n\t\t<meta property=\"og:description\" content=\"Vous avez un jardin, une terrasse ou m\u00eame un balcon? Vous souhaitez le rendre accueillant pour les oiseaux et la biodiversit\u00e9? Venez d\u00e9couvrir les nombreux conseils en la mati\u00e8re \u00e0 la conf\u00e9rence donn\u00e9e par Moineaux &amp; Biodiversit\u00e9! Elle est \u00e0 l\u2019initiative du Service bien-\u00eatre animal.Quand? Mercredi 17 avril, de 19 \u00e0 21h O\u00f9? Pianofabriek, salle\" \/>\n\t\t<meta property=\"og:url\" content=\"https:\/\/maisonecohuis.be\/?p=3835\" \/>\n\t\t<meta property=\"og:image\" content=\"https:\/\/maisonecohuis.be\/wp-content\/uploads\/2018\/04\/MaisonEcoHuis_Horizontal_Pantone.jpg\" \/>\n\t\t<meta property=\"og:image:secure_url\" content=\"https:\/\/maisonecohuis.be\/wp-content\/uploads\/2018\/04\/MaisonEcoHuis_Horizontal_Pantone.jpg\" \/>\n\t\t<meta property=\"og:image:width\" content=\"623\" \/>\n\t\t<meta property=\"og:image:height\" content=\"183\" \/>\n\t\t<meta property=\"article:published_time\" content=\"2024-04-09T13:20:47+00:00\" \/>\n\t\t<meta property=\"article:modified_time\" content=\"2024-05-07T15:14:17+00:00\" \/>\n\t\t<meta name=\"twitter:card\" content=\"summary_large_image\" \/>\n\t\t<meta name=\"twitter:title\" content=\"Mercredi 17 avril: Conf\u00e9rence \u00ab Un jardin pour les oiseaux \u00bb - MaisonEcoHuis\" \/>\n\t\t<meta name=\"twitter:description\" content=\"Vous avez un jardin, une terrasse ou m\u00eame un balcon? Vous souhaitez le rendre accueillant pour les oiseaux et la biodiversit\u00e9? Venez d\u00e9couvrir les nombreux conseils en la mati\u00e8re \u00e0 la conf\u00e9rence donn\u00e9e par Moineaux &amp; Biodiversit\u00e9! Elle est \u00e0 l\u2019initiative du Service bien-\u00eatre animal.Quand? Mercredi 17 avril, de 19 \u00e0 21h O\u00f9? Pianofabriek, salle\" \/>\n\t\t<meta name=\"twitter:image\" content=\"https:\/\/maisonecohuis.be\/wp-content\/uploads\/2018\/04\/MaisonEcoHuis_Horizontal_Pantone.jpg\" \/>\n\t\t<script type=\"application\/ld+json\" class=\"aioseo-schema\">\n\t\t\t{\"@context\":\"https:\\\/\\\/schema.org\",\"@graph\":[{\"@type\":\"BlogPosting\",\"@id\":\"https:\\\/\\\/maisonecohuis.be\\\/?p=3835#blogposting\",\"name\":\"Mercredi 17 avril: Conf\\u00e9rence \\u00ab Un jardin pour les oiseaux \\u00bb - MaisonEcoHuis\",\"headline\":\"Mercredi 17 avril: Conf\\u00e9rence \\u00ab\\u00a0Un jardin pour les oiseaux\\u00a0\\u00bb\",\"author\":{\"@id\":\"https:\\\/\\\/maisonecohuis.be\\\/?author=1#author\"},\"publisher\":{\"@id\":\"https:\\\/\\\/maisonecohuis.be\\\/#organization\"},\"image\":{\"@type\":\"ImageObject\",\"url\":\"https:\\\/\\\/maisonecohuis.be\\\/wp-content\\\/uploads\\\/2024\\\/04\\\/20230522_152439-scaled-e1712668774105.jpg\",\"width\":1595,\"height\":1356},\"datePublished\":\"2024-04-09T15:20:47+02:00\",\"dateModified\":\"2024-05-07T17:14:17+02:00\",\"inLanguage\":\"fr-BE\",\"mainEntityOfPage\":{\"@id\":\"https:\\\/\\\/maisonecohuis.be\\\/?p=3835#webpage\"},\"isPartOf\":{\"@id\":\"https:\\\/\\\/maisonecohuis.be\\\/?p=3835#webpage\"},\"articleSection\":\"Cl\\u00f4tur\\u00e9, Fran\\u00e7ais, pll_66154141b152b\"},{\"@type\":\"BreadcrumbList\",\"@id\":\"https:\\\/\\\/maisonecohuis.be\\\/?p=3835#breadcrumblist\",\"itemListElement\":[{\"@type\":\"ListItem\",\"@id\":\"https:\\\/\\\/maisonecohuis.be#listItem\",\"position\":1,\"name\":\"Home\",\"item\":\"https:\\\/\\\/maisonecohuis.be\",\"nextItem\":{\"@type\":\"ListItem\",\"@id\":\"https:\\\/\\\/maisonecohuis.be\\\/?cat=78#listItem\",\"name\":\"Cl\\u00f4tur\\u00e9\"}},{\"@type\":\"ListItem\",\"@id\":\"https:\\\/\\\/maisonecohuis.be\\\/?cat=78#listItem\",\"position\":2,\"name\":\"Cl\\u00f4tur\\u00e9\",\"item\":\"https:\\\/\\\/maisonecohuis.be\\\/?cat=78\",\"nextItem\":{\"@type\":\"ListItem\",\"@id\":\"https:\\\/\\\/maisonecohuis.be\\\/?p=3835#listItem\",\"name\":\"Mercredi 17 avril: Conf\\u00e9rence \\u00ab\\u00a0Un jardin pour les oiseaux\\u00a0\\u00bb\"},\"previousItem\":{\"@type\":\"ListItem\",\"@id\":\"https:\\\/\\\/maisonecohuis.be#listItem\",\"name\":\"Home\"}},{\"@type\":\"ListItem\",\"@id\":\"https:\\\/\\\/maisonecohuis.be\\\/?p=3835#listItem\",\"position\":3,\"name\":\"Mercredi 17 avril: Conf\\u00e9rence \\u00ab\\u00a0Un jardin pour les oiseaux\\u00a0\\u00bb\",\"previousItem\":{\"@type\":\"ListItem\",\"@id\":\"https:\\\/\\\/maisonecohuis.be\\\/?cat=78#listItem\",\"name\":\"Cl\\u00f4tur\\u00e9\"}}]},{\"@type\":\"Organization\",\"@id\":\"https:\\\/\\\/maisonecohuis.be\\\/#organization\",\"name\":\"MaisonEcoHuis\",\"description\":\"Guichet citoyen du climat et de la biodiversit\\u00e9 - Buurtloket climaat en biodiversiteit\",\"url\":\"https:\\\/\\\/maisonecohuis.be\\\/\",\"logo\":{\"@type\":\"ImageObject\",\"url\":\"https:\\\/\\\/maisonecohuis.be\\\/wp-content\\\/uploads\\\/2018\\\/04\\\/MaisonEcoHuis_Horizontal_Pantone.jpg\",\"@id\":\"https:\\\/\\\/maisonecohuis.be\\\/?p=3835\\\/#organizationLogo\",\"width\":623,\"height\":183},\"image\":{\"@id\":\"https:\\\/\\\/maisonecohuis.be\\\/?p=3835\\\/#organizationLogo\"}},{\"@type\":\"Person\",\"@id\":\"https:\\\/\\\/maisonecohuis.be\\\/?author=1#author\",\"url\":\"https:\\\/\\\/maisonecohuis.be\\\/?author=1\",\"name\":\"MaisonEcoHuis\",\"image\":{\"@type\":\"ImageObject\",\"@id\":\"https:\\\/\\\/maisonecohuis.be\\\/?p=3835#authorImage\",\"url\":\"https:\\\/\\\/secure.gravatar.com\\\/avatar\\\/1ba84678dc368f1cb1c7792546471868f8e4be393c134f9d5b6eda8cc55a95db?s=96&d=mm&r=g\",\"width\":96,\"height\":96,\"caption\":\"MaisonEcoHuis\"}},{\"@type\":\"WebPage\",\"@id\":\"https:\\\/\\\/maisonecohuis.be\\\/?p=3835#webpage\",\"url\":\"https:\\\/\\\/maisonecohuis.be\\\/?p=3835\",\"name\":\"Mercredi 17 avril: Conf\\u00e9rence \\u00ab Un jardin pour les oiseaux \\u00bb - MaisonEcoHuis\",\"description\":\"Vous avez un jardin, une terrasse ou m\\u00eame un balcon? Vous souhaitez le rendre accueillant pour les oiseaux et la biodiversit\\u00e9? Venez d\\u00e9couvrir les nombreux conseils en la mati\\u00e8re \\u00e0 la conf\\u00e9rence donn\\u00e9e par Moineaux & Biodiversit\\u00e9! Elle est \\u00e0 l\\u2019initiative du Service bien-\\u00eatre animal.Quand? Mercredi 17 avril, de 19 \\u00e0 21h O\\u00f9? Pianofabriek, salle\",\"inLanguage\":\"fr-BE\",\"isPartOf\":{\"@id\":\"https:\\\/\\\/maisonecohuis.be\\\/#website\"},\"breadcrumb\":{\"@id\":\"https:\\\/\\\/maisonecohuis.be\\\/?p=3835#breadcrumblist\"},\"author\":{\"@id\":\"https:\\\/\\\/maisonecohuis.be\\\/?author=1#author\"},\"creator\":{\"@id\":\"https:\\\/\\\/maisonecohuis.be\\\/?author=1#author\"},\"image\":{\"@type\":\"ImageObject\",\"url\":\"https:\\\/\\\/maisonecohuis.be\\\/wp-content\\\/uploads\\\/2024\\\/04\\\/20230522_152439-scaled-e1712668774105.jpg\",\"@id\":\"https:\\\/\\\/maisonecohuis.be\\\/?p=3835\\\/#mainImage\",\"width\":1595,\"height\":1356},\"primaryImageOfPage\":{\"@id\":\"https:\\\/\\\/maisonecohuis.be\\\/?p=3835#mainImage\"},\"datePublished\":\"2024-04-09T15:20:47+02:00\",\"dateModified\":\"2024-05-07T17:14:17+02:00\"},{\"@type\":\"WebSite\",\"@id\":\"https:\\\/\\\/maisonecohuis.be\\\/#website\",\"url\":\"https:\\\/\\\/maisonecohuis.be\\\/\",\"name\":\"MaisonEcoHuis\",\"description\":\"Guichet citoyen du climat et de la biodiversit\\u00e9 - Buurtloket climaat en biodiversiteit\",\"inLanguage\":\"fr-BE\",\"publisher\":{\"@id\":\"https:\\\/\\\/maisonecohuis.be\\\/#organization\"}}]}\n\t\t<\/script>\n\t\t<!-- All in One SEO -->\n\n","aioseo_head_json":{"title":"Mercredi 17 avril: Conf\u00e9rence \u00ab Un jardin pour les oiseaux \u00bb - MaisonEcoHuis","description":"Vous avez un jardin, une terrasse ou m\u00eame un balcon? Vous souhaitez le rendre accueillant pour les oiseaux et la biodiversit\u00e9? Venez d\u00e9couvrir les nombreux conseils en la mati\u00e8re \u00e0 la conf\u00e9rence donn\u00e9e par Moineaux & Biodiversit\u00e9! Elle est \u00e0 l\u2019initiative du Service bien-\u00eatre animal.Quand? Mercredi 17 avril, de 19 \u00e0 21h O\u00f9? Pianofabriek, salle","canonical_url":"https:\/\/maisonecohuis.be\/?p=3835","robots":"max-image-preview:large","keywords":"","webmasterTools":{"miscellaneous":""},"schema":{"@context":"https:\/\/schema.org","@graph":[{"@type":"BlogPosting","@id":"https:\/\/maisonecohuis.be\/?p=3835#blogposting","name":"Mercredi 17 avril: Conf\u00e9rence \u00ab Un jardin pour les oiseaux \u00bb - MaisonEcoHuis","headline":"Mercredi 17 avril: Conf\u00e9rence \u00ab\u00a0Un jardin pour les oiseaux\u00a0\u00bb","author":{"@id":"https:\/\/maisonecohuis.be\/?author=1#author"},"publisher":{"@id":"https:\/\/maisonecohuis.be\/#organization"},"image":{"@type":"ImageObject","url":"https:\/\/maisonecohuis.be\/wp-content\/uploads\/2024\/04\/20230522_152439-scaled-e1712668774105.jpg","width":1595,"height":1356},"datePublished":"2024-04-09T15:20:47+02:00","dateModified":"2024-05-07T17:14:17+02:00","inLanguage":"fr-BE","mainEntityOfPage":{"@id":"https:\/\/maisonecohuis.be\/?p=3835#webpage"},"isPartOf":{"@id":"https:\/\/maisonecohuis.be\/?p=3835#webpage"},"articleSection":"Cl\u00f4tur\u00e9, Fran\u00e7ais, pll_66154141b152b"},{"@type":"BreadcrumbList","@id":"https:\/\/maisonecohuis.be\/?p=3835#breadcrumblist","itemListElement":[{"@type":"ListItem","@id":"https:\/\/maisonecohuis.be#listItem","position":1,"name":"Home","item":"https:\/\/maisonecohuis.be","nextItem":{"@type":"ListItem","@id":"https:\/\/maisonecohuis.be\/?cat=78#listItem","name":"Cl\u00f4tur\u00e9"}},{"@type":"ListItem","@id":"https:\/\/maisonecohuis.be\/?cat=78#listItem","position":2,"name":"Cl\u00f4tur\u00e9","item":"https:\/\/maisonecohuis.be\/?cat=78","nextItem":{"@type":"ListItem","@id":"https:\/\/maisonecohuis.be\/?p=3835#listItem","name":"Mercredi 17 avril: Conf\u00e9rence \u00ab\u00a0Un jardin pour les oiseaux\u00a0\u00bb"},"previousItem":{"@type":"ListItem","@id":"https:\/\/maisonecohuis.be#listItem","name":"Home"}},{"@type":"ListItem","@id":"https:\/\/maisonecohuis.be\/?p=3835#listItem","position":3,"name":"Mercredi 17 avril: Conf\u00e9rence \u00ab\u00a0Un jardin pour les oiseaux\u00a0\u00bb","previousItem":{"@type":"ListItem","@id":"https:\/\/maisonecohuis.be\/?cat=78#listItem","name":"Cl\u00f4tur\u00e9"}}]},{"@type":"Organization","@id":"https:\/\/maisonecohuis.be\/#organization","name":"MaisonEcoHuis","description":"Guichet citoyen du climat et de la biodiversit\u00e9 - Buurtloket climaat en biodiversiteit","url":"https:\/\/maisonecohuis.be\/","logo":{"@type":"ImageObject","url":"https:\/\/maisonecohuis.be\/wp-content\/uploads\/2018\/04\/MaisonEcoHuis_Horizontal_Pantone.jpg","@id":"https:\/\/maisonecohuis.be\/?p=3835\/#organizationLogo","width":623,"height":183},"image":{"@id":"https:\/\/maisonecohuis.be\/?p=3835\/#organizationLogo"}},{"@type":"Person","@id":"https:\/\/maisonecohuis.be\/?author=1#author","url":"https:\/\/maisonecohuis.be\/?author=1","name":"MaisonEcoHuis","image":{"@type":"ImageObject","@id":"https:\/\/maisonecohuis.be\/?p=3835#authorImage","url":"https:\/\/secure.gravatar.com\/avatar\/1ba84678dc368f1cb1c7792546471868f8e4be393c134f9d5b6eda8cc55a95db?s=96&d=mm&r=g","width":96,"height":96,"caption":"MaisonEcoHuis"}},{"@type":"WebPage","@id":"https:\/\/maisonecohuis.be\/?p=3835#webpage","url":"https:\/\/maisonecohuis.be\/?p=3835","name":"Mercredi 17 avril: Conf\u00e9rence \u00ab Un jardin pour les oiseaux \u00bb - MaisonEcoHuis","description":"Vous avez un jardin, une terrasse ou m\u00eame un balcon? Vous souhaitez le rendre accueillant pour les oiseaux et la biodiversit\u00e9? Venez d\u00e9couvrir les nombreux conseils en la mati\u00e8re \u00e0 la conf\u00e9rence donn\u00e9e par Moineaux & Biodiversit\u00e9! Elle est \u00e0 l\u2019initiative du Service bien-\u00eatre animal.Quand? Mercredi 17 avril, de 19 \u00e0 21h O\u00f9? Pianofabriek, salle","inLanguage":"fr-BE","isPartOf":{"@id":"https:\/\/maisonecohuis.be\/#website"},"breadcrumb":{"@id":"https:\/\/maisonecohuis.be\/?p=3835#breadcrumblist"},"author":{"@id":"https:\/\/maisonecohuis.be\/?author=1#author"},"creator":{"@id":"https:\/\/maisonecohuis.be\/?author=1#author"},"image":{"@type":"ImageObject","url":"https:\/\/maisonecohuis.be\/wp-content\/uploads\/2024\/04\/20230522_152439-scaled-e1712668774105.jpg","@id":"https:\/\/maisonecohuis.be\/?p=3835\/#mainImage","width":1595,"height":1356},"primaryImageOfPage":{"@id":"https:\/\/maisonecohuis.be\/?p=3835#mainImage"},"datePublished":"2024-04-09T15:20:47+02:00","dateModified":"2024-05-07T17:14:17+02:00"},{"@type":"WebSite","@id":"https:\/\/maisonecohuis.be\/#website","url":"https:\/\/maisonecohuis.be\/","name":"MaisonEcoHuis","description":"Guichet citoyen du climat et de la biodiversit\u00e9 - Buurtloket climaat en biodiversiteit","inLanguage":"fr-BE","publisher":{"@id":"https:\/\/maisonecohuis.be\/#organization"}}]},"og:locale":"fr_FR","og:site_name":"MaisonEcoHuis - Guichet citoyen du climat et de la biodiversit\u00e9 - Buurtloket climaat en biodiversiteit","og:type":"article","og:title":"Mercredi 17 avril: Conf\u00e9rence \u00ab Un jardin pour les oiseaux \u00bb - MaisonEcoHuis","og:description":"Vous avez un jardin, une terrasse ou m\u00eame un balcon? Vous souhaitez le rendre accueillant pour les oiseaux et la biodiversit\u00e9? Venez d\u00e9couvrir les nombreux conseils en la mati\u00e8re \u00e0 la conf\u00e9rence donn\u00e9e par Moineaux &amp; Biodiversit\u00e9! Elle est \u00e0 l\u2019initiative du Service bien-\u00eatre animal.Quand? Mercredi 17 avril, de 19 \u00e0 21h O\u00f9? Pianofabriek, salle","og:url":"https:\/\/maisonecohuis.be\/?p=3835","og:image":"https:\/\/maisonecohuis.be\/wp-content\/uploads\/2018\/04\/MaisonEcoHuis_Horizontal_Pantone.jpg","og:image:secure_url":"https:\/\/maisonecohuis.be\/wp-content\/uploads\/2018\/04\/MaisonEcoHuis_Horizontal_Pantone.jpg","og:image:width":623,"og:image:height":183,"article:published_time":"2024-04-09T13:20:47+00:00","article:modified_time":"2024-05-07T15:14:17+00:00","twitter:card":"summary_large_image","twitter:title":"Mercredi 17 avril: Conf\u00e9rence \u00ab Un jardin pour les oiseaux \u00bb - MaisonEcoHuis","twitter:description":"Vous avez un jardin, une terrasse ou m\u00eame un balcon? Vous souhaitez le rendre accueillant pour les oiseaux et la biodiversit\u00e9? Venez d\u00e9couvrir les nombreux conseils en la mati\u00e8re \u00e0 la conf\u00e9rence donn\u00e9e par Moineaux &amp; Biodiversit\u00e9! Elle est \u00e0 l\u2019initiative du Service bien-\u00eatre animal.Quand? Mercredi 17 avril, de 19 \u00e0 21h O\u00f9? Pianofabriek, salle","twitter:image":"https:\/\/maisonecohuis.be\/wp-content\/uploads\/2018\/04\/MaisonEcoHuis_Horizontal_Pantone.jpg"},"aioseo_meta_data":{"post_id":"3835","title":null,"description":null,"keywords":[],"keyphrases":{"focus":{"keyphrase":"","score":0,"analysis":{"keyphraseInTitle":{"score":0,"maxScore":9,"error":1}}},"additional":[]},"primary_term":null,"canonical_url":null,"og_title":null,"og_description":null,"og_object_type":"default","og_image_type":"default","og_image_url":null,"og_image_width":null,"og_image_height":null,"og_image_custom_url":null,"og_image_custom_fields":null,"og_video":"","og_custom_url":null,"og_article_section":null,"og_article_tags":[],"twitter_use_og":false,"twitter_card":"default","twitter_image_type":"default","twitter_image_url":null,"twitter_image_custom_url":null,"twitter_image_custom_fields":null,"twitter_title":null,"twitter_description":null,"schema":{"blockGraphs":[],"customGraphs":[],"default":{"data":{"Article":[],"Course":[],"Dataset":[],"FAQPage":[],"Movie":[],"Person":[],"Product":[],"ProductReview":[],"Car":[],"Recipe":[],"Service":[],"SoftwareApplication":[],"WebPage":[]},"graphName":"BlogPosting","isEnabled":true},"graphs":[]},"schema_type":"default","schema_type_options":null,"pillar_content":false,"robots_default":true,"robots_noindex":false,"robots_noarchive":false,"robots_nosnippet":false,"robots_nofollow":false,"robots_noimageindex":false,"robots_noodp":false,"robots_notranslate":false,"robots_max_snippet":"-1","robots_max_videopreview":"-1","robots_max_imagepreview":"large","priority":null,"frequency":"default","local_seo":null,"breadcrumb_settings":null,"limit_modified_date":false,"ai":null,"created":"2024-04-09 13:19:46","updated":"2024-05-07 15:24:18","focus_keyword":null,"additional_keywords":null,"truseo_locale":null,"seo_analyzer_scan_date":null},"aioseo_breadcrumb":"<div class=\"aioseo-breadcrumbs\"><span class=\"aioseo-breadcrumb\">\n\t\t\t<a href=\"https:\/\/maisonecohuis.be\" title=\"Home\">Home<\/a>\n\t\t<\/span><span class=\"aioseo-breadcrumb-separator\">&raquo;<\/span><span class=\"aioseo-breadcrumb\">\n\t\t\t<a href=\"https:\/\/maisonecohuis.be\/?cat=78\" title=\"Cl\u00f4tur\u00e9\">Cl\u00f4tur\u00e9<\/a>\n\t\t<\/span><span class=\"aioseo-breadcrumb-separator\">&raquo;<\/span><span class=\"aioseo-breadcrumb\">\n\t\t\tMercredi 17 avril: Conf\u00e9rence \u00ab Un jardin pour les oiseaux \u00bb\n\t\t<\/span><\/div>","aioseo_breadcrumb_json":[{"label":"Home","link":"https:\/\/maisonecohuis.be"},{"label":"Cl\u00f4tur\u00e9","link":"https:\/\/maisonecohuis.be\/?cat=78"},{"label":"Mercredi 17 avril: Conf\u00e9rence \u00ab\u00a0Un jardin pour les oiseaux\u00a0\u00bb","link":"https:\/\/maisonecohuis.be\/?p=3835"}],"_links":{"self":[{"href":"https:\/\/maisonecohuis.be\/index.php?rest_route=\/wp\/v2\/posts\/3835","targetHints":{"allow":["GET"]}}],"collection":[{"href":"https:\/\/maisonecohuis.be\/index.php?rest_route=\/wp\/v2\/posts"}],"about":[{"href":"https:\/\/maisonecohuis.be\/index.php?rest_route=\/wp\/v2\/types\/post"}],"author":[{"embeddable":true,"href":"https:\/\/maisonecohuis.be\/index.php?rest_route=\/wp\/v2\/users\/1"}],"replies":[{"embeddable":true,"href":"https:\/\/maisonecohuis.be\/index.php?rest_route=%2Fwp%2Fv2%2Fcomments&post=3835"}],"version-history":[{"count":2,"href":"https:\/\/maisonecohuis.be\/index.php?rest_route=\/wp\/v2\/posts\/3835\/revisions"}],"predecessor-version":[{"id":3838,"href":"https:\/\/maisonecohuis.be\/index.php?rest_route=\/wp\/v2\/posts\/3835\/revisions\/3838"}],"wp:featuredmedia":[{"embeddable":true,"href":"https:\/\/maisonecohuis.be\/index.php?rest_route=\/wp\/v2\/media\/3836"}],"wp:attachment":[{"href":"https:\/\/maisonecohuis.be\/index.php?rest_route=%2Fwp%2Fv2%2Fmedia&parent=3835"}],"wp:term":[{"taxonomy":"category","embeddable":true,"href":"https:\/\/maisonecohuis.be\/index.php?rest_route=%2Fwp%2Fv2%2Fcategories&post=3835"},{"taxonomy":"post_tag","embeddable":true,"href":"https:\/\/maisonecohuis.be\/index.php?rest_route=%2Fwp%2Fv2%2Ftags&post=3835"}],"curies":[{"name":"wp","href":"https:\/\/api.w.org\/{rel}","templated":true}]}}