{"id":3723,"date":"2024-02-21T11:42:27","date_gmt":"2024-02-21T10:42:27","guid":{"rendered":"http:\/\/maisonecohuis.be\/?p=3723"},"modified":"2024-02-21T17:03:34","modified_gmt":"2024-02-21T16:03:34","slug":"brussels-be-fair-awards-edition-2024","status":"publish","type":"post","link":"https:\/\/maisonecohuis.be\/?p=3723","title":{"rendered":"Brussels Be Fair Awards &#8211; Edition 2024"},"content":{"rendered":"<p><span class=\"fontstyle0\">Dans le cadre de la mise en \u0153uvre de la campagne <\/span><span class=\"fontstyle0\">\u201c<a href=\"https:\/\/www.tdc-enabel.be\/fr\/2021\/05\/20\/une-campagne-portee-par-la-plateforme-du-commerce-equitable-en-region-de-bruxelles-capitale\/\" target=\"_blank\" rel=\"noopener\">Faire de BruxellesCapitale une R\u00e9gion du commerce \u00e9quitable<\/a>\u201d <\/span><span class=\"fontstyle0\">lanc\u00e9e en mai 2021 au Parlement bruxellois, le Trade for Development Centre (Enabel) et la <strong>campagne Communes du Commerce \u00e9quitable<\/strong> (Oxfam-Magasins du Monde) lancent l\u2019\u00e9dition 2024 des <strong>Brussels Be Fair Awards<\/strong>.<br \/>\n<\/span><\/p>\n<p><span class=\"fontstyle0\">Toute organisation \u00e9tablie en R\u00e9gion de Bruxelles-Capitale (services publics, entreprises, \u00e9tablissements scolaires, asbl, etc.) qui contribue activement \u00e0 la promotion du commerce \u00e9quitable (que ce soit par des actions de sensibilisation et\/ou des achats de produits \u00e9quitables) peut introduire un dossier et tenter de remporter un des <strong>trois prix<\/strong>:<\/span> <a href=\"http:\/\/maisonecohuis.be\/wp-content\/uploads\/2024\/02\/Capture-d\u00e9cran-2024-02-21-111201.png\"><img loading=\"lazy\" decoding=\"async\" class=\"alignnone size-full wp-image-3726\" src=\"http:\/\/maisonecohuis.be\/wp-content\/uploads\/2024\/02\/Capture-d\u00e9cran-2024-02-21-111201.png\" alt=\"\" width=\"1039\" height=\"184\" srcset=\"https:\/\/maisonecohuis.be\/wp-content\/uploads\/2024\/02\/Capture-d\u00e9cran-2024-02-21-111201.png 1039w, https:\/\/maisonecohuis.be\/wp-content\/uploads\/2024\/02\/Capture-d\u00e9cran-2024-02-21-111201-300x53.png 300w, https:\/\/maisonecohuis.be\/wp-content\/uploads\/2024\/02\/Capture-d\u00e9cran-2024-02-21-111201-768x136.png 768w, https:\/\/maisonecohuis.be\/wp-content\/uploads\/2024\/02\/Capture-d\u00e9cran-2024-02-21-111201-1024x181.png 1024w\" sizes=\"auto, (max-width: 1039px) 100vw, 1039px\" \/><\/a>Les organisations gagnantes recevront:<br \/>\n\u2234 soit un ensemble de produits \u00e9quitables<br \/>\n\u2234 soit une visite d\u2019une entreprise\/organisation de commerce \u00e9quitable<br \/>\n\u2234 soit (s\u2019il s\u2019agit d\u2019un \u00e9tablissement scolaire) une animation ou une repr\u00e9sentation d\u2019une pi\u00e8ce de th\u00e9\u00e2tre-action sur l\u2019alimentation durable et\/ou le commerce \u00e9quitable.<\/p>\n<p>Le formulaire de candidature ainsi que le r\u00e8glement du concours sont t\u00e9l\u00e9chargeables sur la <a href=\"https:\/\/ftbrussels.org\/lancement-du-concours-brussels-be-fair-awards-2024\/\" target=\"_blank\" rel=\"noopener\">page<\/a> d\u00e9di\u00e9e du site web de la campagne r\u00e9gionale bruxelloise. La <strong>limite<\/strong> pour l\u2019envoi des formulaires de participation est le <strong>30 avril 2024<\/strong>.<br \/>\n\u0152uvrons ensemble pour des relations commerciales plus \u00e9thiques et durables!<\/p>\n<p><a href=\"http:\/\/maisonecohuis.be\/wp-content\/uploads\/2021\/12\/cdce.png\"><img loading=\"lazy\" decoding=\"async\" class=\"alignnone  wp-image-2141 aligncenter\" src=\"http:\/\/maisonecohuis.be\/wp-content\/uploads\/2021\/12\/cdce.png\" alt=\"\" width=\"173\" height=\"147\" srcset=\"https:\/\/maisonecohuis.be\/wp-content\/uploads\/2021\/12\/cdce.png 477w, https:\/\/maisonecohuis.be\/wp-content\/uploads\/2021\/12\/cdce-300x255.png 300w\" sizes=\"auto, (max-width: 173px) 100vw, 173px\" \/><\/a><\/p>\n","protected":false},"excerpt":{"rendered":"<p>Dans le cadre de la mise en \u0153uvre de la campagne \u201cFaire de BruxellesCapitale une R\u00e9gion du commerce \u00e9quitable\u201d lanc\u00e9e en mai 2021 au Parlement [&hellip;] <span class=\"read-more-link\"><a class=\"read-more\" href=\"https:\/\/maisonecohuis.be\/?p=3723\">Read More<\/a><\/span><\/p>\n","protected":false},"author":1,"featured_media":3725,"comment_status":"closed","ping_status":"open","sticky":false,"template":"","format":"standard","meta":{"om_disable_all_campaigns":false,"_monsterinsights_skip_tracking":false,"_monsterinsights_sitenote_active":false,"_monsterinsights_sitenote_note":"","_monsterinsights_sitenote_category":0,"_uf_show_specific_survey":0,"_uf_disable_surveys":false,"footnotes":""},"categories":[72],"tags":[],"class_list":["post-3723","post","type-post","status-publish","format-standard","has-post-thumbnail","hentry","category-a-venir"],"aioseo_notices":[],"_links":{"self":[{"href":"https:\/\/maisonecohuis.be\/index.php?rest_route=\/wp\/v2\/posts\/3723","targetHints":{"allow":["GET"]}}],"collection":[{"href":"https:\/\/maisonecohuis.be\/index.php?rest_route=\/wp\/v2\/posts"}],"about":[{"href":"https:\/\/maisonecohuis.be\/index.php?rest_route=\/wp\/v2\/types\/post"}],"author":[{"embeddable":true,"href":"https:\/\/maisonecohuis.be\/index.php?rest_route=\/wp\/v2\/users\/1"}],"replies":[{"embeddable":true,"href":"https:\/\/maisonecohuis.be\/index.php?rest_route=%2Fwp%2Fv2%2Fcomments&post=3723"}],"version-history":[{"count":7,"href":"https:\/\/maisonecohuis.be\/index.php?rest_route=\/wp\/v2\/posts\/3723\/revisions"}],"predecessor-version":[{"id":3749,"href":"https:\/\/maisonecohuis.be\/index.php?rest_route=\/wp\/v2\/posts\/3723\/revisions\/3749"}],"wp:featuredmedia":[{"embeddable":true,"href":"https:\/\/maisonecohuis.be\/index.php?rest_route=\/wp\/v2\/media\/3725"}],"wp:attachment":[{"href":"https:\/\/maisonecohuis.be\/index.php?rest_route=%2Fwp%2Fv2%2Fmedia&parent=3723"}],"wp:term":[{"taxonomy":"category","embeddable":true,"href":"https:\/\/maisonecohuis.be\/index.php?rest_route=%2Fwp%2Fv2%2Fcategories&post=3723"},{"taxonomy":"post_tag","embeddable":true,"href":"https:\/\/maisonecohuis.be\/index.php?rest_route=%2Fwp%2Fv2%2Ftags&post=3723"}],"curies":[{"name":"wp","href":"https:\/\/api.w.org\/{rel}","templated":true}]}}