{"id":3674,"date":"2024-02-09T15:55:21","date_gmt":"2024-02-09T14:55:21","guid":{"rendered":"http:\/\/maisonecohuis.be\/?p=3674"},"modified":"2024-02-26T16:06:31","modified_gmt":"2024-02-26T15:06:31","slug":"2e-conference-sur-la-protection-des-oiseaux-vendredi-23-02","status":"publish","type":"post","link":"https:\/\/maisonecohuis.be\/?p=3674","title":{"rendered":"2e Conf\u00e9rence sur la protection des oiseaux -Vendredi 23\/02"},"content":{"rendered":"<p>Quels oiseaux nichent dans des cavit\u00e9s?<br \/>\nComment rendre son habitat accueillant pour l\u2019avifaune?<br \/>\nO\u00f9 et comment installer des nichoirs?<\/p>\n<p>Venez d\u00e9couvrir les r\u00e9ponses \u00e0 ces questions ce vendredi <strong>23 f\u00e9vrier\u00a0<\/strong>de 19h \u00e0 22h au <a href=\"https:\/\/www.pianofabriek.be\/\" target=\"_blank\" rel=\"noopener\"><strong>Pianofabriek<\/strong><\/a> <em> (Salle Casablanca II &#8211; Rue du Fort, 35<\/em>) !<br \/>\nLa conf\u00e9rence &lsquo;<span style=\"color: #000080;\"><strong>Nichoirs et habitat vivant<\/strong><\/span>&lsquo; sera donn\u00e9e par l\u2019asbl <strong>Moineaux &amp; Biodiversit\u00e9<\/strong>, \u00e0 l&rsquo;initiative du <strong>Service Bien-\u00eatre animal<\/strong> de Saint-Gilles.<\/p>\n<p>Gratuit. Inscription souhait\u00e9e: <a href=\"https:\/\/forms.gle\/VxSbcBKrcmQLri4h7\" target=\"_blank\" rel=\"noopener\">ici<\/a> ou par mail \u00e0 <a href=\"mailto:maisonecohuis@stgilles.brussels\">maisonecohuis@stgilles.brussels<\/a>.<br \/>\nPlus d\u2019infos: <a href=\"mailto:maisonecohuis@stgilles.brussels\">maisonecohuis@stgilles.brussels<\/a> \u2013 0490 47 64 01<\/p>\n<p><a href=\"https:\/\/maisonecohuis.be\/?page_id=1699\" target=\"_blank\" rel=\"noopener\"><img loading=\"lazy\" decoding=\"async\" class=\"alignnone size-full wp-image-2854\" src=\"http:\/\/maisonecohuis.be\/wp-content\/uploads\/2023\/03\/Double-page.jpg\" alt=\"\" width=\"1488\" height=\"1061\" srcset=\"https:\/\/maisonecohuis.be\/wp-content\/uploads\/2023\/03\/Double-page.jpg 1488w, https:\/\/maisonecohuis.be\/wp-content\/uploads\/2023\/03\/Double-page-300x214.jpg 300w, https:\/\/maisonecohuis.be\/wp-content\/uploads\/2023\/03\/Double-page-768x548.jpg 768w, https:\/\/maisonecohuis.be\/wp-content\/uploads\/2023\/03\/Double-page-1024x730.jpg 1024w\" sizes=\"auto, (max-width: 1488px) 100vw, 1488px\" \/><\/a><\/p>\n<p>\u00c0 suivre encore, deux autres autres conf\u00e9rences:<br \/>\n<strong>\u25ca <\/strong>Vendredi <strong>22 mars<\/strong>: <span style=\"color: #000080;\"><strong>Le moineau domestique et les Groupes Moineaux<\/strong><\/span><br \/>\nSaviez-vous qu\u2019\u00e0 Bruxelles, la population du moineau domestique a diminu\u00e9 de 95% en 30 ans? Comment reconna\u00eetre et prot\u00e9ger les moineaux domestiques?<br \/>\n<strong>O\u00f9<\/strong>? Encore \u00e0 pr\u00e9ciser<br \/>\n\u25ca Mercredi <strong>17 avril<\/strong>: <span style=\"color: #000080;\"><strong>Am\u00e9nager son jardin pour les oiseaux<\/strong><\/span><br \/>\nVous avez un jardin, une terrasse, un balcon ou simplement un rebord de fen\u00eatre? Quelles plantes et quels am\u00e9nagements sont b\u00e9n\u00e9fiques aux oiseaux?<br \/>\n<strong>O\u00f9<\/strong>? Pianofabriek, Salle Arenberg, Rue du Fort, 35<br \/>\n<a href=\"https:\/\/maisonecohuis.be\/?p=3560\">Conf\u00e9rences sur la protection des oiseaux<\/a><\/p>\n<p>&nbsp;<\/p>\n","protected":false},"excerpt":{"rendered":"<p>Quels oiseaux nichent dans des cavit\u00e9s? Comment rendre son habitat accueillant pour l\u2019avifaune? O\u00f9 et comment installer des nichoirs? Venez d\u00e9couvrir les r\u00e9ponses \u00e0 ces [&hellip;] <span class=\"read-more-link\"><a class=\"read-more\" href=\"https:\/\/maisonecohuis.be\/?p=3674\">Read More<\/a><\/span><\/p>\n","protected":false},"author":1,"featured_media":3719,"comment_status":"closed","ping_status":"open","sticky":false,"template":"","format":"standard","meta":{"om_disable_all_campaigns":false,"_monsterinsights_skip_tracking":false,"_uf_show_specific_survey":0,"_uf_disable_surveys":false,"footnotes":""},"categories":[78],"tags":[],"class_list":["post-3674","post","type-post","status-publish","format-standard","has-post-thumbnail","hentry","category-cloture"],"aioseo_notices":[],"aioseo_head":"\n\t\t<!-- All in One SEO 5.0.1.1 - aioseo.com -->\n\t<meta name=\"description\" content=\"Quels oiseaux nichent dans des cavit\u00e9s? Comment rendre son habitat accueillant pour l\u2019avifaune? O\u00f9 et comment installer des nichoirs? Venez d\u00e9couvrir les r\u00e9ponses \u00e0 ces questions ce vendredi 23 f\u00e9vrier de 19h \u00e0 22h au Pianofabriek (Salle Casablanca II - Rue du Fort, 35) ! La conf\u00e9rence &#039;Nichoirs et habitat vivant&#039; sera donn\u00e9e par l\u2019asbl Moineaux\" \/>\n\t<meta name=\"robots\" content=\"max-image-preview:large\" \/>\n\t<meta name=\"author\" content=\"MaisonEcoHuis\"\/>\n\t<link rel=\"canonical\" href=\"https:\/\/maisonecohuis.be\/?p=3674\" \/>\n\t<meta name=\"generator\" content=\"All in One SEO (AIOSEO) 5.0.1.1\" \/>\n\t\t<meta property=\"og:locale\" content=\"fr_FR\" \/>\n\t\t<meta property=\"og:site_name\" content=\"MaisonEcoHuis - Guichet citoyen du climat et de la biodiversit\u00e9 - Buurtloket climaat en biodiversiteit\" \/>\n\t\t<meta property=\"og:type\" content=\"article\" \/>\n\t\t<meta property=\"og:title\" content=\"2e Conf\u00e9rence sur la protection des oiseaux -Vendredi 23\/02 - MaisonEcoHuis\" \/>\n\t\t<meta property=\"og:description\" content=\"Quels oiseaux nichent dans des cavit\u00e9s? Comment rendre son habitat accueillant pour l\u2019avifaune? O\u00f9 et comment installer des nichoirs? Venez d\u00e9couvrir les r\u00e9ponses \u00e0 ces questions ce vendredi 23 f\u00e9vrier de 19h \u00e0 22h au Pianofabriek (Salle Casablanca II - Rue du Fort, 35) ! La conf\u00e9rence &#039;Nichoirs et habitat vivant&#039; sera donn\u00e9e par l\u2019asbl Moineaux\" \/>\n\t\t<meta property=\"og:url\" content=\"https:\/\/maisonecohuis.be\/?p=3674\" \/>\n\t\t<meta property=\"og:image\" content=\"https:\/\/maisonecohuis.be\/wp-content\/uploads\/2018\/04\/MaisonEcoHuis_Horizontal_Pantone.jpg\" \/>\n\t\t<meta property=\"og:image:secure_url\" content=\"https:\/\/maisonecohuis.be\/wp-content\/uploads\/2018\/04\/MaisonEcoHuis_Horizontal_Pantone.jpg\" \/>\n\t\t<meta property=\"og:image:width\" content=\"623\" \/>\n\t\t<meta property=\"og:image:height\" content=\"183\" \/>\n\t\t<meta property=\"article:published_time\" content=\"2024-02-09T14:55:21+00:00\" \/>\n\t\t<meta property=\"article:modified_time\" content=\"2024-02-26T15:06:31+00:00\" \/>\n\t\t<meta name=\"twitter:card\" content=\"summary_large_image\" \/>\n\t\t<meta name=\"twitter:title\" content=\"2e Conf\u00e9rence sur la protection des oiseaux -Vendredi 23\/02 - MaisonEcoHuis\" \/>\n\t\t<meta name=\"twitter:description\" content=\"Quels oiseaux nichent dans des cavit\u00e9s? Comment rendre son habitat accueillant pour l\u2019avifaune? O\u00f9 et comment installer des nichoirs? Venez d\u00e9couvrir les r\u00e9ponses \u00e0 ces questions ce vendredi 23 f\u00e9vrier de 19h \u00e0 22h au Pianofabriek (Salle Casablanca II - Rue du Fort, 35) ! La conf\u00e9rence &#039;Nichoirs et habitat vivant&#039; sera donn\u00e9e par l\u2019asbl Moineaux\" \/>\n\t\t<meta name=\"twitter:image\" content=\"https:\/\/maisonecohuis.be\/wp-content\/uploads\/2018\/04\/MaisonEcoHuis_Horizontal_Pantone.jpg\" \/>\n\t\t<script type=\"application\/ld+json\" class=\"aioseo-schema\">\n\t\t\t{\"@context\":\"https:\\\/\\\/schema.org\",\"@graph\":[{\"@type\":\"BlogPosting\",\"@id\":\"https:\\\/\\\/maisonecohuis.be\\\/?p=3674#blogposting\",\"name\":\"2e Conf\\u00e9rence sur la protection des oiseaux -Vendredi 23\\\/02 - MaisonEcoHuis\",\"headline\":\"2e Conf\\u00e9rence sur la protection des oiseaux -Vendredi 23\\\/02\",\"author\":{\"@id\":\"https:\\\/\\\/maisonecohuis.be\\\/?author=1#author\"},\"publisher\":{\"@id\":\"https:\\\/\\\/maisonecohuis.be\\\/#organization\"},\"image\":{\"@type\":\"ImageObject\",\"url\":\"https:\\\/\\\/maisonecohuis.be\\\/wp-content\\\/uploads\\\/2024\\\/02\\\/ConfOise2.png\",\"width\":605,\"height\":392},\"datePublished\":\"2024-02-09T15:55:21+01:00\",\"dateModified\":\"2024-02-26T16:06:31+01:00\",\"inLanguage\":\"fr-BE\",\"mainEntityOfPage\":{\"@id\":\"https:\\\/\\\/maisonecohuis.be\\\/?p=3674#webpage\"},\"isPartOf\":{\"@id\":\"https:\\\/\\\/maisonecohuis.be\\\/?p=3674#webpage\"},\"articleSection\":\"Cl\\u00f4tur\\u00e9, Fran\\u00e7ais, pll_65c63f9610eb3\"},{\"@type\":\"BreadcrumbList\",\"@id\":\"https:\\\/\\\/maisonecohuis.be\\\/?p=3674#breadcrumblist\",\"itemListElement\":[{\"@type\":\"ListItem\",\"@id\":\"https:\\\/\\\/maisonecohuis.be#listItem\",\"position\":1,\"name\":\"Home\",\"item\":\"https:\\\/\\\/maisonecohuis.be\",\"nextItem\":{\"@type\":\"ListItem\",\"@id\":\"https:\\\/\\\/maisonecohuis.be\\\/?cat=78#listItem\",\"name\":\"Cl\\u00f4tur\\u00e9\"}},{\"@type\":\"ListItem\",\"@id\":\"https:\\\/\\\/maisonecohuis.be\\\/?cat=78#listItem\",\"position\":2,\"name\":\"Cl\\u00f4tur\\u00e9\",\"item\":\"https:\\\/\\\/maisonecohuis.be\\\/?cat=78\",\"nextItem\":{\"@type\":\"ListItem\",\"@id\":\"https:\\\/\\\/maisonecohuis.be\\\/?p=3674#listItem\",\"name\":\"2e Conf\\u00e9rence sur la protection des oiseaux -Vendredi 23\\\/02\"},\"previousItem\":{\"@type\":\"ListItem\",\"@id\":\"https:\\\/\\\/maisonecohuis.be#listItem\",\"name\":\"Home\"}},{\"@type\":\"ListItem\",\"@id\":\"https:\\\/\\\/maisonecohuis.be\\\/?p=3674#listItem\",\"position\":3,\"name\":\"2e Conf\\u00e9rence sur la protection des oiseaux -Vendredi 23\\\/02\",\"previousItem\":{\"@type\":\"ListItem\",\"@id\":\"https:\\\/\\\/maisonecohuis.be\\\/?cat=78#listItem\",\"name\":\"Cl\\u00f4tur\\u00e9\"}}]},{\"@type\":\"Organization\",\"@id\":\"https:\\\/\\\/maisonecohuis.be\\\/#organization\",\"name\":\"MaisonEcoHuis\",\"description\":\"Guichet citoyen du climat et de la biodiversit\\u00e9 - Buurtloket climaat en biodiversiteit\",\"url\":\"https:\\\/\\\/maisonecohuis.be\\\/\",\"logo\":{\"@type\":\"ImageObject\",\"url\":\"https:\\\/\\\/maisonecohuis.be\\\/wp-content\\\/uploads\\\/2018\\\/04\\\/MaisonEcoHuis_Horizontal_Pantone.jpg\",\"@id\":\"https:\\\/\\\/maisonecohuis.be\\\/?p=3674\\\/#organizationLogo\",\"width\":623,\"height\":183},\"image\":{\"@id\":\"https:\\\/\\\/maisonecohuis.be\\\/?p=3674\\\/#organizationLogo\"}},{\"@type\":\"Person\",\"@id\":\"https:\\\/\\\/maisonecohuis.be\\\/?author=1#author\",\"url\":\"https:\\\/\\\/maisonecohuis.be\\\/?author=1\",\"name\":\"MaisonEcoHuis\",\"image\":{\"@type\":\"ImageObject\",\"@id\":\"https:\\\/\\\/maisonecohuis.be\\\/?p=3674#authorImage\",\"url\":\"https:\\\/\\\/secure.gravatar.com\\\/avatar\\\/1ba84678dc368f1cb1c7792546471868f8e4be393c134f9d5b6eda8cc55a95db?s=96&d=mm&r=g\",\"width\":96,\"height\":96,\"caption\":\"MaisonEcoHuis\"}},{\"@type\":\"WebPage\",\"@id\":\"https:\\\/\\\/maisonecohuis.be\\\/?p=3674#webpage\",\"url\":\"https:\\\/\\\/maisonecohuis.be\\\/?p=3674\",\"name\":\"2e Conf\\u00e9rence sur la protection des oiseaux -Vendredi 23\\\/02 - MaisonEcoHuis\",\"description\":\"Quels oiseaux nichent dans des cavit\\u00e9s? Comment rendre son habitat accueillant pour l\\u2019avifaune? O\\u00f9 et comment installer des nichoirs? Venez d\\u00e9couvrir les r\\u00e9ponses \\u00e0 ces questions ce vendredi 23 f\\u00e9vrier de 19h \\u00e0 22h au Pianofabriek (Salle Casablanca II - Rue du Fort, 35) ! La conf\\u00e9rence 'Nichoirs et habitat vivant' sera donn\\u00e9e par l\\u2019asbl Moineaux\",\"inLanguage\":\"fr-BE\",\"isPartOf\":{\"@id\":\"https:\\\/\\\/maisonecohuis.be\\\/#website\"},\"breadcrumb\":{\"@id\":\"https:\\\/\\\/maisonecohuis.be\\\/?p=3674#breadcrumblist\"},\"author\":{\"@id\":\"https:\\\/\\\/maisonecohuis.be\\\/?author=1#author\"},\"creator\":{\"@id\":\"https:\\\/\\\/maisonecohuis.be\\\/?author=1#author\"},\"image\":{\"@type\":\"ImageObject\",\"url\":\"https:\\\/\\\/maisonecohuis.be\\\/wp-content\\\/uploads\\\/2024\\\/02\\\/ConfOise2.png\",\"@id\":\"https:\\\/\\\/maisonecohuis.be\\\/?p=3674\\\/#mainImage\",\"width\":605,\"height\":392},\"primaryImageOfPage\":{\"@id\":\"https:\\\/\\\/maisonecohuis.be\\\/?p=3674#mainImage\"},\"datePublished\":\"2024-02-09T15:55:21+01:00\",\"dateModified\":\"2024-02-26T16:06:31+01:00\"},{\"@type\":\"WebSite\",\"@id\":\"https:\\\/\\\/maisonecohuis.be\\\/#website\",\"url\":\"https:\\\/\\\/maisonecohuis.be\\\/\",\"name\":\"MaisonEcoHuis\",\"description\":\"Guichet citoyen du climat et de la biodiversit\\u00e9 - Buurtloket climaat en biodiversiteit\",\"inLanguage\":\"fr-BE\",\"publisher\":{\"@id\":\"https:\\\/\\\/maisonecohuis.be\\\/#organization\"}}]}\n\t\t<\/script>\n\t\t<!-- All in One SEO -->\n\n","aioseo_head_json":{"title":"2e Conf\u00e9rence sur la protection des oiseaux -Vendredi 23\/02 - MaisonEcoHuis","description":"Quels oiseaux nichent dans des cavit\u00e9s? Comment rendre son habitat accueillant pour l\u2019avifaune? O\u00f9 et comment installer des nichoirs? Venez d\u00e9couvrir les r\u00e9ponses \u00e0 ces questions ce vendredi 23 f\u00e9vrier de 19h \u00e0 22h au Pianofabriek (Salle Casablanca II - Rue du Fort, 35) ! La conf\u00e9rence 'Nichoirs et habitat vivant' sera donn\u00e9e par l\u2019asbl Moineaux","canonical_url":"https:\/\/maisonecohuis.be\/?p=3674","robots":"max-image-preview:large","keywords":"","webmasterTools":{"miscellaneous":""},"schema":{"@context":"https:\/\/schema.org","@graph":[{"@type":"BlogPosting","@id":"https:\/\/maisonecohuis.be\/?p=3674#blogposting","name":"2e Conf\u00e9rence sur la protection des oiseaux -Vendredi 23\/02 - MaisonEcoHuis","headline":"2e Conf\u00e9rence sur la protection des oiseaux -Vendredi 23\/02","author":{"@id":"https:\/\/maisonecohuis.be\/?author=1#author"},"publisher":{"@id":"https:\/\/maisonecohuis.be\/#organization"},"image":{"@type":"ImageObject","url":"https:\/\/maisonecohuis.be\/wp-content\/uploads\/2024\/02\/ConfOise2.png","width":605,"height":392},"datePublished":"2024-02-09T15:55:21+01:00","dateModified":"2024-02-26T16:06:31+01:00","inLanguage":"fr-BE","mainEntityOfPage":{"@id":"https:\/\/maisonecohuis.be\/?p=3674#webpage"},"isPartOf":{"@id":"https:\/\/maisonecohuis.be\/?p=3674#webpage"},"articleSection":"Cl\u00f4tur\u00e9, Fran\u00e7ais, pll_65c63f9610eb3"},{"@type":"BreadcrumbList","@id":"https:\/\/maisonecohuis.be\/?p=3674#breadcrumblist","itemListElement":[{"@type":"ListItem","@id":"https:\/\/maisonecohuis.be#listItem","position":1,"name":"Home","item":"https:\/\/maisonecohuis.be","nextItem":{"@type":"ListItem","@id":"https:\/\/maisonecohuis.be\/?cat=78#listItem","name":"Cl\u00f4tur\u00e9"}},{"@type":"ListItem","@id":"https:\/\/maisonecohuis.be\/?cat=78#listItem","position":2,"name":"Cl\u00f4tur\u00e9","item":"https:\/\/maisonecohuis.be\/?cat=78","nextItem":{"@type":"ListItem","@id":"https:\/\/maisonecohuis.be\/?p=3674#listItem","name":"2e Conf\u00e9rence sur la protection des oiseaux -Vendredi 23\/02"},"previousItem":{"@type":"ListItem","@id":"https:\/\/maisonecohuis.be#listItem","name":"Home"}},{"@type":"ListItem","@id":"https:\/\/maisonecohuis.be\/?p=3674#listItem","position":3,"name":"2e Conf\u00e9rence sur la protection des oiseaux -Vendredi 23\/02","previousItem":{"@type":"ListItem","@id":"https:\/\/maisonecohuis.be\/?cat=78#listItem","name":"Cl\u00f4tur\u00e9"}}]},{"@type":"Organization","@id":"https:\/\/maisonecohuis.be\/#organization","name":"MaisonEcoHuis","description":"Guichet citoyen du climat et de la biodiversit\u00e9 - Buurtloket climaat en biodiversiteit","url":"https:\/\/maisonecohuis.be\/","logo":{"@type":"ImageObject","url":"https:\/\/maisonecohuis.be\/wp-content\/uploads\/2018\/04\/MaisonEcoHuis_Horizontal_Pantone.jpg","@id":"https:\/\/maisonecohuis.be\/?p=3674\/#organizationLogo","width":623,"height":183},"image":{"@id":"https:\/\/maisonecohuis.be\/?p=3674\/#organizationLogo"}},{"@type":"Person","@id":"https:\/\/maisonecohuis.be\/?author=1#author","url":"https:\/\/maisonecohuis.be\/?author=1","name":"MaisonEcoHuis","image":{"@type":"ImageObject","@id":"https:\/\/maisonecohuis.be\/?p=3674#authorImage","url":"https:\/\/secure.gravatar.com\/avatar\/1ba84678dc368f1cb1c7792546471868f8e4be393c134f9d5b6eda8cc55a95db?s=96&d=mm&r=g","width":96,"height":96,"caption":"MaisonEcoHuis"}},{"@type":"WebPage","@id":"https:\/\/maisonecohuis.be\/?p=3674#webpage","url":"https:\/\/maisonecohuis.be\/?p=3674","name":"2e Conf\u00e9rence sur la protection des oiseaux -Vendredi 23\/02 - MaisonEcoHuis","description":"Quels oiseaux nichent dans des cavit\u00e9s? Comment rendre son habitat accueillant pour l\u2019avifaune? O\u00f9 et comment installer des nichoirs? Venez d\u00e9couvrir les r\u00e9ponses \u00e0 ces questions ce vendredi 23 f\u00e9vrier de 19h \u00e0 22h au Pianofabriek (Salle Casablanca II - Rue du Fort, 35) ! La conf\u00e9rence 'Nichoirs et habitat vivant' sera donn\u00e9e par l\u2019asbl Moineaux","inLanguage":"fr-BE","isPartOf":{"@id":"https:\/\/maisonecohuis.be\/#website"},"breadcrumb":{"@id":"https:\/\/maisonecohuis.be\/?p=3674#breadcrumblist"},"author":{"@id":"https:\/\/maisonecohuis.be\/?author=1#author"},"creator":{"@id":"https:\/\/maisonecohuis.be\/?author=1#author"},"image":{"@type":"ImageObject","url":"https:\/\/maisonecohuis.be\/wp-content\/uploads\/2024\/02\/ConfOise2.png","@id":"https:\/\/maisonecohuis.be\/?p=3674\/#mainImage","width":605,"height":392},"primaryImageOfPage":{"@id":"https:\/\/maisonecohuis.be\/?p=3674#mainImage"},"datePublished":"2024-02-09T15:55:21+01:00","dateModified":"2024-02-26T16:06:31+01:00"},{"@type":"WebSite","@id":"https:\/\/maisonecohuis.be\/#website","url":"https:\/\/maisonecohuis.be\/","name":"MaisonEcoHuis","description":"Guichet citoyen du climat et de la biodiversit\u00e9 - Buurtloket climaat en biodiversiteit","inLanguage":"fr-BE","publisher":{"@id":"https:\/\/maisonecohuis.be\/#organization"}}]},"og:locale":"fr_FR","og:site_name":"MaisonEcoHuis - Guichet citoyen du climat et de la biodiversit\u00e9 - Buurtloket climaat en biodiversiteit","og:type":"article","og:title":"2e Conf\u00e9rence sur la protection des oiseaux -Vendredi 23\/02 - MaisonEcoHuis","og:description":"Quels oiseaux nichent dans des cavit\u00e9s? Comment rendre son habitat accueillant pour l\u2019avifaune? O\u00f9 et comment installer des nichoirs? Venez d\u00e9couvrir les r\u00e9ponses \u00e0 ces questions ce vendredi 23 f\u00e9vrier de 19h \u00e0 22h au Pianofabriek (Salle Casablanca II - Rue du Fort, 35) ! La conf\u00e9rence 'Nichoirs et habitat vivant' sera donn\u00e9e par l\u2019asbl Moineaux","og:url":"https:\/\/maisonecohuis.be\/?p=3674","og:image":"https:\/\/maisonecohuis.be\/wp-content\/uploads\/2018\/04\/MaisonEcoHuis_Horizontal_Pantone.jpg","og:image:secure_url":"https:\/\/maisonecohuis.be\/wp-content\/uploads\/2018\/04\/MaisonEcoHuis_Horizontal_Pantone.jpg","og:image:width":623,"og:image:height":183,"article:published_time":"2024-02-09T14:55:21+00:00","article:modified_time":"2024-02-26T15:06:31+00:00","twitter:card":"summary_large_image","twitter:title":"2e Conf\u00e9rence sur la protection des oiseaux -Vendredi 23\/02 - MaisonEcoHuis","twitter:description":"Quels oiseaux nichent dans des cavit\u00e9s? Comment rendre son habitat accueillant pour l\u2019avifaune? O\u00f9 et comment installer des nichoirs? Venez d\u00e9couvrir les r\u00e9ponses \u00e0 ces questions ce vendredi 23 f\u00e9vrier de 19h \u00e0 22h au Pianofabriek (Salle Casablanca II - Rue du Fort, 35) ! La conf\u00e9rence 'Nichoirs et habitat vivant' sera donn\u00e9e par l\u2019asbl Moineaux","twitter:image":"https:\/\/maisonecohuis.be\/wp-content\/uploads\/2018\/04\/MaisonEcoHuis_Horizontal_Pantone.jpg"},"aioseo_meta_data":{"post_id":"3674","title":null,"description":null,"keywords":null,"keyphrases":null,"primary_term":null,"canonical_url":null,"og_title":null,"og_description":null,"og_object_type":"default","og_image_type":"default","og_image_url":null,"og_image_width":null,"og_image_height":null,"og_image_custom_url":null,"og_image_custom_fields":null,"og_video":null,"og_custom_url":null,"og_article_section":null,"og_article_tags":null,"twitter_use_og":false,"twitter_card":"default","twitter_image_type":"default","twitter_image_url":null,"twitter_image_custom_url":null,"twitter_image_custom_fields":null,"twitter_title":null,"twitter_description":null,"schema":{"blockGraphs":[],"customGraphs":[],"default":{"data":{"Article":[],"Course":[],"Dataset":[],"FAQPage":[],"Movie":[],"Person":[],"Product":[],"ProductReview":[],"Car":[],"Recipe":[],"Service":[],"SoftwareApplication":[],"WebPage":[]},"graphName":"","isEnabled":true},"graphs":[]},"schema_type":"default","schema_type_options":null,"pillar_content":false,"robots_default":true,"robots_noindex":false,"robots_noarchive":false,"robots_nosnippet":false,"robots_nofollow":false,"robots_noimageindex":false,"robots_noodp":false,"robots_notranslate":false,"robots_max_snippet":null,"robots_max_videopreview":null,"robots_max_imagepreview":"large","priority":null,"frequency":null,"local_seo":null,"breadcrumb_settings":null,"limit_modified_date":false,"ai":null,"created":"2024-03-07 19:04:12","updated":"2024-03-07 19:04:12","focus_keyword":null,"additional_keywords":null,"truseo_locale":null,"seo_analyzer_scan_date":null},"aioseo_breadcrumb":"<div class=\"aioseo-breadcrumbs\"><span class=\"aioseo-breadcrumb\">\n\t\t\t<a href=\"https:\/\/maisonecohuis.be\" title=\"Home\">Home<\/a>\n\t\t<\/span><span class=\"aioseo-breadcrumb-separator\">&raquo;<\/span><span class=\"aioseo-breadcrumb\">\n\t\t\t<a href=\"https:\/\/maisonecohuis.be\/?cat=78\" title=\"Cl\u00f4tur\u00e9\">Cl\u00f4tur\u00e9<\/a>\n\t\t<\/span><span class=\"aioseo-breadcrumb-separator\">&raquo;<\/span><span class=\"aioseo-breadcrumb\">\n\t\t\t2e Conf\u00e9rence sur la protection des oiseaux -Vendredi 23\/02\n\t\t<\/span><\/div>","aioseo_breadcrumb_json":[{"label":"Home","link":"https:\/\/maisonecohuis.be"},{"label":"Cl\u00f4tur\u00e9","link":"https:\/\/maisonecohuis.be\/?cat=78"},{"label":"2e Conf\u00e9rence sur la protection des oiseaux -Vendredi 23\/02","link":"https:\/\/maisonecohuis.be\/?p=3674"}],"_links":{"self":[{"href":"https:\/\/maisonecohuis.be\/index.php?rest_route=\/wp\/v2\/posts\/3674","targetHints":{"allow":["GET"]}}],"collection":[{"href":"https:\/\/maisonecohuis.be\/index.php?rest_route=\/wp\/v2\/posts"}],"about":[{"href":"https:\/\/maisonecohuis.be\/index.php?rest_route=\/wp\/v2\/types\/post"}],"author":[{"embeddable":true,"href":"https:\/\/maisonecohuis.be\/index.php?rest_route=\/wp\/v2\/users\/1"}],"replies":[{"embeddable":true,"href":"https:\/\/maisonecohuis.be\/index.php?rest_route=%2Fwp%2Fv2%2Fcomments&post=3674"}],"version-history":[{"count":9,"href":"https:\/\/maisonecohuis.be\/index.php?rest_route=\/wp\/v2\/posts\/3674\/revisions"}],"predecessor-version":[{"id":3692,"href":"https:\/\/maisonecohuis.be\/index.php?rest_route=\/wp\/v2\/posts\/3674\/revisions\/3692"}],"wp:featuredmedia":[{"embeddable":true,"href":"https:\/\/maisonecohuis.be\/index.php?rest_route=\/wp\/v2\/media\/3719"}],"wp:attachment":[{"href":"https:\/\/maisonecohuis.be\/index.php?rest_route=%2Fwp%2Fv2%2Fmedia&parent=3674"}],"wp:term":[{"taxonomy":"category","embeddable":true,"href":"https:\/\/maisonecohuis.be\/index.php?rest_route=%2Fwp%2Fv2%2Fcategories&post=3674"},{"taxonomy":"post_tag","embeddable":true,"href":"https:\/\/maisonecohuis.be\/index.php?rest_route=%2Fwp%2Fv2%2Ftags&post=3674"}],"curies":[{"name":"wp","href":"https:\/\/api.w.org\/{rel}","templated":true}]}}