{"id":3455,"date":"2023-11-23T14:26:26","date_gmt":"2023-11-23T13:26:26","guid":{"rendered":"http:\/\/maisonecohuis.be\/?p=3455"},"modified":"2023-12-19T15:23:43","modified_gmt":"2023-12-19T14:23:43","slug":"fresque-des-frontieres-planetaires-jeudi-09-11","status":"publish","type":"post","link":"https:\/\/maisonecohuis.be\/?p=3455","title":{"rendered":"Fresque des fronti\u00e8res plan\u00e9taires jeudi 09\/11"},"content":{"rendered":"<p>Vous \u00eates pr\u00e9occup\u00e9\u00b7e par les d\u00e9fis environnementaux et souhaitez mieux comprendre les limites de notre plan\u00e8te?<\/p>\n<p>La Fresque des Fronti\u00e8res Plan\u00e9taires est un atelier ludique de 3h qui permet d&rsquo;examiner les neuf fronti\u00e8res plan\u00e9taires, de les cartographier et de relier les grandes questions \u00e9cologiques dans une optique syst\u00e9mique. Un atelier se tiendra le 29 novembre \u00e0 la MaisonEcoHuis, informations et inscriptions <a href=\"https:\/\/1erdegre.glide.page\/dl\/3b1bc8\/s\/df85fa\/r\/yHy6Y4V.SMCQYNWjB0iTMQ\" target=\"_blank\" rel=\"noopener\">ici<\/a>.<\/p>\n","protected":false},"excerpt":{"rendered":"<p>Vous \u00eates pr\u00e9occup\u00e9\u00b7e par les d\u00e9fis environnementaux et souhaitez mieux comprendre les limites de notre plan\u00e8te? La Fresque des Fronti\u00e8res Plan\u00e9taires est un atelier ludique [&hellip;] <span class=\"read-more-link\"><a class=\"read-more\" href=\"https:\/\/maisonecohuis.be\/?p=3455\">Read More<\/a><\/span><\/p>\n","protected":false},"author":1,"featured_media":3460,"comment_status":"closed","ping_status":"open","sticky":false,"template":"","format":"standard","meta":{"om_disable_all_campaigns":false,"_monsterinsights_skip_tracking":false,"_uf_show_specific_survey":0,"_uf_disable_surveys":false,"footnotes":""},"categories":[78],"tags":[],"class_list":["post-3455","post","type-post","status-publish","format-standard","has-post-thumbnail","hentry","category-cloture"],"aioseo_notices":[],"aioseo_head":"\n\t\t<!-- All in One SEO 5.0.1.1 - aioseo.com -->\n\t<meta name=\"description\" content=\"Vous \u00eates pr\u00e9occup\u00e9\u00b7e par les d\u00e9fis environnementaux et souhaitez mieux comprendre les limites de notre plan\u00e8te? La Fresque des Fronti\u00e8res Plan\u00e9taires est un atelier ludique de 3h qui permet d&#039;examiner les neuf fronti\u00e8res plan\u00e9taires, de les cartographier et de relier les grandes questions \u00e9cologiques dans une optique syst\u00e9mique. Un atelier se tiendra le 29 novembre\" \/>\n\t<meta name=\"robots\" content=\"max-image-preview:large\" \/>\n\t<meta name=\"author\" content=\"MaisonEcoHuis\"\/>\n\t<link rel=\"canonical\" href=\"https:\/\/maisonecohuis.be\/?p=3455\" \/>\n\t<meta name=\"generator\" content=\"All in One SEO (AIOSEO) 5.0.1.1\" \/>\n\t\t<meta property=\"og:locale\" content=\"fr_FR\" \/>\n\t\t<meta property=\"og:site_name\" content=\"MaisonEcoHuis - Guichet citoyen du climat et de la biodiversit\u00e9 - Buurtloket climaat en biodiversiteit\" \/>\n\t\t<meta property=\"og:type\" content=\"article\" \/>\n\t\t<meta property=\"og:title\" content=\"Fresque des fronti\u00e8res plan\u00e9taires jeudi 09\/11 - MaisonEcoHuis\" \/>\n\t\t<meta property=\"og:description\" content=\"Vous \u00eates pr\u00e9occup\u00e9\u00b7e par les d\u00e9fis environnementaux et souhaitez mieux comprendre les limites de notre plan\u00e8te? La Fresque des Fronti\u00e8res Plan\u00e9taires est un atelier ludique de 3h qui permet d&#039;examiner les neuf fronti\u00e8res plan\u00e9taires, de les cartographier et de relier les grandes questions \u00e9cologiques dans une optique syst\u00e9mique. Un atelier se tiendra le 29 novembre\" \/>\n\t\t<meta property=\"og:url\" content=\"https:\/\/maisonecohuis.be\/?p=3455\" \/>\n\t\t<meta property=\"og:image\" content=\"https:\/\/maisonecohuis.be\/wp-content\/uploads\/2018\/04\/MaisonEcoHuis_Horizontal_Pantone.jpg\" \/>\n\t\t<meta property=\"og:image:secure_url\" content=\"https:\/\/maisonecohuis.be\/wp-content\/uploads\/2018\/04\/MaisonEcoHuis_Horizontal_Pantone.jpg\" \/>\n\t\t<meta property=\"og:image:width\" content=\"623\" \/>\n\t\t<meta property=\"og:image:height\" content=\"183\" \/>\n\t\t<meta property=\"article:published_time\" content=\"2023-11-23T13:26:26+00:00\" \/>\n\t\t<meta property=\"article:modified_time\" content=\"2023-12-19T14:23:43+00:00\" \/>\n\t\t<meta name=\"twitter:card\" content=\"summary_large_image\" \/>\n\t\t<meta name=\"twitter:title\" content=\"Fresque des fronti\u00e8res plan\u00e9taires jeudi 09\/11 - MaisonEcoHuis\" \/>\n\t\t<meta name=\"twitter:description\" content=\"Vous \u00eates pr\u00e9occup\u00e9\u00b7e par les d\u00e9fis environnementaux et souhaitez mieux comprendre les limites de notre plan\u00e8te? La Fresque des Fronti\u00e8res Plan\u00e9taires est un atelier ludique de 3h qui permet d&#039;examiner les neuf fronti\u00e8res plan\u00e9taires, de les cartographier et de relier les grandes questions \u00e9cologiques dans une optique syst\u00e9mique. Un atelier se tiendra le 29 novembre\" \/>\n\t\t<meta name=\"twitter:image\" content=\"https:\/\/maisonecohuis.be\/wp-content\/uploads\/2018\/04\/MaisonEcoHuis_Horizontal_Pantone.jpg\" \/>\n\t\t<script type=\"application\/ld+json\" class=\"aioseo-schema\">\n\t\t\t{\"@context\":\"https:\\\/\\\/schema.org\",\"@graph\":[{\"@type\":\"BlogPosting\",\"@id\":\"https:\\\/\\\/maisonecohuis.be\\\/?p=3455#blogposting\",\"name\":\"Fresque des fronti\\u00e8res plan\\u00e9taires jeudi 09\\\/11 - MaisonEcoHuis\",\"headline\":\"Fresque des fronti\\u00e8res plan\\u00e9taires jeudi 09\\\/11\",\"author\":{\"@id\":\"https:\\\/\\\/maisonecohuis.be\\\/?author=1#author\"},\"publisher\":{\"@id\":\"https:\\\/\\\/maisonecohuis.be\\\/#organization\"},\"image\":{\"@type\":\"ImageObject\",\"url\":\"https:\\\/\\\/maisonecohuis.be\\\/wp-content\\\/uploads\\\/2023\\\/11\\\/fresque-frontieres.png\",\"width\":628,\"height\":428},\"datePublished\":\"2023-11-23T14:26:26+01:00\",\"dateModified\":\"2023-12-19T15:23:43+01:00\",\"inLanguage\":\"fr-BE\",\"mainEntityOfPage\":{\"@id\":\"https:\\\/\\\/maisonecohuis.be\\\/?p=3455#webpage\"},\"isPartOf\":{\"@id\":\"https:\\\/\\\/maisonecohuis.be\\\/?p=3455#webpage\"},\"articleSection\":\"Cl\\u00f4tur\\u00e9, Fran\\u00e7ais, pll_655f52dbe08f7\"},{\"@type\":\"BreadcrumbList\",\"@id\":\"https:\\\/\\\/maisonecohuis.be\\\/?p=3455#breadcrumblist\",\"itemListElement\":[{\"@type\":\"ListItem\",\"@id\":\"https:\\\/\\\/maisonecohuis.be#listItem\",\"position\":1,\"name\":\"Home\",\"item\":\"https:\\\/\\\/maisonecohuis.be\",\"nextItem\":{\"@type\":\"ListItem\",\"@id\":\"https:\\\/\\\/maisonecohuis.be\\\/?cat=78#listItem\",\"name\":\"Cl\\u00f4tur\\u00e9\"}},{\"@type\":\"ListItem\",\"@id\":\"https:\\\/\\\/maisonecohuis.be\\\/?cat=78#listItem\",\"position\":2,\"name\":\"Cl\\u00f4tur\\u00e9\",\"item\":\"https:\\\/\\\/maisonecohuis.be\\\/?cat=78\",\"nextItem\":{\"@type\":\"ListItem\",\"@id\":\"https:\\\/\\\/maisonecohuis.be\\\/?p=3455#listItem\",\"name\":\"Fresque des fronti\\u00e8res plan\\u00e9taires jeudi 09\\\/11\"},\"previousItem\":{\"@type\":\"ListItem\",\"@id\":\"https:\\\/\\\/maisonecohuis.be#listItem\",\"name\":\"Home\"}},{\"@type\":\"ListItem\",\"@id\":\"https:\\\/\\\/maisonecohuis.be\\\/?p=3455#listItem\",\"position\":3,\"name\":\"Fresque des fronti\\u00e8res plan\\u00e9taires jeudi 09\\\/11\",\"previousItem\":{\"@type\":\"ListItem\",\"@id\":\"https:\\\/\\\/maisonecohuis.be\\\/?cat=78#listItem\",\"name\":\"Cl\\u00f4tur\\u00e9\"}}]},{\"@type\":\"Organization\",\"@id\":\"https:\\\/\\\/maisonecohuis.be\\\/#organization\",\"name\":\"MaisonEcoHuis\",\"description\":\"Guichet citoyen du climat et de la biodiversit\\u00e9 - Buurtloket climaat en biodiversiteit\",\"url\":\"https:\\\/\\\/maisonecohuis.be\\\/\",\"logo\":{\"@type\":\"ImageObject\",\"url\":\"https:\\\/\\\/maisonecohuis.be\\\/wp-content\\\/uploads\\\/2018\\\/04\\\/MaisonEcoHuis_Horizontal_Pantone.jpg\",\"@id\":\"https:\\\/\\\/maisonecohuis.be\\\/?p=3455\\\/#organizationLogo\",\"width\":623,\"height\":183},\"image\":{\"@id\":\"https:\\\/\\\/maisonecohuis.be\\\/?p=3455\\\/#organizationLogo\"}},{\"@type\":\"Person\",\"@id\":\"https:\\\/\\\/maisonecohuis.be\\\/?author=1#author\",\"url\":\"https:\\\/\\\/maisonecohuis.be\\\/?author=1\",\"name\":\"MaisonEcoHuis\",\"image\":{\"@type\":\"ImageObject\",\"@id\":\"https:\\\/\\\/maisonecohuis.be\\\/?p=3455#authorImage\",\"url\":\"https:\\\/\\\/secure.gravatar.com\\\/avatar\\\/1ba84678dc368f1cb1c7792546471868f8e4be393c134f9d5b6eda8cc55a95db?s=96&d=mm&r=g\",\"width\":96,\"height\":96,\"caption\":\"MaisonEcoHuis\"}},{\"@type\":\"WebPage\",\"@id\":\"https:\\\/\\\/maisonecohuis.be\\\/?p=3455#webpage\",\"url\":\"https:\\\/\\\/maisonecohuis.be\\\/?p=3455\",\"name\":\"Fresque des fronti\\u00e8res plan\\u00e9taires jeudi 09\\\/11 - MaisonEcoHuis\",\"description\":\"Vous \\u00eates pr\\u00e9occup\\u00e9\\u00b7e par les d\\u00e9fis environnementaux et souhaitez mieux comprendre les limites de notre plan\\u00e8te? La Fresque des Fronti\\u00e8res Plan\\u00e9taires est un atelier ludique de 3h qui permet d'examiner les neuf fronti\\u00e8res plan\\u00e9taires, de les cartographier et de relier les grandes questions \\u00e9cologiques dans une optique syst\\u00e9mique. Un atelier se tiendra le 29 novembre\",\"inLanguage\":\"fr-BE\",\"isPartOf\":{\"@id\":\"https:\\\/\\\/maisonecohuis.be\\\/#website\"},\"breadcrumb\":{\"@id\":\"https:\\\/\\\/maisonecohuis.be\\\/?p=3455#breadcrumblist\"},\"author\":{\"@id\":\"https:\\\/\\\/maisonecohuis.be\\\/?author=1#author\"},\"creator\":{\"@id\":\"https:\\\/\\\/maisonecohuis.be\\\/?author=1#author\"},\"image\":{\"@type\":\"ImageObject\",\"url\":\"https:\\\/\\\/maisonecohuis.be\\\/wp-content\\\/uploads\\\/2023\\\/11\\\/fresque-frontieres.png\",\"@id\":\"https:\\\/\\\/maisonecohuis.be\\\/?p=3455\\\/#mainImage\",\"width\":628,\"height\":428},\"primaryImageOfPage\":{\"@id\":\"https:\\\/\\\/maisonecohuis.be\\\/?p=3455#mainImage\"},\"datePublished\":\"2023-11-23T14:26:26+01:00\",\"dateModified\":\"2023-12-19T15:23:43+01:00\"},{\"@type\":\"WebSite\",\"@id\":\"https:\\\/\\\/maisonecohuis.be\\\/#website\",\"url\":\"https:\\\/\\\/maisonecohuis.be\\\/\",\"name\":\"MaisonEcoHuis\",\"description\":\"Guichet citoyen du climat et de la biodiversit\\u00e9 - Buurtloket climaat en biodiversiteit\",\"inLanguage\":\"fr-BE\",\"publisher\":{\"@id\":\"https:\\\/\\\/maisonecohuis.be\\\/#organization\"}}]}\n\t\t<\/script>\n\t\t<!-- All in One SEO -->\n\n","aioseo_head_json":{"title":"Fresque des fronti\u00e8res plan\u00e9taires jeudi 09\/11 - MaisonEcoHuis","description":"Vous \u00eates pr\u00e9occup\u00e9\u00b7e par les d\u00e9fis environnementaux et souhaitez mieux comprendre les limites de notre plan\u00e8te? La Fresque des Fronti\u00e8res Plan\u00e9taires est un atelier ludique de 3h qui permet d'examiner les neuf fronti\u00e8res plan\u00e9taires, de les cartographier et de relier les grandes questions \u00e9cologiques dans une optique syst\u00e9mique. Un atelier se tiendra le 29 novembre","canonical_url":"https:\/\/maisonecohuis.be\/?p=3455","robots":"max-image-preview:large","keywords":"","webmasterTools":{"miscellaneous":""},"schema":{"@context":"https:\/\/schema.org","@graph":[{"@type":"BlogPosting","@id":"https:\/\/maisonecohuis.be\/?p=3455#blogposting","name":"Fresque des fronti\u00e8res plan\u00e9taires jeudi 09\/11 - MaisonEcoHuis","headline":"Fresque des fronti\u00e8res plan\u00e9taires jeudi 09\/11","author":{"@id":"https:\/\/maisonecohuis.be\/?author=1#author"},"publisher":{"@id":"https:\/\/maisonecohuis.be\/#organization"},"image":{"@type":"ImageObject","url":"https:\/\/maisonecohuis.be\/wp-content\/uploads\/2023\/11\/fresque-frontieres.png","width":628,"height":428},"datePublished":"2023-11-23T14:26:26+01:00","dateModified":"2023-12-19T15:23:43+01:00","inLanguage":"fr-BE","mainEntityOfPage":{"@id":"https:\/\/maisonecohuis.be\/?p=3455#webpage"},"isPartOf":{"@id":"https:\/\/maisonecohuis.be\/?p=3455#webpage"},"articleSection":"Cl\u00f4tur\u00e9, Fran\u00e7ais, pll_655f52dbe08f7"},{"@type":"BreadcrumbList","@id":"https:\/\/maisonecohuis.be\/?p=3455#breadcrumblist","itemListElement":[{"@type":"ListItem","@id":"https:\/\/maisonecohuis.be#listItem","position":1,"name":"Home","item":"https:\/\/maisonecohuis.be","nextItem":{"@type":"ListItem","@id":"https:\/\/maisonecohuis.be\/?cat=78#listItem","name":"Cl\u00f4tur\u00e9"}},{"@type":"ListItem","@id":"https:\/\/maisonecohuis.be\/?cat=78#listItem","position":2,"name":"Cl\u00f4tur\u00e9","item":"https:\/\/maisonecohuis.be\/?cat=78","nextItem":{"@type":"ListItem","@id":"https:\/\/maisonecohuis.be\/?p=3455#listItem","name":"Fresque des fronti\u00e8res plan\u00e9taires jeudi 09\/11"},"previousItem":{"@type":"ListItem","@id":"https:\/\/maisonecohuis.be#listItem","name":"Home"}},{"@type":"ListItem","@id":"https:\/\/maisonecohuis.be\/?p=3455#listItem","position":3,"name":"Fresque des fronti\u00e8res plan\u00e9taires jeudi 09\/11","previousItem":{"@type":"ListItem","@id":"https:\/\/maisonecohuis.be\/?cat=78#listItem","name":"Cl\u00f4tur\u00e9"}}]},{"@type":"Organization","@id":"https:\/\/maisonecohuis.be\/#organization","name":"MaisonEcoHuis","description":"Guichet citoyen du climat et de la biodiversit\u00e9 - Buurtloket climaat en biodiversiteit","url":"https:\/\/maisonecohuis.be\/","logo":{"@type":"ImageObject","url":"https:\/\/maisonecohuis.be\/wp-content\/uploads\/2018\/04\/MaisonEcoHuis_Horizontal_Pantone.jpg","@id":"https:\/\/maisonecohuis.be\/?p=3455\/#organizationLogo","width":623,"height":183},"image":{"@id":"https:\/\/maisonecohuis.be\/?p=3455\/#organizationLogo"}},{"@type":"Person","@id":"https:\/\/maisonecohuis.be\/?author=1#author","url":"https:\/\/maisonecohuis.be\/?author=1","name":"MaisonEcoHuis","image":{"@type":"ImageObject","@id":"https:\/\/maisonecohuis.be\/?p=3455#authorImage","url":"https:\/\/secure.gravatar.com\/avatar\/1ba84678dc368f1cb1c7792546471868f8e4be393c134f9d5b6eda8cc55a95db?s=96&d=mm&r=g","width":96,"height":96,"caption":"MaisonEcoHuis"}},{"@type":"WebPage","@id":"https:\/\/maisonecohuis.be\/?p=3455#webpage","url":"https:\/\/maisonecohuis.be\/?p=3455","name":"Fresque des fronti\u00e8res plan\u00e9taires jeudi 09\/11 - MaisonEcoHuis","description":"Vous \u00eates pr\u00e9occup\u00e9\u00b7e par les d\u00e9fis environnementaux et souhaitez mieux comprendre les limites de notre plan\u00e8te? La Fresque des Fronti\u00e8res Plan\u00e9taires est un atelier ludique de 3h qui permet d'examiner les neuf fronti\u00e8res plan\u00e9taires, de les cartographier et de relier les grandes questions \u00e9cologiques dans une optique syst\u00e9mique. Un atelier se tiendra le 29 novembre","inLanguage":"fr-BE","isPartOf":{"@id":"https:\/\/maisonecohuis.be\/#website"},"breadcrumb":{"@id":"https:\/\/maisonecohuis.be\/?p=3455#breadcrumblist"},"author":{"@id":"https:\/\/maisonecohuis.be\/?author=1#author"},"creator":{"@id":"https:\/\/maisonecohuis.be\/?author=1#author"},"image":{"@type":"ImageObject","url":"https:\/\/maisonecohuis.be\/wp-content\/uploads\/2023\/11\/fresque-frontieres.png","@id":"https:\/\/maisonecohuis.be\/?p=3455\/#mainImage","width":628,"height":428},"primaryImageOfPage":{"@id":"https:\/\/maisonecohuis.be\/?p=3455#mainImage"},"datePublished":"2023-11-23T14:26:26+01:00","dateModified":"2023-12-19T15:23:43+01:00"},{"@type":"WebSite","@id":"https:\/\/maisonecohuis.be\/#website","url":"https:\/\/maisonecohuis.be\/","name":"MaisonEcoHuis","description":"Guichet citoyen du climat et de la biodiversit\u00e9 - Buurtloket climaat en biodiversiteit","inLanguage":"fr-BE","publisher":{"@id":"https:\/\/maisonecohuis.be\/#organization"}}]},"og:locale":"fr_FR","og:site_name":"MaisonEcoHuis - Guichet citoyen du climat et de la biodiversit\u00e9 - Buurtloket climaat en biodiversiteit","og:type":"article","og:title":"Fresque des fronti\u00e8res plan\u00e9taires jeudi 09\/11 - MaisonEcoHuis","og:description":"Vous \u00eates pr\u00e9occup\u00e9\u00b7e par les d\u00e9fis environnementaux et souhaitez mieux comprendre les limites de notre plan\u00e8te? La Fresque des Fronti\u00e8res Plan\u00e9taires est un atelier ludique de 3h qui permet d'examiner les neuf fronti\u00e8res plan\u00e9taires, de les cartographier et de relier les grandes questions \u00e9cologiques dans une optique syst\u00e9mique. Un atelier se tiendra le 29 novembre","og:url":"https:\/\/maisonecohuis.be\/?p=3455","og:image":"https:\/\/maisonecohuis.be\/wp-content\/uploads\/2018\/04\/MaisonEcoHuis_Horizontal_Pantone.jpg","og:image:secure_url":"https:\/\/maisonecohuis.be\/wp-content\/uploads\/2018\/04\/MaisonEcoHuis_Horizontal_Pantone.jpg","og:image:width":623,"og:image:height":183,"article:published_time":"2023-11-23T13:26:26+00:00","article:modified_time":"2023-12-19T14:23:43+00:00","twitter:card":"summary_large_image","twitter:title":"Fresque des fronti\u00e8res plan\u00e9taires jeudi 09\/11 - MaisonEcoHuis","twitter:description":"Vous \u00eates pr\u00e9occup\u00e9\u00b7e par les d\u00e9fis environnementaux et souhaitez mieux comprendre les limites de notre plan\u00e8te? La Fresque des Fronti\u00e8res Plan\u00e9taires est un atelier ludique de 3h qui permet d'examiner les neuf fronti\u00e8res plan\u00e9taires, de les cartographier et de relier les grandes questions \u00e9cologiques dans une optique syst\u00e9mique. Un atelier se tiendra le 29 novembre","twitter:image":"https:\/\/maisonecohuis.be\/wp-content\/uploads\/2018\/04\/MaisonEcoHuis_Horizontal_Pantone.jpg"},"aioseo_meta_data":{"post_id":"3455","title":null,"description":null,"keywords":null,"keyphrases":null,"primary_term":null,"canonical_url":null,"og_title":null,"og_description":null,"og_object_type":"default","og_image_type":"default","og_image_url":null,"og_image_width":null,"og_image_height":null,"og_image_custom_url":null,"og_image_custom_fields":null,"og_video":null,"og_custom_url":null,"og_article_section":null,"og_article_tags":null,"twitter_use_og":false,"twitter_card":"default","twitter_image_type":"default","twitter_image_url":null,"twitter_image_custom_url":null,"twitter_image_custom_fields":null,"twitter_title":null,"twitter_description":null,"schema":{"blockGraphs":[],"customGraphs":[],"default":{"data":{"Article":[],"Course":[],"Dataset":[],"FAQPage":[],"Movie":[],"Person":[],"Product":[],"ProductReview":[],"Car":[],"Recipe":[],"Service":[],"SoftwareApplication":[],"WebPage":[]},"graphName":"","isEnabled":true},"graphs":[]},"schema_type":"default","schema_type_options":null,"pillar_content":false,"robots_default":true,"robots_noindex":false,"robots_noarchive":false,"robots_nosnippet":false,"robots_nofollow":false,"robots_noimageindex":false,"robots_noodp":false,"robots_notranslate":false,"robots_max_snippet":null,"robots_max_videopreview":null,"robots_max_imagepreview":"large","priority":null,"frequency":null,"local_seo":null,"breadcrumb_settings":null,"limit_modified_date":false,"ai":null,"created":"2024-03-07 19:00:38","updated":"2024-03-07 19:00:38","focus_keyword":null,"additional_keywords":null,"truseo_locale":null,"seo_analyzer_scan_date":null},"aioseo_breadcrumb":"<div class=\"aioseo-breadcrumbs\"><span class=\"aioseo-breadcrumb\">\n\t\t\t<a href=\"https:\/\/maisonecohuis.be\" title=\"Home\">Home<\/a>\n\t\t<\/span><span class=\"aioseo-breadcrumb-separator\">&raquo;<\/span><span class=\"aioseo-breadcrumb\">\n\t\t\t<a href=\"https:\/\/maisonecohuis.be\/?cat=78\" title=\"Cl\u00f4tur\u00e9\">Cl\u00f4tur\u00e9<\/a>\n\t\t<\/span><span class=\"aioseo-breadcrumb-separator\">&raquo;<\/span><span class=\"aioseo-breadcrumb\">\n\t\t\tFresque des fronti\u00e8res plan\u00e9taires jeudi 09\/11\n\t\t<\/span><\/div>","aioseo_breadcrumb_json":[{"label":"Home","link":"https:\/\/maisonecohuis.be"},{"label":"Cl\u00f4tur\u00e9","link":"https:\/\/maisonecohuis.be\/?cat=78"},{"label":"Fresque des fronti\u00e8res plan\u00e9taires jeudi 09\/11","link":"https:\/\/maisonecohuis.be\/?p=3455"}],"_links":{"self":[{"href":"https:\/\/maisonecohuis.be\/index.php?rest_route=\/wp\/v2\/posts\/3455","targetHints":{"allow":["GET"]}}],"collection":[{"href":"https:\/\/maisonecohuis.be\/index.php?rest_route=\/wp\/v2\/posts"}],"about":[{"href":"https:\/\/maisonecohuis.be\/index.php?rest_route=\/wp\/v2\/types\/post"}],"author":[{"embeddable":true,"href":"https:\/\/maisonecohuis.be\/index.php?rest_route=\/wp\/v2\/users\/1"}],"replies":[{"embeddable":true,"href":"https:\/\/maisonecohuis.be\/index.php?rest_route=%2Fwp%2Fv2%2Fcomments&post=3455"}],"version-history":[{"count":1,"href":"https:\/\/maisonecohuis.be\/index.php?rest_route=\/wp\/v2\/posts\/3455\/revisions"}],"predecessor-version":[{"id":3457,"href":"https:\/\/maisonecohuis.be\/index.php?rest_route=\/wp\/v2\/posts\/3455\/revisions\/3457"}],"wp:featuredmedia":[{"embeddable":true,"href":"https:\/\/maisonecohuis.be\/index.php?rest_route=\/wp\/v2\/media\/3460"}],"wp:attachment":[{"href":"https:\/\/maisonecohuis.be\/index.php?rest_route=%2Fwp%2Fv2%2Fmedia&parent=3455"}],"wp:term":[{"taxonomy":"category","embeddable":true,"href":"https:\/\/maisonecohuis.be\/index.php?rest_route=%2Fwp%2Fv2%2Fcategories&post=3455"},{"taxonomy":"post_tag","embeddable":true,"href":"https:\/\/maisonecohuis.be\/index.php?rest_route=%2Fwp%2Fv2%2Ftags&post=3455"}],"curies":[{"name":"wp","href":"https:\/\/api.w.org\/{rel}","templated":true}]}}