{"id":2989,"date":"2024-05-21T15:20:03","date_gmt":"2024-05-21T13:20:03","guid":{"rendered":"http:\/\/maisonecohuis.be\/?p=2989"},"modified":"2024-06-07T11:18:05","modified_gmt":"2024-06-07T09:18:05","slug":"mai-juin-vollenbike-2023","status":"publish","type":"post","link":"https:\/\/maisonecohuis.be\/?p=2989","title":{"rendered":"Mai-juin : VollenBike 2024"},"content":{"rendered":"<p><strong>Des d\u00e9fis et des \u00e9v\u00e9nements ludiques pour encourager petits et grands \u00e0 pratiquer le v\u00e9lo.<\/strong><\/p>\n<p>Les mercredis apr\u00e8s-midis 15\/05, 22\/05, 29\/05 et 05\/06, de 14h30 \u00e0 18h, vous retrouverez notre fameux village cycliste sur la place Morichar.<\/p>\n<p>Au programme :<\/p>\n<ul>\n<li>des cours de v\u00e9lo pour les enfants<\/li>\n<li>des stands de r\u00e9paration<\/li>\n<li>un parcours d\u2019agilit\u00e9 encadr\u00e9 par un animateur<\/li>\n<li>et bien plus encore !<\/li>\n<\/ul>\n<p>Et le 5\/6 : grande parade festive \u00e0 v\u00e9lo dans la commune d\u00e8s 17h30<\/p>\n<p><a href=\"https:\/\/www.provelo.org\/vollenbike\/vollenbike-saint-gilles\/\" target=\"_blank\" rel=\"noopener\">Plus d\u2019infos ici.<\/a><\/p>\n<p><a href=\"https:\/\/www.facebook.com\/events\/1079818933074745\/1079818943074744\/?active_tab=about\" target=\"_blank\" rel=\"noopener\">Ev\u00e8nement facebook<\/a><\/p>\n","protected":false},"excerpt":{"rendered":"<p>Des d\u00e9fis et des \u00e9v\u00e9nements ludiques pour encourager petits et grands \u00e0 pratiquer le v\u00e9lo. Les mercredis apr\u00e8s-midis 15\/05, 22\/05, 29\/05 et 05\/06, de 14h30 [&hellip;] <span class=\"read-more-link\"><a class=\"read-more\" href=\"https:\/\/maisonecohuis.be\/?p=2989\">Read More<\/a><\/span><\/p>\n","protected":false},"author":1,"featured_media":3938,"comment_status":"closed","ping_status":"open","sticky":false,"template":"","format":"standard","meta":{"om_disable_all_campaigns":false,"_monsterinsights_skip_tracking":false,"_uf_show_specific_survey":0,"_uf_disable_surveys":false,"footnotes":""},"categories":[78],"tags":[],"class_list":["post-2989","post","type-post","status-publish","format-standard","has-post-thumbnail","hentry","category-cloture"],"aioseo_notices":[],"aioseo_head":"\n\t\t<!-- All in One SEO 5.0.1.1 - aioseo.com -->\n\t<meta name=\"description\" content=\"Des d\u00e9fis et des \u00e9v\u00e9nements ludiques pour encourager petits et grands \u00e0 pratiquer le v\u00e9lo. Les mercredis apr\u00e8s-midis 15\/05, 22\/05, 29\/05 et 05\/06, de 14h30 \u00e0 18h, vous retrouverez notre fameux village cycliste sur la place Morichar. Au programme : des cours de v\u00e9lo pour les enfants des stands de r\u00e9paration un parcours d\u2019agilit\u00e9 encadr\u00e9\" \/>\n\t<meta name=\"robots\" content=\"max-image-preview:large\" \/>\n\t<meta name=\"author\" content=\"MaisonEcoHuis\"\/>\n\t<link rel=\"canonical\" href=\"https:\/\/maisonecohuis.be\/?p=2989\" \/>\n\t<meta name=\"generator\" content=\"All in One SEO (AIOSEO) 5.0.1.1\" \/>\n\t\t<meta property=\"og:locale\" content=\"fr_FR\" \/>\n\t\t<meta property=\"og:site_name\" content=\"MaisonEcoHuis - Guichet citoyen du climat et de la biodiversit\u00e9 - Buurtloket climaat en biodiversiteit\" \/>\n\t\t<meta property=\"og:type\" content=\"article\" \/>\n\t\t<meta property=\"og:title\" content=\"Mai-juin : VollenBike 2024 - MaisonEcoHuis\" \/>\n\t\t<meta property=\"og:description\" content=\"Des d\u00e9fis et des \u00e9v\u00e9nements ludiques pour encourager petits et grands \u00e0 pratiquer le v\u00e9lo. Les mercredis apr\u00e8s-midis 15\/05, 22\/05, 29\/05 et 05\/06, de 14h30 \u00e0 18h, vous retrouverez notre fameux village cycliste sur la place Morichar. Au programme : des cours de v\u00e9lo pour les enfants des stands de r\u00e9paration un parcours d\u2019agilit\u00e9 encadr\u00e9\" \/>\n\t\t<meta property=\"og:url\" content=\"https:\/\/maisonecohuis.be\/?p=2989\" \/>\n\t\t<meta property=\"og:image\" content=\"https:\/\/maisonecohuis.be\/wp-content\/uploads\/2018\/04\/MaisonEcoHuis_Horizontal_Pantone.jpg\" \/>\n\t\t<meta property=\"og:image:secure_url\" content=\"https:\/\/maisonecohuis.be\/wp-content\/uploads\/2018\/04\/MaisonEcoHuis_Horizontal_Pantone.jpg\" \/>\n\t\t<meta property=\"og:image:width\" content=\"623\" \/>\n\t\t<meta property=\"og:image:height\" content=\"183\" \/>\n\t\t<meta property=\"article:published_time\" content=\"2024-05-21T13:20:03+00:00\" \/>\n\t\t<meta property=\"article:modified_time\" content=\"2024-06-07T09:18:05+00:00\" \/>\n\t\t<meta name=\"twitter:card\" content=\"summary_large_image\" \/>\n\t\t<meta name=\"twitter:title\" content=\"Mai-juin : VollenBike 2024 - MaisonEcoHuis\" \/>\n\t\t<meta name=\"twitter:description\" content=\"Des d\u00e9fis et des \u00e9v\u00e9nements ludiques pour encourager petits et grands \u00e0 pratiquer le v\u00e9lo. Les mercredis apr\u00e8s-midis 15\/05, 22\/05, 29\/05 et 05\/06, de 14h30 \u00e0 18h, vous retrouverez notre fameux village cycliste sur la place Morichar. Au programme : des cours de v\u00e9lo pour les enfants des stands de r\u00e9paration un parcours d\u2019agilit\u00e9 encadr\u00e9\" \/>\n\t\t<meta name=\"twitter:image\" content=\"https:\/\/maisonecohuis.be\/wp-content\/uploads\/2018\/04\/MaisonEcoHuis_Horizontal_Pantone.jpg\" \/>\n\t\t<script type=\"application\/ld+json\" class=\"aioseo-schema\">\n\t\t\t{\"@context\":\"https:\\\/\\\/schema.org\",\"@graph\":[{\"@type\":\"BlogPosting\",\"@id\":\"https:\\\/\\\/maisonecohuis.be\\\/?p=2989#blogposting\",\"name\":\"Mai-juin : VollenBike 2024 - MaisonEcoHuis\",\"headline\":\"Mai-juin : VollenBike 2024\",\"author\":{\"@id\":\"https:\\\/\\\/maisonecohuis.be\\\/?author=1#author\"},\"publisher\":{\"@id\":\"https:\\\/\\\/maisonecohuis.be\\\/#organization\"},\"image\":{\"@type\":\"ImageObject\",\"url\":\"https:\\\/\\\/maisonecohuis.be\\\/wp-content\\\/uploads\\\/2024\\\/05\\\/434038108_796303975865022_6668269563559255714_n.jpg\",\"width\":526,\"height\":276},\"datePublished\":\"2024-05-21T15:20:03+02:00\",\"dateModified\":\"2024-06-07T11:18:05+02:00\",\"inLanguage\":\"fr-BE\",\"mainEntityOfPage\":{\"@id\":\"https:\\\/\\\/maisonecohuis.be\\\/?p=2989#webpage\"},\"isPartOf\":{\"@id\":\"https:\\\/\\\/maisonecohuis.be\\\/?p=2989#webpage\"},\"articleSection\":\"Cl\\u00f4tur\\u00e9, Fran\\u00e7ais, pll_6450c79e23f95\"},{\"@type\":\"BreadcrumbList\",\"@id\":\"https:\\\/\\\/maisonecohuis.be\\\/?p=2989#breadcrumblist\",\"itemListElement\":[{\"@type\":\"ListItem\",\"@id\":\"https:\\\/\\\/maisonecohuis.be#listItem\",\"position\":1,\"name\":\"Home\",\"item\":\"https:\\\/\\\/maisonecohuis.be\",\"nextItem\":{\"@type\":\"ListItem\",\"@id\":\"https:\\\/\\\/maisonecohuis.be\\\/?cat=78#listItem\",\"name\":\"Cl\\u00f4tur\\u00e9\"}},{\"@type\":\"ListItem\",\"@id\":\"https:\\\/\\\/maisonecohuis.be\\\/?cat=78#listItem\",\"position\":2,\"name\":\"Cl\\u00f4tur\\u00e9\",\"item\":\"https:\\\/\\\/maisonecohuis.be\\\/?cat=78\",\"nextItem\":{\"@type\":\"ListItem\",\"@id\":\"https:\\\/\\\/maisonecohuis.be\\\/?p=2989#listItem\",\"name\":\"Mai-juin : VollenBike 2024\"},\"previousItem\":{\"@type\":\"ListItem\",\"@id\":\"https:\\\/\\\/maisonecohuis.be#listItem\",\"name\":\"Home\"}},{\"@type\":\"ListItem\",\"@id\":\"https:\\\/\\\/maisonecohuis.be\\\/?p=2989#listItem\",\"position\":3,\"name\":\"Mai-juin : VollenBike 2024\",\"previousItem\":{\"@type\":\"ListItem\",\"@id\":\"https:\\\/\\\/maisonecohuis.be\\\/?cat=78#listItem\",\"name\":\"Cl\\u00f4tur\\u00e9\"}}]},{\"@type\":\"Organization\",\"@id\":\"https:\\\/\\\/maisonecohuis.be\\\/#organization\",\"name\":\"MaisonEcoHuis\",\"description\":\"Guichet citoyen du climat et de la biodiversit\\u00e9 - Buurtloket climaat en biodiversiteit\",\"url\":\"https:\\\/\\\/maisonecohuis.be\\\/\",\"logo\":{\"@type\":\"ImageObject\",\"url\":\"https:\\\/\\\/maisonecohuis.be\\\/wp-content\\\/uploads\\\/2018\\\/04\\\/MaisonEcoHuis_Horizontal_Pantone.jpg\",\"@id\":\"https:\\\/\\\/maisonecohuis.be\\\/?p=2989\\\/#organizationLogo\",\"width\":623,\"height\":183},\"image\":{\"@id\":\"https:\\\/\\\/maisonecohuis.be\\\/?p=2989\\\/#organizationLogo\"}},{\"@type\":\"Person\",\"@id\":\"https:\\\/\\\/maisonecohuis.be\\\/?author=1#author\",\"url\":\"https:\\\/\\\/maisonecohuis.be\\\/?author=1\",\"name\":\"MaisonEcoHuis\",\"image\":{\"@type\":\"ImageObject\",\"@id\":\"https:\\\/\\\/maisonecohuis.be\\\/?p=2989#authorImage\",\"url\":\"https:\\\/\\\/secure.gravatar.com\\\/avatar\\\/1ba84678dc368f1cb1c7792546471868f8e4be393c134f9d5b6eda8cc55a95db?s=96&d=mm&r=g\",\"width\":96,\"height\":96,\"caption\":\"MaisonEcoHuis\"}},{\"@type\":\"WebPage\",\"@id\":\"https:\\\/\\\/maisonecohuis.be\\\/?p=2989#webpage\",\"url\":\"https:\\\/\\\/maisonecohuis.be\\\/?p=2989\",\"name\":\"Mai-juin : VollenBike 2024 - MaisonEcoHuis\",\"description\":\"Des d\\u00e9fis et des \\u00e9v\\u00e9nements ludiques pour encourager petits et grands \\u00e0 pratiquer le v\\u00e9lo. Les mercredis apr\\u00e8s-midis 15\\\/05, 22\\\/05, 29\\\/05 et 05\\\/06, de 14h30 \\u00e0 18h, vous retrouverez notre fameux village cycliste sur la place Morichar. Au programme : des cours de v\\u00e9lo pour les enfants des stands de r\\u00e9paration un parcours d\\u2019agilit\\u00e9 encadr\\u00e9\",\"inLanguage\":\"fr-BE\",\"isPartOf\":{\"@id\":\"https:\\\/\\\/maisonecohuis.be\\\/#website\"},\"breadcrumb\":{\"@id\":\"https:\\\/\\\/maisonecohuis.be\\\/?p=2989#breadcrumblist\"},\"author\":{\"@id\":\"https:\\\/\\\/maisonecohuis.be\\\/?author=1#author\"},\"creator\":{\"@id\":\"https:\\\/\\\/maisonecohuis.be\\\/?author=1#author\"},\"image\":{\"@type\":\"ImageObject\",\"url\":\"https:\\\/\\\/maisonecohuis.be\\\/wp-content\\\/uploads\\\/2024\\\/05\\\/434038108_796303975865022_6668269563559255714_n.jpg\",\"@id\":\"https:\\\/\\\/maisonecohuis.be\\\/?p=2989\\\/#mainImage\",\"width\":526,\"height\":276},\"primaryImageOfPage\":{\"@id\":\"https:\\\/\\\/maisonecohuis.be\\\/?p=2989#mainImage\"},\"datePublished\":\"2024-05-21T15:20:03+02:00\",\"dateModified\":\"2024-06-07T11:18:05+02:00\"},{\"@type\":\"WebSite\",\"@id\":\"https:\\\/\\\/maisonecohuis.be\\\/#website\",\"url\":\"https:\\\/\\\/maisonecohuis.be\\\/\",\"name\":\"MaisonEcoHuis\",\"description\":\"Guichet citoyen du climat et de la biodiversit\\u00e9 - Buurtloket climaat en biodiversiteit\",\"inLanguage\":\"fr-BE\",\"publisher\":{\"@id\":\"https:\\\/\\\/maisonecohuis.be\\\/#organization\"}}]}\n\t\t<\/script>\n\t\t<!-- All in One SEO -->\n\n","aioseo_head_json":{"title":"Mai-juin : VollenBike 2024 - MaisonEcoHuis","description":"Des d\u00e9fis et des \u00e9v\u00e9nements ludiques pour encourager petits et grands \u00e0 pratiquer le v\u00e9lo. Les mercredis apr\u00e8s-midis 15\/05, 22\/05, 29\/05 et 05\/06, de 14h30 \u00e0 18h, vous retrouverez notre fameux village cycliste sur la place Morichar. Au programme : des cours de v\u00e9lo pour les enfants des stands de r\u00e9paration un parcours d\u2019agilit\u00e9 encadr\u00e9","canonical_url":"https:\/\/maisonecohuis.be\/?p=2989","robots":"max-image-preview:large","keywords":"","webmasterTools":{"miscellaneous":""},"schema":{"@context":"https:\/\/schema.org","@graph":[{"@type":"BlogPosting","@id":"https:\/\/maisonecohuis.be\/?p=2989#blogposting","name":"Mai-juin : VollenBike 2024 - MaisonEcoHuis","headline":"Mai-juin : VollenBike 2024","author":{"@id":"https:\/\/maisonecohuis.be\/?author=1#author"},"publisher":{"@id":"https:\/\/maisonecohuis.be\/#organization"},"image":{"@type":"ImageObject","url":"https:\/\/maisonecohuis.be\/wp-content\/uploads\/2024\/05\/434038108_796303975865022_6668269563559255714_n.jpg","width":526,"height":276},"datePublished":"2024-05-21T15:20:03+02:00","dateModified":"2024-06-07T11:18:05+02:00","inLanguage":"fr-BE","mainEntityOfPage":{"@id":"https:\/\/maisonecohuis.be\/?p=2989#webpage"},"isPartOf":{"@id":"https:\/\/maisonecohuis.be\/?p=2989#webpage"},"articleSection":"Cl\u00f4tur\u00e9, Fran\u00e7ais, pll_6450c79e23f95"},{"@type":"BreadcrumbList","@id":"https:\/\/maisonecohuis.be\/?p=2989#breadcrumblist","itemListElement":[{"@type":"ListItem","@id":"https:\/\/maisonecohuis.be#listItem","position":1,"name":"Home","item":"https:\/\/maisonecohuis.be","nextItem":{"@type":"ListItem","@id":"https:\/\/maisonecohuis.be\/?cat=78#listItem","name":"Cl\u00f4tur\u00e9"}},{"@type":"ListItem","@id":"https:\/\/maisonecohuis.be\/?cat=78#listItem","position":2,"name":"Cl\u00f4tur\u00e9","item":"https:\/\/maisonecohuis.be\/?cat=78","nextItem":{"@type":"ListItem","@id":"https:\/\/maisonecohuis.be\/?p=2989#listItem","name":"Mai-juin : VollenBike 2024"},"previousItem":{"@type":"ListItem","@id":"https:\/\/maisonecohuis.be#listItem","name":"Home"}},{"@type":"ListItem","@id":"https:\/\/maisonecohuis.be\/?p=2989#listItem","position":3,"name":"Mai-juin : VollenBike 2024","previousItem":{"@type":"ListItem","@id":"https:\/\/maisonecohuis.be\/?cat=78#listItem","name":"Cl\u00f4tur\u00e9"}}]},{"@type":"Organization","@id":"https:\/\/maisonecohuis.be\/#organization","name":"MaisonEcoHuis","description":"Guichet citoyen du climat et de la biodiversit\u00e9 - Buurtloket climaat en biodiversiteit","url":"https:\/\/maisonecohuis.be\/","logo":{"@type":"ImageObject","url":"https:\/\/maisonecohuis.be\/wp-content\/uploads\/2018\/04\/MaisonEcoHuis_Horizontal_Pantone.jpg","@id":"https:\/\/maisonecohuis.be\/?p=2989\/#organizationLogo","width":623,"height":183},"image":{"@id":"https:\/\/maisonecohuis.be\/?p=2989\/#organizationLogo"}},{"@type":"Person","@id":"https:\/\/maisonecohuis.be\/?author=1#author","url":"https:\/\/maisonecohuis.be\/?author=1","name":"MaisonEcoHuis","image":{"@type":"ImageObject","@id":"https:\/\/maisonecohuis.be\/?p=2989#authorImage","url":"https:\/\/secure.gravatar.com\/avatar\/1ba84678dc368f1cb1c7792546471868f8e4be393c134f9d5b6eda8cc55a95db?s=96&d=mm&r=g","width":96,"height":96,"caption":"MaisonEcoHuis"}},{"@type":"WebPage","@id":"https:\/\/maisonecohuis.be\/?p=2989#webpage","url":"https:\/\/maisonecohuis.be\/?p=2989","name":"Mai-juin : VollenBike 2024 - MaisonEcoHuis","description":"Des d\u00e9fis et des \u00e9v\u00e9nements ludiques pour encourager petits et grands \u00e0 pratiquer le v\u00e9lo. Les mercredis apr\u00e8s-midis 15\/05, 22\/05, 29\/05 et 05\/06, de 14h30 \u00e0 18h, vous retrouverez notre fameux village cycliste sur la place Morichar. Au programme : des cours de v\u00e9lo pour les enfants des stands de r\u00e9paration un parcours d\u2019agilit\u00e9 encadr\u00e9","inLanguage":"fr-BE","isPartOf":{"@id":"https:\/\/maisonecohuis.be\/#website"},"breadcrumb":{"@id":"https:\/\/maisonecohuis.be\/?p=2989#breadcrumblist"},"author":{"@id":"https:\/\/maisonecohuis.be\/?author=1#author"},"creator":{"@id":"https:\/\/maisonecohuis.be\/?author=1#author"},"image":{"@type":"ImageObject","url":"https:\/\/maisonecohuis.be\/wp-content\/uploads\/2024\/05\/434038108_796303975865022_6668269563559255714_n.jpg","@id":"https:\/\/maisonecohuis.be\/?p=2989\/#mainImage","width":526,"height":276},"primaryImageOfPage":{"@id":"https:\/\/maisonecohuis.be\/?p=2989#mainImage"},"datePublished":"2024-05-21T15:20:03+02:00","dateModified":"2024-06-07T11:18:05+02:00"},{"@type":"WebSite","@id":"https:\/\/maisonecohuis.be\/#website","url":"https:\/\/maisonecohuis.be\/","name":"MaisonEcoHuis","description":"Guichet citoyen du climat et de la biodiversit\u00e9 - Buurtloket climaat en biodiversiteit","inLanguage":"fr-BE","publisher":{"@id":"https:\/\/maisonecohuis.be\/#organization"}}]},"og:locale":"fr_FR","og:site_name":"MaisonEcoHuis - Guichet citoyen du climat et de la biodiversit\u00e9 - Buurtloket climaat en biodiversiteit","og:type":"article","og:title":"Mai-juin : VollenBike 2024 - MaisonEcoHuis","og:description":"Des d\u00e9fis et des \u00e9v\u00e9nements ludiques pour encourager petits et grands \u00e0 pratiquer le v\u00e9lo. Les mercredis apr\u00e8s-midis 15\/05, 22\/05, 29\/05 et 05\/06, de 14h30 \u00e0 18h, vous retrouverez notre fameux village cycliste sur la place Morichar. Au programme : des cours de v\u00e9lo pour les enfants des stands de r\u00e9paration un parcours d\u2019agilit\u00e9 encadr\u00e9","og:url":"https:\/\/maisonecohuis.be\/?p=2989","og:image":"https:\/\/maisonecohuis.be\/wp-content\/uploads\/2018\/04\/MaisonEcoHuis_Horizontal_Pantone.jpg","og:image:secure_url":"https:\/\/maisonecohuis.be\/wp-content\/uploads\/2018\/04\/MaisonEcoHuis_Horizontal_Pantone.jpg","og:image:width":623,"og:image:height":183,"article:published_time":"2024-05-21T13:20:03+00:00","article:modified_time":"2024-06-07T09:18:05+00:00","twitter:card":"summary_large_image","twitter:title":"Mai-juin : VollenBike 2024 - MaisonEcoHuis","twitter:description":"Des d\u00e9fis et des \u00e9v\u00e9nements ludiques pour encourager petits et grands \u00e0 pratiquer le v\u00e9lo. Les mercredis apr\u00e8s-midis 15\/05, 22\/05, 29\/05 et 05\/06, de 14h30 \u00e0 18h, vous retrouverez notre fameux village cycliste sur la place Morichar. Au programme : des cours de v\u00e9lo pour les enfants des stands de r\u00e9paration un parcours d\u2019agilit\u00e9 encadr\u00e9","twitter:image":"https:\/\/maisonecohuis.be\/wp-content\/uploads\/2018\/04\/MaisonEcoHuis_Horizontal_Pantone.jpg"},"aioseo_meta_data":{"post_id":"2989","title":null,"description":null,"keywords":[],"keyphrases":{"focus":{"keyphrase":"","score":0,"analysis":{"keyphraseInTitle":{"score":0,"maxScore":9,"error":1}}},"additional":[]},"primary_term":null,"canonical_url":null,"og_title":null,"og_description":null,"og_object_type":"default","og_image_type":"default","og_image_url":null,"og_image_width":null,"og_image_height":null,"og_image_custom_url":null,"og_image_custom_fields":null,"og_video":"","og_custom_url":null,"og_article_section":null,"og_article_tags":[],"twitter_use_og":false,"twitter_card":"default","twitter_image_type":"default","twitter_image_url":null,"twitter_image_custom_url":null,"twitter_image_custom_fields":null,"twitter_title":null,"twitter_description":null,"schema":{"blockGraphs":[],"customGraphs":[],"default":{"data":{"Article":[],"Course":[],"Dataset":[],"FAQPage":[],"Movie":[],"Person":[],"Product":[],"ProductReview":[],"Car":[],"Recipe":[],"Service":[],"SoftwareApplication":[],"WebPage":[]},"graphName":"BlogPosting","isEnabled":true},"graphs":[]},"schema_type":"default","schema_type_options":null,"pillar_content":false,"robots_default":true,"robots_noindex":false,"robots_noarchive":false,"robots_nosnippet":false,"robots_nofollow":false,"robots_noimageindex":false,"robots_noodp":false,"robots_notranslate":false,"robots_max_snippet":"-1","robots_max_videopreview":"-1","robots_max_imagepreview":"large","priority":null,"frequency":"default","local_seo":null,"breadcrumb_settings":null,"limit_modified_date":false,"ai":null,"created":"2024-03-07 18:34:59","updated":"2024-06-07 09:27:48","focus_keyword":null,"additional_keywords":null,"truseo_locale":null,"seo_analyzer_scan_date":null},"aioseo_breadcrumb":"<div class=\"aioseo-breadcrumbs\"><span class=\"aioseo-breadcrumb\">\n\t\t\t<a href=\"https:\/\/maisonecohuis.be\" title=\"Home\">Home<\/a>\n\t\t<\/span><span class=\"aioseo-breadcrumb-separator\">&raquo;<\/span><span class=\"aioseo-breadcrumb\">\n\t\t\t<a href=\"https:\/\/maisonecohuis.be\/?cat=78\" title=\"Cl\u00f4tur\u00e9\">Cl\u00f4tur\u00e9<\/a>\n\t\t<\/span><span class=\"aioseo-breadcrumb-separator\">&raquo;<\/span><span class=\"aioseo-breadcrumb\">\n\t\t\tMai-juin : VollenBike 2024\n\t\t<\/span><\/div>","aioseo_breadcrumb_json":[{"label":"Home","link":"https:\/\/maisonecohuis.be"},{"label":"Cl\u00f4tur\u00e9","link":"https:\/\/maisonecohuis.be\/?cat=78"},{"label":"Mai-juin : VollenBike 2024","link":"https:\/\/maisonecohuis.be\/?p=2989"}],"_links":{"self":[{"href":"https:\/\/maisonecohuis.be\/index.php?rest_route=\/wp\/v2\/posts\/2989","targetHints":{"allow":["GET"]}}],"collection":[{"href":"https:\/\/maisonecohuis.be\/index.php?rest_route=\/wp\/v2\/posts"}],"about":[{"href":"https:\/\/maisonecohuis.be\/index.php?rest_route=\/wp\/v2\/types\/post"}],"author":[{"embeddable":true,"href":"https:\/\/maisonecohuis.be\/index.php?rest_route=\/wp\/v2\/users\/1"}],"replies":[{"embeddable":true,"href":"https:\/\/maisonecohuis.be\/index.php?rest_route=%2Fwp%2Fv2%2Fcomments&post=2989"}],"version-history":[{"count":3,"href":"https:\/\/maisonecohuis.be\/index.php?rest_route=\/wp\/v2\/posts\/2989\/revisions"}],"predecessor-version":[{"id":3937,"href":"https:\/\/maisonecohuis.be\/index.php?rest_route=\/wp\/v2\/posts\/2989\/revisions\/3937"}],"wp:featuredmedia":[{"embeddable":true,"href":"https:\/\/maisonecohuis.be\/index.php?rest_route=\/wp\/v2\/media\/3938"}],"wp:attachment":[{"href":"https:\/\/maisonecohuis.be\/index.php?rest_route=%2Fwp%2Fv2%2Fmedia&parent=2989"}],"wp:term":[{"taxonomy":"category","embeddable":true,"href":"https:\/\/maisonecohuis.be\/index.php?rest_route=%2Fwp%2Fv2%2Fcategories&post=2989"},{"taxonomy":"post_tag","embeddable":true,"href":"https:\/\/maisonecohuis.be\/index.php?rest_route=%2Fwp%2Fv2%2Ftags&post=2989"}],"curies":[{"name":"wp","href":"https:\/\/api.w.org\/{rel}","templated":true}]}}