{"id":2824,"date":"2023-03-09T14:49:55","date_gmt":"2023-03-09T13:49:55","guid":{"rendered":"http:\/\/maisonecohuis.be\/?p=2824"},"modified":"2023-03-29T14:56:33","modified_gmt":"2023-03-29T12:56:33","slug":"19-au-26-03-23-ici-commence-la-mer-devant-chez-vous","status":"publish","type":"post","link":"https:\/\/maisonecohuis.be\/?p=2824","title":{"rendered":"19 au 26.03.23 : Ici commence la mer, devant chez vous !"},"content":{"rendered":"<p>A l\u2019occasion des Journ\u00e9es bruxelloises de l\u2019Eau (19-26 mars 2023), des tags \u2018Ici commence la mer\u2019 \u00e0 c\u00f4t\u00e9 des avaloirs rappellent aux Bruxellois le lien entre leurs \u00e9gouts et la mer. Ces empreintes urbaines les incitent \u00e0 ne rien y jeter !<\/p>\n<p>&nbsp;<\/p>\n<p>Le service D\u00e9veloppement Durable met \u00e0 votre disposition les pochoirs et des bombes \u00e0 la craie \u2013 contactez-nous au 02\/533 95 94 pour participer\u00a0!<\/p>\n<p>&nbsp;<\/p>\n<p>Plus d\u2019infos sur la campagne\u00a0: <a href=\"https:\/\/coordinationsenne.be\/fr\/icicommencelamer.php\" target=\"_blank\" rel=\"noopener\">https:\/\/coordinationsenne.be\/fr\/icicommencelamer.php<\/a><\/p>\n","protected":false},"excerpt":{"rendered":"<p>A l\u2019occasion des Journ\u00e9es bruxelloises de l\u2019Eau (19-26 mars 2023), des tags \u2018Ici commence la mer\u2019 \u00e0 c\u00f4t\u00e9 des avaloirs rappellent aux Bruxellois le lien [&hellip;] <span class=\"read-more-link\"><a class=\"read-more\" href=\"https:\/\/maisonecohuis.be\/?p=2824\">Read More<\/a><\/span><\/p>\n","protected":false},"author":1,"featured_media":2832,"comment_status":"closed","ping_status":"open","sticky":false,"template":"","format":"standard","meta":{"om_disable_all_campaigns":false,"_monsterinsights_skip_tracking":false,"_uf_show_specific_survey":0,"_uf_disable_surveys":false,"footnotes":""},"categories":[78],"tags":[],"class_list":["post-2824","post","type-post","status-publish","format-standard","has-post-thumbnail","hentry","category-cloture"],"aioseo_notices":[],"aioseo_head":"\n\t\t<!-- All in One SEO 5.0.1.1 - aioseo.com -->\n\t<meta name=\"description\" content=\"A l\u2019occasion des Journ\u00e9es bruxelloises de l\u2019Eau (19-26 mars 2023), des tags \u2018Ici commence la mer\u2019 \u00e0 c\u00f4t\u00e9 des avaloirs rappellent aux Bruxellois le lien entre leurs \u00e9gouts et la mer. Ces empreintes urbaines les incitent \u00e0 ne rien y jeter ! Le service D\u00e9veloppement Durable met \u00e0 votre disposition les pochoirs et des\" \/>\n\t<meta name=\"robots\" content=\"max-image-preview:large\" \/>\n\t<meta name=\"author\" content=\"MaisonEcoHuis\"\/>\n\t<link rel=\"canonical\" href=\"https:\/\/maisonecohuis.be\/?p=2824\" \/>\n\t<meta name=\"generator\" content=\"All in One SEO (AIOSEO) 5.0.1.1\" \/>\n\t\t<meta property=\"og:locale\" content=\"fr_FR\" \/>\n\t\t<meta property=\"og:site_name\" content=\"MaisonEcoHuis - Guichet citoyen du climat et de la biodiversit\u00e9 - Buurtloket climaat en biodiversiteit\" \/>\n\t\t<meta property=\"og:type\" content=\"article\" \/>\n\t\t<meta property=\"og:title\" content=\"19 au 26.03.23 : Ici commence la mer, devant chez vous ! - MaisonEcoHuis\" \/>\n\t\t<meta property=\"og:description\" content=\"A l\u2019occasion des Journ\u00e9es bruxelloises de l\u2019Eau (19-26 mars 2023), des tags \u2018Ici commence la mer\u2019 \u00e0 c\u00f4t\u00e9 des avaloirs rappellent aux Bruxellois le lien entre leurs \u00e9gouts et la mer. Ces empreintes urbaines les incitent \u00e0 ne rien y jeter ! Le service D\u00e9veloppement Durable met \u00e0 votre disposition les pochoirs et des\" \/>\n\t\t<meta property=\"og:url\" content=\"https:\/\/maisonecohuis.be\/?p=2824\" \/>\n\t\t<meta property=\"og:image\" content=\"https:\/\/maisonecohuis.be\/wp-content\/uploads\/2018\/04\/MaisonEcoHuis_Horizontal_Pantone.jpg\" \/>\n\t\t<meta property=\"og:image:secure_url\" content=\"https:\/\/maisonecohuis.be\/wp-content\/uploads\/2018\/04\/MaisonEcoHuis_Horizontal_Pantone.jpg\" \/>\n\t\t<meta property=\"og:image:width\" content=\"623\" \/>\n\t\t<meta property=\"og:image:height\" content=\"183\" \/>\n\t\t<meta property=\"article:published_time\" content=\"2023-03-09T13:49:55+00:00\" \/>\n\t\t<meta property=\"article:modified_time\" content=\"2023-03-29T12:56:33+00:00\" \/>\n\t\t<meta name=\"twitter:card\" content=\"summary_large_image\" \/>\n\t\t<meta name=\"twitter:title\" content=\"19 au 26.03.23 : Ici commence la mer, devant chez vous ! - MaisonEcoHuis\" \/>\n\t\t<meta name=\"twitter:description\" content=\"A l\u2019occasion des Journ\u00e9es bruxelloises de l\u2019Eau (19-26 mars 2023), des tags \u2018Ici commence la mer\u2019 \u00e0 c\u00f4t\u00e9 des avaloirs rappellent aux Bruxellois le lien entre leurs \u00e9gouts et la mer. Ces empreintes urbaines les incitent \u00e0 ne rien y jeter ! Le service D\u00e9veloppement Durable met \u00e0 votre disposition les pochoirs et des\" \/>\n\t\t<meta name=\"twitter:image\" content=\"https:\/\/maisonecohuis.be\/wp-content\/uploads\/2018\/04\/MaisonEcoHuis_Horizontal_Pantone.jpg\" \/>\n\t\t<script type=\"application\/ld+json\" class=\"aioseo-schema\">\n\t\t\t{\"@context\":\"https:\\\/\\\/schema.org\",\"@graph\":[{\"@type\":\"BlogPosting\",\"@id\":\"https:\\\/\\\/maisonecohuis.be\\\/?p=2824#blogposting\",\"name\":\"19 au 26.03.23 : Ici commence la mer, devant chez vous ! - MaisonEcoHuis\",\"headline\":\"19 au 26.03.23 : Ici commence la mer, devant chez vous !\",\"author\":{\"@id\":\"https:\\\/\\\/maisonecohuis.be\\\/?author=1#author\"},\"publisher\":{\"@id\":\"https:\\\/\\\/maisonecohuis.be\\\/#organization\"},\"image\":{\"@type\":\"ImageObject\",\"url\":\"https:\\\/\\\/maisonecohuis.be\\\/wp-content\\\/uploads\\\/2023\\\/03\\\/ici-commence-sctchoumpf-2.jpg\",\"width\":755,\"height\":480},\"datePublished\":\"2023-03-09T14:49:55+01:00\",\"dateModified\":\"2023-03-29T14:56:33+02:00\",\"inLanguage\":\"fr-BE\",\"mainEntityOfPage\":{\"@id\":\"https:\\\/\\\/maisonecohuis.be\\\/?p=2824#webpage\"},\"isPartOf\":{\"@id\":\"https:\\\/\\\/maisonecohuis.be\\\/?p=2824#webpage\"},\"articleSection\":\"Cl\\u00f4tur\\u00e9, Fran\\u00e7ais, pll_6409e46fb58d7\"},{\"@type\":\"BreadcrumbList\",\"@id\":\"https:\\\/\\\/maisonecohuis.be\\\/?p=2824#breadcrumblist\",\"itemListElement\":[{\"@type\":\"ListItem\",\"@id\":\"https:\\\/\\\/maisonecohuis.be#listItem\",\"position\":1,\"name\":\"Home\",\"item\":\"https:\\\/\\\/maisonecohuis.be\",\"nextItem\":{\"@type\":\"ListItem\",\"@id\":\"https:\\\/\\\/maisonecohuis.be\\\/?cat=78#listItem\",\"name\":\"Cl\\u00f4tur\\u00e9\"}},{\"@type\":\"ListItem\",\"@id\":\"https:\\\/\\\/maisonecohuis.be\\\/?cat=78#listItem\",\"position\":2,\"name\":\"Cl\\u00f4tur\\u00e9\",\"item\":\"https:\\\/\\\/maisonecohuis.be\\\/?cat=78\",\"nextItem\":{\"@type\":\"ListItem\",\"@id\":\"https:\\\/\\\/maisonecohuis.be\\\/?p=2824#listItem\",\"name\":\"19 au 26.03.23 : Ici commence la mer, devant chez vous !\"},\"previousItem\":{\"@type\":\"ListItem\",\"@id\":\"https:\\\/\\\/maisonecohuis.be#listItem\",\"name\":\"Home\"}},{\"@type\":\"ListItem\",\"@id\":\"https:\\\/\\\/maisonecohuis.be\\\/?p=2824#listItem\",\"position\":3,\"name\":\"19 au 26.03.23 : Ici commence la mer, devant chez vous !\",\"previousItem\":{\"@type\":\"ListItem\",\"@id\":\"https:\\\/\\\/maisonecohuis.be\\\/?cat=78#listItem\",\"name\":\"Cl\\u00f4tur\\u00e9\"}}]},{\"@type\":\"Organization\",\"@id\":\"https:\\\/\\\/maisonecohuis.be\\\/#organization\",\"name\":\"MaisonEcoHuis\",\"description\":\"Guichet citoyen du climat et de la biodiversit\\u00e9 - Buurtloket climaat en biodiversiteit\",\"url\":\"https:\\\/\\\/maisonecohuis.be\\\/\",\"logo\":{\"@type\":\"ImageObject\",\"url\":\"https:\\\/\\\/maisonecohuis.be\\\/wp-content\\\/uploads\\\/2018\\\/04\\\/MaisonEcoHuis_Horizontal_Pantone.jpg\",\"@id\":\"https:\\\/\\\/maisonecohuis.be\\\/?p=2824\\\/#organizationLogo\",\"width\":623,\"height\":183},\"image\":{\"@id\":\"https:\\\/\\\/maisonecohuis.be\\\/?p=2824\\\/#organizationLogo\"}},{\"@type\":\"Person\",\"@id\":\"https:\\\/\\\/maisonecohuis.be\\\/?author=1#author\",\"url\":\"https:\\\/\\\/maisonecohuis.be\\\/?author=1\",\"name\":\"MaisonEcoHuis\",\"image\":{\"@type\":\"ImageObject\",\"@id\":\"https:\\\/\\\/maisonecohuis.be\\\/?p=2824#authorImage\",\"url\":\"https:\\\/\\\/secure.gravatar.com\\\/avatar\\\/1ba84678dc368f1cb1c7792546471868f8e4be393c134f9d5b6eda8cc55a95db?s=96&d=mm&r=g\",\"width\":96,\"height\":96,\"caption\":\"MaisonEcoHuis\"}},{\"@type\":\"WebPage\",\"@id\":\"https:\\\/\\\/maisonecohuis.be\\\/?p=2824#webpage\",\"url\":\"https:\\\/\\\/maisonecohuis.be\\\/?p=2824\",\"name\":\"19 au 26.03.23 : Ici commence la mer, devant chez vous ! - MaisonEcoHuis\",\"description\":\"A l\\u2019occasion des Journ\\u00e9es bruxelloises de l\\u2019Eau (19-26 mars 2023), des tags \\u2018Ici commence la mer\\u2019 \\u00e0 c\\u00f4t\\u00e9 des avaloirs rappellent aux Bruxellois le lien entre leurs \\u00e9gouts et la mer. Ces empreintes urbaines les incitent \\u00e0 ne rien y jeter ! Le service D\\u00e9veloppement Durable met \\u00e0 votre disposition les pochoirs et des\",\"inLanguage\":\"fr-BE\",\"isPartOf\":{\"@id\":\"https:\\\/\\\/maisonecohuis.be\\\/#website\"},\"breadcrumb\":{\"@id\":\"https:\\\/\\\/maisonecohuis.be\\\/?p=2824#breadcrumblist\"},\"author\":{\"@id\":\"https:\\\/\\\/maisonecohuis.be\\\/?author=1#author\"},\"creator\":{\"@id\":\"https:\\\/\\\/maisonecohuis.be\\\/?author=1#author\"},\"image\":{\"@type\":\"ImageObject\",\"url\":\"https:\\\/\\\/maisonecohuis.be\\\/wp-content\\\/uploads\\\/2023\\\/03\\\/ici-commence-sctchoumpf-2.jpg\",\"@id\":\"https:\\\/\\\/maisonecohuis.be\\\/?p=2824\\\/#mainImage\",\"width\":755,\"height\":480},\"primaryImageOfPage\":{\"@id\":\"https:\\\/\\\/maisonecohuis.be\\\/?p=2824#mainImage\"},\"datePublished\":\"2023-03-09T14:49:55+01:00\",\"dateModified\":\"2023-03-29T14:56:33+02:00\"},{\"@type\":\"WebSite\",\"@id\":\"https:\\\/\\\/maisonecohuis.be\\\/#website\",\"url\":\"https:\\\/\\\/maisonecohuis.be\\\/\",\"name\":\"MaisonEcoHuis\",\"description\":\"Guichet citoyen du climat et de la biodiversit\\u00e9 - Buurtloket climaat en biodiversiteit\",\"inLanguage\":\"fr-BE\",\"publisher\":{\"@id\":\"https:\\\/\\\/maisonecohuis.be\\\/#organization\"}}]}\n\t\t<\/script>\n\t\t<!-- All in One SEO -->\n\n","aioseo_head_json":{"title":"19 au 26.03.23 : Ici commence la mer, devant chez vous ! - MaisonEcoHuis","description":"A l\u2019occasion des Journ\u00e9es bruxelloises de l\u2019Eau (19-26 mars 2023), des tags \u2018Ici commence la mer\u2019 \u00e0 c\u00f4t\u00e9 des avaloirs rappellent aux Bruxellois le lien entre leurs \u00e9gouts et la mer. Ces empreintes urbaines les incitent \u00e0 ne rien y jeter ! Le service D\u00e9veloppement Durable met \u00e0 votre disposition les pochoirs et des","canonical_url":"https:\/\/maisonecohuis.be\/?p=2824","robots":"max-image-preview:large","keywords":"","webmasterTools":{"miscellaneous":""},"schema":{"@context":"https:\/\/schema.org","@graph":[{"@type":"BlogPosting","@id":"https:\/\/maisonecohuis.be\/?p=2824#blogposting","name":"19 au 26.03.23 : Ici commence la mer, devant chez vous ! - MaisonEcoHuis","headline":"19 au 26.03.23 : Ici commence la mer, devant chez vous !","author":{"@id":"https:\/\/maisonecohuis.be\/?author=1#author"},"publisher":{"@id":"https:\/\/maisonecohuis.be\/#organization"},"image":{"@type":"ImageObject","url":"https:\/\/maisonecohuis.be\/wp-content\/uploads\/2023\/03\/ici-commence-sctchoumpf-2.jpg","width":755,"height":480},"datePublished":"2023-03-09T14:49:55+01:00","dateModified":"2023-03-29T14:56:33+02:00","inLanguage":"fr-BE","mainEntityOfPage":{"@id":"https:\/\/maisonecohuis.be\/?p=2824#webpage"},"isPartOf":{"@id":"https:\/\/maisonecohuis.be\/?p=2824#webpage"},"articleSection":"Cl\u00f4tur\u00e9, Fran\u00e7ais, pll_6409e46fb58d7"},{"@type":"BreadcrumbList","@id":"https:\/\/maisonecohuis.be\/?p=2824#breadcrumblist","itemListElement":[{"@type":"ListItem","@id":"https:\/\/maisonecohuis.be#listItem","position":1,"name":"Home","item":"https:\/\/maisonecohuis.be","nextItem":{"@type":"ListItem","@id":"https:\/\/maisonecohuis.be\/?cat=78#listItem","name":"Cl\u00f4tur\u00e9"}},{"@type":"ListItem","@id":"https:\/\/maisonecohuis.be\/?cat=78#listItem","position":2,"name":"Cl\u00f4tur\u00e9","item":"https:\/\/maisonecohuis.be\/?cat=78","nextItem":{"@type":"ListItem","@id":"https:\/\/maisonecohuis.be\/?p=2824#listItem","name":"19 au 26.03.23 : Ici commence la mer, devant chez vous !"},"previousItem":{"@type":"ListItem","@id":"https:\/\/maisonecohuis.be#listItem","name":"Home"}},{"@type":"ListItem","@id":"https:\/\/maisonecohuis.be\/?p=2824#listItem","position":3,"name":"19 au 26.03.23 : Ici commence la mer, devant chez vous !","previousItem":{"@type":"ListItem","@id":"https:\/\/maisonecohuis.be\/?cat=78#listItem","name":"Cl\u00f4tur\u00e9"}}]},{"@type":"Organization","@id":"https:\/\/maisonecohuis.be\/#organization","name":"MaisonEcoHuis","description":"Guichet citoyen du climat et de la biodiversit\u00e9 - Buurtloket climaat en biodiversiteit","url":"https:\/\/maisonecohuis.be\/","logo":{"@type":"ImageObject","url":"https:\/\/maisonecohuis.be\/wp-content\/uploads\/2018\/04\/MaisonEcoHuis_Horizontal_Pantone.jpg","@id":"https:\/\/maisonecohuis.be\/?p=2824\/#organizationLogo","width":623,"height":183},"image":{"@id":"https:\/\/maisonecohuis.be\/?p=2824\/#organizationLogo"}},{"@type":"Person","@id":"https:\/\/maisonecohuis.be\/?author=1#author","url":"https:\/\/maisonecohuis.be\/?author=1","name":"MaisonEcoHuis","image":{"@type":"ImageObject","@id":"https:\/\/maisonecohuis.be\/?p=2824#authorImage","url":"https:\/\/secure.gravatar.com\/avatar\/1ba84678dc368f1cb1c7792546471868f8e4be393c134f9d5b6eda8cc55a95db?s=96&d=mm&r=g","width":96,"height":96,"caption":"MaisonEcoHuis"}},{"@type":"WebPage","@id":"https:\/\/maisonecohuis.be\/?p=2824#webpage","url":"https:\/\/maisonecohuis.be\/?p=2824","name":"19 au 26.03.23 : Ici commence la mer, devant chez vous ! - MaisonEcoHuis","description":"A l\u2019occasion des Journ\u00e9es bruxelloises de l\u2019Eau (19-26 mars 2023), des tags \u2018Ici commence la mer\u2019 \u00e0 c\u00f4t\u00e9 des avaloirs rappellent aux Bruxellois le lien entre leurs \u00e9gouts et la mer. Ces empreintes urbaines les incitent \u00e0 ne rien y jeter ! Le service D\u00e9veloppement Durable met \u00e0 votre disposition les pochoirs et des","inLanguage":"fr-BE","isPartOf":{"@id":"https:\/\/maisonecohuis.be\/#website"},"breadcrumb":{"@id":"https:\/\/maisonecohuis.be\/?p=2824#breadcrumblist"},"author":{"@id":"https:\/\/maisonecohuis.be\/?author=1#author"},"creator":{"@id":"https:\/\/maisonecohuis.be\/?author=1#author"},"image":{"@type":"ImageObject","url":"https:\/\/maisonecohuis.be\/wp-content\/uploads\/2023\/03\/ici-commence-sctchoumpf-2.jpg","@id":"https:\/\/maisonecohuis.be\/?p=2824\/#mainImage","width":755,"height":480},"primaryImageOfPage":{"@id":"https:\/\/maisonecohuis.be\/?p=2824#mainImage"},"datePublished":"2023-03-09T14:49:55+01:00","dateModified":"2023-03-29T14:56:33+02:00"},{"@type":"WebSite","@id":"https:\/\/maisonecohuis.be\/#website","url":"https:\/\/maisonecohuis.be\/","name":"MaisonEcoHuis","description":"Guichet citoyen du climat et de la biodiversit\u00e9 - Buurtloket climaat en biodiversiteit","inLanguage":"fr-BE","publisher":{"@id":"https:\/\/maisonecohuis.be\/#organization"}}]},"og:locale":"fr_FR","og:site_name":"MaisonEcoHuis - Guichet citoyen du climat et de la biodiversit\u00e9 - Buurtloket climaat en biodiversiteit","og:type":"article","og:title":"19 au 26.03.23 : Ici commence la mer, devant chez vous ! - MaisonEcoHuis","og:description":"A l\u2019occasion des Journ\u00e9es bruxelloises de l\u2019Eau (19-26 mars 2023), des tags \u2018Ici commence la mer\u2019 \u00e0 c\u00f4t\u00e9 des avaloirs rappellent aux Bruxellois le lien entre leurs \u00e9gouts et la mer. Ces empreintes urbaines les incitent \u00e0 ne rien y jeter ! Le service D\u00e9veloppement Durable met \u00e0 votre disposition les pochoirs et des","og:url":"https:\/\/maisonecohuis.be\/?p=2824","og:image":"https:\/\/maisonecohuis.be\/wp-content\/uploads\/2018\/04\/MaisonEcoHuis_Horizontal_Pantone.jpg","og:image:secure_url":"https:\/\/maisonecohuis.be\/wp-content\/uploads\/2018\/04\/MaisonEcoHuis_Horizontal_Pantone.jpg","og:image:width":623,"og:image:height":183,"article:published_time":"2023-03-09T13:49:55+00:00","article:modified_time":"2023-03-29T12:56:33+00:00","twitter:card":"summary_large_image","twitter:title":"19 au 26.03.23 : Ici commence la mer, devant chez vous ! - MaisonEcoHuis","twitter:description":"A l\u2019occasion des Journ\u00e9es bruxelloises de l\u2019Eau (19-26 mars 2023), des tags \u2018Ici commence la mer\u2019 \u00e0 c\u00f4t\u00e9 des avaloirs rappellent aux Bruxellois le lien entre leurs \u00e9gouts et la mer. Ces empreintes urbaines les incitent \u00e0 ne rien y jeter ! Le service D\u00e9veloppement Durable met \u00e0 votre disposition les pochoirs et des","twitter:image":"https:\/\/maisonecohuis.be\/wp-content\/uploads\/2018\/04\/MaisonEcoHuis_Horizontal_Pantone.jpg"},"aioseo_meta_data":{"post_id":"2824","title":null,"description":null,"keywords":null,"keyphrases":null,"primary_term":null,"canonical_url":null,"og_title":null,"og_description":null,"og_object_type":"default","og_image_type":"default","og_image_url":null,"og_image_width":null,"og_image_height":null,"og_image_custom_url":null,"og_image_custom_fields":null,"og_video":null,"og_custom_url":null,"og_article_section":null,"og_article_tags":null,"twitter_use_og":false,"twitter_card":"default","twitter_image_type":"default","twitter_image_url":null,"twitter_image_custom_url":null,"twitter_image_custom_fields":null,"twitter_title":null,"twitter_description":null,"schema":{"blockGraphs":[],"customGraphs":[],"default":{"data":{"Article":[],"Course":[],"Dataset":[],"FAQPage":[],"Movie":[],"Person":[],"Product":[],"ProductReview":[],"Car":[],"Recipe":[],"Service":[],"SoftwareApplication":[],"WebPage":[]},"graphName":"","isEnabled":true},"graphs":[]},"schema_type":"default","schema_type_options":null,"pillar_content":false,"robots_default":true,"robots_noindex":false,"robots_noarchive":false,"robots_nosnippet":false,"robots_nofollow":false,"robots_noimageindex":false,"robots_noodp":false,"robots_notranslate":false,"robots_max_snippet":null,"robots_max_videopreview":null,"robots_max_imagepreview":"large","priority":null,"frequency":null,"local_seo":null,"breadcrumb_settings":null,"limit_modified_date":false,"ai":null,"created":"2024-03-07 18:07:43","updated":"2024-03-07 18:07:43","focus_keyword":null,"additional_keywords":null,"truseo_locale":null,"seo_analyzer_scan_date":null},"aioseo_breadcrumb":"<div class=\"aioseo-breadcrumbs\"><span class=\"aioseo-breadcrumb\">\n\t\t\t<a href=\"https:\/\/maisonecohuis.be\" title=\"Home\">Home<\/a>\n\t\t<\/span><span class=\"aioseo-breadcrumb-separator\">&raquo;<\/span><span class=\"aioseo-breadcrumb\">\n\t\t\t<a href=\"https:\/\/maisonecohuis.be\/?cat=78\" title=\"Cl\u00f4tur\u00e9\">Cl\u00f4tur\u00e9<\/a>\n\t\t<\/span><span class=\"aioseo-breadcrumb-separator\">&raquo;<\/span><span class=\"aioseo-breadcrumb\">\n\t\t\t19 au 26.03.23 : Ici commence la mer, devant chez vous !\n\t\t<\/span><\/div>","aioseo_breadcrumb_json":[{"label":"Home","link":"https:\/\/maisonecohuis.be"},{"label":"Cl\u00f4tur\u00e9","link":"https:\/\/maisonecohuis.be\/?cat=78"},{"label":"19 au 26.03.23 : Ici commence la mer, devant chez vous !","link":"https:\/\/maisonecohuis.be\/?p=2824"}],"_links":{"self":[{"href":"https:\/\/maisonecohuis.be\/index.php?rest_route=\/wp\/v2\/posts\/2824","targetHints":{"allow":["GET"]}}],"collection":[{"href":"https:\/\/maisonecohuis.be\/index.php?rest_route=\/wp\/v2\/posts"}],"about":[{"href":"https:\/\/maisonecohuis.be\/index.php?rest_route=\/wp\/v2\/types\/post"}],"author":[{"embeddable":true,"href":"https:\/\/maisonecohuis.be\/index.php?rest_route=\/wp\/v2\/users\/1"}],"replies":[{"embeddable":true,"href":"https:\/\/maisonecohuis.be\/index.php?rest_route=%2Fwp%2Fv2%2Fcomments&post=2824"}],"version-history":[{"count":2,"href":"https:\/\/maisonecohuis.be\/index.php?rest_route=\/wp\/v2\/posts\/2824\/revisions"}],"predecessor-version":[{"id":2827,"href":"https:\/\/maisonecohuis.be\/index.php?rest_route=\/wp\/v2\/posts\/2824\/revisions\/2827"}],"wp:featuredmedia":[{"embeddable":true,"href":"https:\/\/maisonecohuis.be\/index.php?rest_route=\/wp\/v2\/media\/2832"}],"wp:attachment":[{"href":"https:\/\/maisonecohuis.be\/index.php?rest_route=%2Fwp%2Fv2%2Fmedia&parent=2824"}],"wp:term":[{"taxonomy":"category","embeddable":true,"href":"https:\/\/maisonecohuis.be\/index.php?rest_route=%2Fwp%2Fv2%2Fcategories&post=2824"},{"taxonomy":"post_tag","embeddable":true,"href":"https:\/\/maisonecohuis.be\/index.php?rest_route=%2Fwp%2Fv2%2Ftags&post=2824"}],"curies":[{"name":"wp","href":"https:\/\/api.w.org\/{rel}","templated":true}]}}