{"id":2815,"date":"2023-03-08T14:04:42","date_gmt":"2023-03-08T13:04:42","guid":{"rendered":"http:\/\/maisonecohuis.be\/?p=2815"},"modified":"2023-09-06T12:36:26","modified_gmt":"2023-09-06T10:36:26","slug":"en-mars-veggie-challenge","status":"publish","type":"post","link":"https:\/\/maisonecohuis.be\/?p=2815","title":{"rendered":"En mars : Veggie Challenge, Saint-Gilles participe !"},"content":{"rendered":"<p>Pr\u00eat\u00b7e pour un d\u00e9fi ? Participe au VeggieChallenge en mars et d\u00e9couvre \u00e0 quel point il est facile et d\u00e9licieux de manger plus souvent veggie. \ud83c\udf31\ud83d\udc9a<\/p>\n<p>Les infos =&gt;\u00a0<a href=\"http:\/\/www.veggiechallenge.be\/fr\" target=\"_blank\" rel=\"noopener\">www.veggiechallenge.be\/fr<\/a><\/p>\n<p>Lien vid\u00e9o : <a href=\"https:\/\/fb.watch\/iS2ce3wo3d\/\" target=\"_blank\" rel=\"noopener\">https:\/\/fb.watch\/iS2ce3wo3d\/<\/a><\/p>\n","protected":false},"excerpt":{"rendered":"<p>Pr\u00eat\u00b7e pour un d\u00e9fi ? Participe au VeggieChallenge en mars et d\u00e9couvre \u00e0 quel point il est facile et d\u00e9licieux de manger plus souvent veggie. [&hellip;] <span class=\"read-more-link\"><a class=\"read-more\" href=\"https:\/\/maisonecohuis.be\/?p=2815\">Read More<\/a><\/span><\/p>\n","protected":false},"author":1,"featured_media":2835,"comment_status":"closed","ping_status":"open","sticky":false,"template":"","format":"standard","meta":{"om_disable_all_campaigns":false,"_monsterinsights_skip_tracking":false,"_uf_show_specific_survey":0,"_uf_disable_surveys":false,"footnotes":""},"categories":[78],"tags":[],"class_list":["post-2815","post","type-post","status-publish","format-standard","has-post-thumbnail","hentry","category-cloture"],"aioseo_notices":[],"aioseo_head":"\n\t\t<!-- All in One SEO 5.0.1.1 - aioseo.com -->\n\t<meta name=\"description\" content=\"Pr\u00eat\u00b7e pour un d\u00e9fi ? Participe au VeggieChallenge en mars et d\u00e9couvre \u00e0 quel point il est facile et d\u00e9licieux de manger plus souvent veggie. \ud83c\udf31\ud83d\udc9a Les infos =&gt; www.veggiechallenge.be\/fr Lien vid\u00e9o : https:\/\/fb.watch\/iS2ce3wo3d\/\" \/>\n\t<meta name=\"robots\" content=\"max-image-preview:large\" \/>\n\t<meta name=\"author\" content=\"MaisonEcoHuis\"\/>\n\t<link rel=\"canonical\" href=\"https:\/\/maisonecohuis.be\/?p=2815\" \/>\n\t<meta name=\"generator\" content=\"All in One SEO (AIOSEO) 5.0.1.1\" \/>\n\t\t<meta property=\"og:locale\" content=\"fr_FR\" \/>\n\t\t<meta property=\"og:site_name\" content=\"MaisonEcoHuis - Guichet citoyen du climat et de la biodiversit\u00e9 - Buurtloket climaat en biodiversiteit\" \/>\n\t\t<meta property=\"og:type\" content=\"article\" \/>\n\t\t<meta property=\"og:title\" content=\"En mars : Veggie Challenge, Saint-Gilles participe ! - MaisonEcoHuis\" \/>\n\t\t<meta property=\"og:description\" content=\"Pr\u00eat\u00b7e pour un d\u00e9fi ? Participe au VeggieChallenge en mars et d\u00e9couvre \u00e0 quel point il est facile et d\u00e9licieux de manger plus souvent veggie. \ud83c\udf31\ud83d\udc9a Les infos =&gt; www.veggiechallenge.be\/fr Lien vid\u00e9o : https:\/\/fb.watch\/iS2ce3wo3d\/\" \/>\n\t\t<meta property=\"og:url\" content=\"https:\/\/maisonecohuis.be\/?p=2815\" \/>\n\t\t<meta property=\"og:image\" content=\"https:\/\/maisonecohuis.be\/wp-content\/uploads\/2018\/04\/MaisonEcoHuis_Horizontal_Pantone.jpg\" \/>\n\t\t<meta property=\"og:image:secure_url\" content=\"https:\/\/maisonecohuis.be\/wp-content\/uploads\/2018\/04\/MaisonEcoHuis_Horizontal_Pantone.jpg\" \/>\n\t\t<meta property=\"og:image:width\" content=\"623\" \/>\n\t\t<meta property=\"og:image:height\" content=\"183\" \/>\n\t\t<meta property=\"article:published_time\" content=\"2023-03-08T13:04:42+00:00\" \/>\n\t\t<meta property=\"article:modified_time\" content=\"2023-09-06T10:36:26+00:00\" \/>\n\t\t<meta name=\"twitter:card\" content=\"summary_large_image\" \/>\n\t\t<meta name=\"twitter:title\" content=\"En mars : Veggie Challenge, Saint-Gilles participe ! - MaisonEcoHuis\" \/>\n\t\t<meta name=\"twitter:description\" content=\"Pr\u00eat\u00b7e pour un d\u00e9fi ? Participe au VeggieChallenge en mars et d\u00e9couvre \u00e0 quel point il est facile et d\u00e9licieux de manger plus souvent veggie. \ud83c\udf31\ud83d\udc9a Les infos =&gt; www.veggiechallenge.be\/fr Lien vid\u00e9o : https:\/\/fb.watch\/iS2ce3wo3d\/\" \/>\n\t\t<meta name=\"twitter:image\" content=\"https:\/\/maisonecohuis.be\/wp-content\/uploads\/2018\/04\/MaisonEcoHuis_Horizontal_Pantone.jpg\" \/>\n\t\t<script type=\"application\/ld+json\" class=\"aioseo-schema\">\n\t\t\t{\"@context\":\"https:\\\/\\\/schema.org\",\"@graph\":[{\"@type\":\"BlogPosting\",\"@id\":\"https:\\\/\\\/maisonecohuis.be\\\/?p=2815#blogposting\",\"name\":\"En mars : Veggie Challenge, Saint-Gilles participe ! - MaisonEcoHuis\",\"headline\":\"En mars : Veggie Challenge, Saint-Gilles participe !\",\"author\":{\"@id\":\"https:\\\/\\\/maisonecohuis.be\\\/?author=1#author\"},\"publisher\":{\"@id\":\"https:\\\/\\\/maisonecohuis.be\\\/#organization\"},\"image\":{\"@type\":\"ImageObject\",\"url\":\"https:\\\/\\\/maisonecohuis.be\\\/wp-content\\\/uploads\\\/2023\\\/03\\\/Banner_FR_VC_2023.jpg\",\"width\":3319,\"height\":1263},\"datePublished\":\"2023-03-08T14:04:42+01:00\",\"dateModified\":\"2023-09-06T12:36:26+02:00\",\"inLanguage\":\"fr-BE\",\"mainEntityOfPage\":{\"@id\":\"https:\\\/\\\/maisonecohuis.be\\\/?p=2815#webpage\"},\"isPartOf\":{\"@id\":\"https:\\\/\\\/maisonecohuis.be\\\/?p=2815#webpage\"},\"articleSection\":\"Cl\\u00f4tur\\u00e9, Fran\\u00e7ais, pll_6409dac5d3695\"},{\"@type\":\"BreadcrumbList\",\"@id\":\"https:\\\/\\\/maisonecohuis.be\\\/?p=2815#breadcrumblist\",\"itemListElement\":[{\"@type\":\"ListItem\",\"@id\":\"https:\\\/\\\/maisonecohuis.be#listItem\",\"position\":1,\"name\":\"Home\",\"item\":\"https:\\\/\\\/maisonecohuis.be\",\"nextItem\":{\"@type\":\"ListItem\",\"@id\":\"https:\\\/\\\/maisonecohuis.be\\\/?cat=78#listItem\",\"name\":\"Cl\\u00f4tur\\u00e9\"}},{\"@type\":\"ListItem\",\"@id\":\"https:\\\/\\\/maisonecohuis.be\\\/?cat=78#listItem\",\"position\":2,\"name\":\"Cl\\u00f4tur\\u00e9\",\"item\":\"https:\\\/\\\/maisonecohuis.be\\\/?cat=78\",\"nextItem\":{\"@type\":\"ListItem\",\"@id\":\"https:\\\/\\\/maisonecohuis.be\\\/?p=2815#listItem\",\"name\":\"En mars : Veggie Challenge, Saint-Gilles participe !\"},\"previousItem\":{\"@type\":\"ListItem\",\"@id\":\"https:\\\/\\\/maisonecohuis.be#listItem\",\"name\":\"Home\"}},{\"@type\":\"ListItem\",\"@id\":\"https:\\\/\\\/maisonecohuis.be\\\/?p=2815#listItem\",\"position\":3,\"name\":\"En mars : Veggie Challenge, Saint-Gilles participe !\",\"previousItem\":{\"@type\":\"ListItem\",\"@id\":\"https:\\\/\\\/maisonecohuis.be\\\/?cat=78#listItem\",\"name\":\"Cl\\u00f4tur\\u00e9\"}}]},{\"@type\":\"Organization\",\"@id\":\"https:\\\/\\\/maisonecohuis.be\\\/#organization\",\"name\":\"MaisonEcoHuis\",\"description\":\"Guichet citoyen du climat et de la biodiversit\\u00e9 - Buurtloket climaat en biodiversiteit\",\"url\":\"https:\\\/\\\/maisonecohuis.be\\\/\",\"logo\":{\"@type\":\"ImageObject\",\"url\":\"https:\\\/\\\/maisonecohuis.be\\\/wp-content\\\/uploads\\\/2018\\\/04\\\/MaisonEcoHuis_Horizontal_Pantone.jpg\",\"@id\":\"https:\\\/\\\/maisonecohuis.be\\\/?p=2815\\\/#organizationLogo\",\"width\":623,\"height\":183},\"image\":{\"@id\":\"https:\\\/\\\/maisonecohuis.be\\\/?p=2815\\\/#organizationLogo\"}},{\"@type\":\"Person\",\"@id\":\"https:\\\/\\\/maisonecohuis.be\\\/?author=1#author\",\"url\":\"https:\\\/\\\/maisonecohuis.be\\\/?author=1\",\"name\":\"MaisonEcoHuis\",\"image\":{\"@type\":\"ImageObject\",\"@id\":\"https:\\\/\\\/maisonecohuis.be\\\/?p=2815#authorImage\",\"url\":\"https:\\\/\\\/secure.gravatar.com\\\/avatar\\\/1ba84678dc368f1cb1c7792546471868f8e4be393c134f9d5b6eda8cc55a95db?s=96&d=mm&r=g\",\"width\":96,\"height\":96,\"caption\":\"MaisonEcoHuis\"}},{\"@type\":\"WebPage\",\"@id\":\"https:\\\/\\\/maisonecohuis.be\\\/?p=2815#webpage\",\"url\":\"https:\\\/\\\/maisonecohuis.be\\\/?p=2815\",\"name\":\"En mars : Veggie Challenge, Saint-Gilles participe ! - MaisonEcoHuis\",\"description\":\"Pr\\u00eat\\u00b7e pour un d\\u00e9fi ? Participe au VeggieChallenge en mars et d\\u00e9couvre \\u00e0 quel point il est facile et d\\u00e9licieux de manger plus souvent veggie. \\ud83c\\udf31\\ud83d\\udc9a Les infos => www.veggiechallenge.be\\\/fr Lien vid\\u00e9o : https:\\\/\\\/fb.watch\\\/iS2ce3wo3d\\\/\",\"inLanguage\":\"fr-BE\",\"isPartOf\":{\"@id\":\"https:\\\/\\\/maisonecohuis.be\\\/#website\"},\"breadcrumb\":{\"@id\":\"https:\\\/\\\/maisonecohuis.be\\\/?p=2815#breadcrumblist\"},\"author\":{\"@id\":\"https:\\\/\\\/maisonecohuis.be\\\/?author=1#author\"},\"creator\":{\"@id\":\"https:\\\/\\\/maisonecohuis.be\\\/?author=1#author\"},\"image\":{\"@type\":\"ImageObject\",\"url\":\"https:\\\/\\\/maisonecohuis.be\\\/wp-content\\\/uploads\\\/2023\\\/03\\\/Banner_FR_VC_2023.jpg\",\"@id\":\"https:\\\/\\\/maisonecohuis.be\\\/?p=2815\\\/#mainImage\",\"width\":3319,\"height\":1263},\"primaryImageOfPage\":{\"@id\":\"https:\\\/\\\/maisonecohuis.be\\\/?p=2815#mainImage\"},\"datePublished\":\"2023-03-08T14:04:42+01:00\",\"dateModified\":\"2023-09-06T12:36:26+02:00\"},{\"@type\":\"WebSite\",\"@id\":\"https:\\\/\\\/maisonecohuis.be\\\/#website\",\"url\":\"https:\\\/\\\/maisonecohuis.be\\\/\",\"name\":\"MaisonEcoHuis\",\"description\":\"Guichet citoyen du climat et de la biodiversit\\u00e9 - Buurtloket climaat en biodiversiteit\",\"inLanguage\":\"fr-BE\",\"publisher\":{\"@id\":\"https:\\\/\\\/maisonecohuis.be\\\/#organization\"}}]}\n\t\t<\/script>\n\t\t<!-- All in One SEO -->\n\n","aioseo_head_json":{"title":"En mars : Veggie Challenge, Saint-Gilles participe ! - MaisonEcoHuis","description":"Pr\u00eat\u00b7e pour un d\u00e9fi ? Participe au VeggieChallenge en mars et d\u00e9couvre \u00e0 quel point il est facile et d\u00e9licieux de manger plus souvent veggie. \ud83c\udf31\ud83d\udc9a Les infos => www.veggiechallenge.be\/fr Lien vid\u00e9o : https:\/\/fb.watch\/iS2ce3wo3d\/","canonical_url":"https:\/\/maisonecohuis.be\/?p=2815","robots":"max-image-preview:large","keywords":"","webmasterTools":{"miscellaneous":""},"schema":{"@context":"https:\/\/schema.org","@graph":[{"@type":"BlogPosting","@id":"https:\/\/maisonecohuis.be\/?p=2815#blogposting","name":"En mars : Veggie Challenge, Saint-Gilles participe ! - MaisonEcoHuis","headline":"En mars : Veggie Challenge, Saint-Gilles participe !","author":{"@id":"https:\/\/maisonecohuis.be\/?author=1#author"},"publisher":{"@id":"https:\/\/maisonecohuis.be\/#organization"},"image":{"@type":"ImageObject","url":"https:\/\/maisonecohuis.be\/wp-content\/uploads\/2023\/03\/Banner_FR_VC_2023.jpg","width":3319,"height":1263},"datePublished":"2023-03-08T14:04:42+01:00","dateModified":"2023-09-06T12:36:26+02:00","inLanguage":"fr-BE","mainEntityOfPage":{"@id":"https:\/\/maisonecohuis.be\/?p=2815#webpage"},"isPartOf":{"@id":"https:\/\/maisonecohuis.be\/?p=2815#webpage"},"articleSection":"Cl\u00f4tur\u00e9, Fran\u00e7ais, pll_6409dac5d3695"},{"@type":"BreadcrumbList","@id":"https:\/\/maisonecohuis.be\/?p=2815#breadcrumblist","itemListElement":[{"@type":"ListItem","@id":"https:\/\/maisonecohuis.be#listItem","position":1,"name":"Home","item":"https:\/\/maisonecohuis.be","nextItem":{"@type":"ListItem","@id":"https:\/\/maisonecohuis.be\/?cat=78#listItem","name":"Cl\u00f4tur\u00e9"}},{"@type":"ListItem","@id":"https:\/\/maisonecohuis.be\/?cat=78#listItem","position":2,"name":"Cl\u00f4tur\u00e9","item":"https:\/\/maisonecohuis.be\/?cat=78","nextItem":{"@type":"ListItem","@id":"https:\/\/maisonecohuis.be\/?p=2815#listItem","name":"En mars : Veggie Challenge, Saint-Gilles participe !"},"previousItem":{"@type":"ListItem","@id":"https:\/\/maisonecohuis.be#listItem","name":"Home"}},{"@type":"ListItem","@id":"https:\/\/maisonecohuis.be\/?p=2815#listItem","position":3,"name":"En mars : Veggie Challenge, Saint-Gilles participe !","previousItem":{"@type":"ListItem","@id":"https:\/\/maisonecohuis.be\/?cat=78#listItem","name":"Cl\u00f4tur\u00e9"}}]},{"@type":"Organization","@id":"https:\/\/maisonecohuis.be\/#organization","name":"MaisonEcoHuis","description":"Guichet citoyen du climat et de la biodiversit\u00e9 - Buurtloket climaat en biodiversiteit","url":"https:\/\/maisonecohuis.be\/","logo":{"@type":"ImageObject","url":"https:\/\/maisonecohuis.be\/wp-content\/uploads\/2018\/04\/MaisonEcoHuis_Horizontal_Pantone.jpg","@id":"https:\/\/maisonecohuis.be\/?p=2815\/#organizationLogo","width":623,"height":183},"image":{"@id":"https:\/\/maisonecohuis.be\/?p=2815\/#organizationLogo"}},{"@type":"Person","@id":"https:\/\/maisonecohuis.be\/?author=1#author","url":"https:\/\/maisonecohuis.be\/?author=1","name":"MaisonEcoHuis","image":{"@type":"ImageObject","@id":"https:\/\/maisonecohuis.be\/?p=2815#authorImage","url":"https:\/\/secure.gravatar.com\/avatar\/1ba84678dc368f1cb1c7792546471868f8e4be393c134f9d5b6eda8cc55a95db?s=96&d=mm&r=g","width":96,"height":96,"caption":"MaisonEcoHuis"}},{"@type":"WebPage","@id":"https:\/\/maisonecohuis.be\/?p=2815#webpage","url":"https:\/\/maisonecohuis.be\/?p=2815","name":"En mars : Veggie Challenge, Saint-Gilles participe ! - MaisonEcoHuis","description":"Pr\u00eat\u00b7e pour un d\u00e9fi ? Participe au VeggieChallenge en mars et d\u00e9couvre \u00e0 quel point il est facile et d\u00e9licieux de manger plus souvent veggie. \ud83c\udf31\ud83d\udc9a Les infos => www.veggiechallenge.be\/fr Lien vid\u00e9o : https:\/\/fb.watch\/iS2ce3wo3d\/","inLanguage":"fr-BE","isPartOf":{"@id":"https:\/\/maisonecohuis.be\/#website"},"breadcrumb":{"@id":"https:\/\/maisonecohuis.be\/?p=2815#breadcrumblist"},"author":{"@id":"https:\/\/maisonecohuis.be\/?author=1#author"},"creator":{"@id":"https:\/\/maisonecohuis.be\/?author=1#author"},"image":{"@type":"ImageObject","url":"https:\/\/maisonecohuis.be\/wp-content\/uploads\/2023\/03\/Banner_FR_VC_2023.jpg","@id":"https:\/\/maisonecohuis.be\/?p=2815\/#mainImage","width":3319,"height":1263},"primaryImageOfPage":{"@id":"https:\/\/maisonecohuis.be\/?p=2815#mainImage"},"datePublished":"2023-03-08T14:04:42+01:00","dateModified":"2023-09-06T12:36:26+02:00"},{"@type":"WebSite","@id":"https:\/\/maisonecohuis.be\/#website","url":"https:\/\/maisonecohuis.be\/","name":"MaisonEcoHuis","description":"Guichet citoyen du climat et de la biodiversit\u00e9 - Buurtloket climaat en biodiversiteit","inLanguage":"fr-BE","publisher":{"@id":"https:\/\/maisonecohuis.be\/#organization"}}]},"og:locale":"fr_FR","og:site_name":"MaisonEcoHuis - Guichet citoyen du climat et de la biodiversit\u00e9 - Buurtloket climaat en biodiversiteit","og:type":"article","og:title":"En mars : Veggie Challenge, Saint-Gilles participe ! - MaisonEcoHuis","og:description":"Pr\u00eat\u00b7e pour un d\u00e9fi ? Participe au VeggieChallenge en mars et d\u00e9couvre \u00e0 quel point il est facile et d\u00e9licieux de manger plus souvent veggie. \ud83c\udf31\ud83d\udc9a Les infos =&gt; www.veggiechallenge.be\/fr Lien vid\u00e9o : https:\/\/fb.watch\/iS2ce3wo3d\/","og:url":"https:\/\/maisonecohuis.be\/?p=2815","og:image":"https:\/\/maisonecohuis.be\/wp-content\/uploads\/2018\/04\/MaisonEcoHuis_Horizontal_Pantone.jpg","og:image:secure_url":"https:\/\/maisonecohuis.be\/wp-content\/uploads\/2018\/04\/MaisonEcoHuis_Horizontal_Pantone.jpg","og:image:width":623,"og:image:height":183,"article:published_time":"2023-03-08T13:04:42+00:00","article:modified_time":"2023-09-06T10:36:26+00:00","twitter:card":"summary_large_image","twitter:title":"En mars : Veggie Challenge, Saint-Gilles participe ! - MaisonEcoHuis","twitter:description":"Pr\u00eat\u00b7e pour un d\u00e9fi ? Participe au VeggieChallenge en mars et d\u00e9couvre \u00e0 quel point il est facile et d\u00e9licieux de manger plus souvent veggie. \ud83c\udf31\ud83d\udc9a Les infos =&gt; www.veggiechallenge.be\/fr Lien vid\u00e9o : https:\/\/fb.watch\/iS2ce3wo3d\/","twitter:image":"https:\/\/maisonecohuis.be\/wp-content\/uploads\/2018\/04\/MaisonEcoHuis_Horizontal_Pantone.jpg"},"aioseo_meta_data":{"post_id":"2815","title":null,"description":null,"keywords":null,"keyphrases":null,"primary_term":null,"canonical_url":null,"og_title":null,"og_description":null,"og_object_type":"default","og_image_type":"default","og_image_url":null,"og_image_width":null,"og_image_height":null,"og_image_custom_url":null,"og_image_custom_fields":null,"og_video":null,"og_custom_url":null,"og_article_section":null,"og_article_tags":null,"twitter_use_og":false,"twitter_card":"default","twitter_image_type":"default","twitter_image_url":null,"twitter_image_custom_url":null,"twitter_image_custom_fields":null,"twitter_title":null,"twitter_description":null,"schema":{"blockGraphs":[],"customGraphs":[],"default":{"data":{"Article":[],"Course":[],"Dataset":[],"FAQPage":[],"Movie":[],"Person":[],"Product":[],"ProductReview":[],"Car":[],"Recipe":[],"Service":[],"SoftwareApplication":[],"WebPage":[]},"graphName":"","isEnabled":true},"graphs":[]},"schema_type":"default","schema_type_options":null,"pillar_content":false,"robots_default":true,"robots_noindex":false,"robots_noarchive":false,"robots_nosnippet":false,"robots_nofollow":false,"robots_noimageindex":false,"robots_noodp":false,"robots_notranslate":false,"robots_max_snippet":null,"robots_max_videopreview":null,"robots_max_imagepreview":"large","priority":null,"frequency":null,"local_seo":null,"breadcrumb_settings":null,"limit_modified_date":false,"ai":null,"created":"2024-03-07 18:07:43","updated":"2024-03-07 18:07:43","focus_keyword":null,"additional_keywords":null,"truseo_locale":null,"seo_analyzer_scan_date":null},"aioseo_breadcrumb":"<div class=\"aioseo-breadcrumbs\"><span class=\"aioseo-breadcrumb\">\n\t\t\t<a href=\"https:\/\/maisonecohuis.be\" title=\"Home\">Home<\/a>\n\t\t<\/span><span class=\"aioseo-breadcrumb-separator\">&raquo;<\/span><span class=\"aioseo-breadcrumb\">\n\t\t\t<a href=\"https:\/\/maisonecohuis.be\/?cat=78\" title=\"Cl\u00f4tur\u00e9\">Cl\u00f4tur\u00e9<\/a>\n\t\t<\/span><span class=\"aioseo-breadcrumb-separator\">&raquo;<\/span><span class=\"aioseo-breadcrumb\">\n\t\t\tEn mars : Veggie Challenge, Saint-Gilles participe !\n\t\t<\/span><\/div>","aioseo_breadcrumb_json":[{"label":"Home","link":"https:\/\/maisonecohuis.be"},{"label":"Cl\u00f4tur\u00e9","link":"https:\/\/maisonecohuis.be\/?cat=78"},{"label":"En mars : Veggie Challenge, Saint-Gilles participe !","link":"https:\/\/maisonecohuis.be\/?p=2815"}],"_links":{"self":[{"href":"https:\/\/maisonecohuis.be\/index.php?rest_route=\/wp\/v2\/posts\/2815","targetHints":{"allow":["GET"]}}],"collection":[{"href":"https:\/\/maisonecohuis.be\/index.php?rest_route=\/wp\/v2\/posts"}],"about":[{"href":"https:\/\/maisonecohuis.be\/index.php?rest_route=\/wp\/v2\/types\/post"}],"author":[{"embeddable":true,"href":"https:\/\/maisonecohuis.be\/index.php?rest_route=\/wp\/v2\/users\/1"}],"replies":[{"embeddable":true,"href":"https:\/\/maisonecohuis.be\/index.php?rest_route=%2Fwp%2Fv2%2Fcomments&post=2815"}],"version-history":[{"count":4,"href":"https:\/\/maisonecohuis.be\/index.php?rest_route=\/wp\/v2\/posts\/2815\/revisions"}],"predecessor-version":[{"id":2821,"href":"https:\/\/maisonecohuis.be\/index.php?rest_route=\/wp\/v2\/posts\/2815\/revisions\/2821"}],"wp:featuredmedia":[{"embeddable":true,"href":"https:\/\/maisonecohuis.be\/index.php?rest_route=\/wp\/v2\/media\/2835"}],"wp:attachment":[{"href":"https:\/\/maisonecohuis.be\/index.php?rest_route=%2Fwp%2Fv2%2Fmedia&parent=2815"}],"wp:term":[{"taxonomy":"category","embeddable":true,"href":"https:\/\/maisonecohuis.be\/index.php?rest_route=%2Fwp%2Fv2%2Fcategories&post=2815"},{"taxonomy":"post_tag","embeddable":true,"href":"https:\/\/maisonecohuis.be\/index.php?rest_route=%2Fwp%2Fv2%2Ftags&post=2815"}],"curies":[{"name":"wp","href":"https:\/\/api.w.org\/{rel}","templated":true}]}}