{"id":1758,"date":"2021-09-28T10:02:24","date_gmt":"2021-09-28T08:02:24","guid":{"rendered":"http:\/\/maisonecohuis.be\/?p=1758"},"modified":"2021-10-12T17:33:50","modified_gmt":"2021-10-12T15:33:50","slug":"10-10-apres-la-marche-pour-le-climat","status":"publish","type":"post","link":"https:\/\/maisonecohuis.be\/?p=1758","title":{"rendered":"10\/10 &#8211; apr\u00e8s la marche pour le climat"},"content":{"rendered":"<p><strong>Conf\u00e9rence gesticul\u00e9e \u00ab\u00a0Dis maman, c&rsquo;est quoi qu&rsquo;on mange? \u00ab\u00a0<\/strong><\/p>\n<p>D\u00e8s 16h, venez d\u00e9guster une cr\u00eape et un chocolat chaud (produits \u00e9quitables) avant d\u2019assister \u00e0 la conf\u00e9rence gesticul\u00e9e \u201cDis Maman, c\u2019est quoi qu\u2019on mange ?\u201d \u2013\u00a0<em>Petite-fille de fermier, Odile est aujourd\u2019hui une bobo urbaine qui ne sait pas planter une patate. Elle est passionn\u00e9e de cuisine et s\u2019interroge tous les jours face \u00e0 son panier m\u00e9nager. Que se cache-t-il derri\u00e8re ses courses quotidiennes et ses tensions d\u2019\u00e9colo frustr\u00e9e face au syst\u00e8me agro-alimentaire mondialis\u00e9 ?<\/em><br \/>\nAudiodescriptrice pour le cin\u00e9ma, elle vous fait d\u00e9couvrir sa profession et les faux r\u00e9cits d\u2019une soci\u00e9t\u00e9 o\u00f9 les savoir-faire se perdent \u00e0 mesure que les march\u00e9s internationaux se cr\u00e9ent.<\/p>\n<p>16h00: D\u00e9gustation de cr\u00eapes et chocolat chaud \u00e9quitables<br \/>\n17h00: Conf\u00e9rence Gesticul\u00e9e \u2018Dis Maman, c\u2019est quoi qu\u2019on mange\u2019 (1h20)\u00a0\u2013 A partir de 14 ans<\/p>\n<p>Gratuit \u2013 \u00e0 la Maison des Cultures de Saint-Gilles<\/p>\n<p>R\u00e9servation recommand\u00e9e: <a href=\"mailto:maisonecohuis@stgilles.brussels\">maisonecohuis@stgilles.brussels<\/a><\/p>\n<p><img loading=\"lazy\" decoding=\"async\" class=\"alignnone size-full wp-image-1761\" src=\"http:\/\/maisonecohuis.be\/wp-content\/uploads\/2021\/09\/dis-mamam.png\" alt=\"\" width=\"547\" height=\"777\" srcset=\"https:\/\/maisonecohuis.be\/wp-content\/uploads\/2021\/09\/dis-mamam.png 547w, https:\/\/maisonecohuis.be\/wp-content\/uploads\/2021\/09\/dis-mamam-211x300.png 211w\" sizes=\"auto, (max-width: 547px) 100vw, 547px\" \/><\/p>\n","protected":false},"excerpt":{"rendered":"<p>Conf\u00e9rence gesticul\u00e9e \u00ab\u00a0Dis maman, c&rsquo;est quoi qu&rsquo;on mange? \u00ab\u00a0 D\u00e8s 16h, venez d\u00e9guster une cr\u00eape et un chocolat chaud (produits \u00e9quitables) avant d\u2019assister \u00e0 la [&hellip;] <span class=\"read-more-link\"><a class=\"read-more\" href=\"https:\/\/maisonecohuis.be\/?p=1758\">Read More<\/a><\/span><\/p>\n","protected":false},"author":1,"featured_media":1762,"comment_status":"closed","ping_status":"open","sticky":false,"template":"","format":"standard","meta":{"om_disable_all_campaigns":false,"_monsterinsights_skip_tracking":false,"_uf_show_specific_survey":0,"_uf_disable_surveys":false,"footnotes":""},"categories":[78],"tags":[],"class_list":["post-1758","post","type-post","status-publish","format-standard","has-post-thumbnail","hentry","category-cloture"],"aioseo_notices":[],"aioseo_head":"\n\t\t<!-- All in One SEO 5.0.1.1 - aioseo.com -->\n\t<meta name=\"description\" content=\"Conf\u00e9rence gesticul\u00e9e &quot;Dis maman, c&#039;est quoi qu&#039;on mange? &quot; D\u00e8s 16h, venez d\u00e9guster une cr\u00eape et un chocolat chaud (produits \u00e9quitables) avant d\u2019assister \u00e0 la conf\u00e9rence gesticul\u00e9e \u201cDis Maman, c\u2019est quoi qu\u2019on mange ?\u201d \u2013 Petite-fille de fermier, Odile est aujourd\u2019hui une bobo urbaine qui ne sait pas planter une patate. Elle est passionn\u00e9e de cuisine\" \/>\n\t<meta name=\"robots\" content=\"max-image-preview:large\" \/>\n\t<meta name=\"author\" content=\"MaisonEcoHuis\"\/>\n\t<link rel=\"canonical\" href=\"https:\/\/maisonecohuis.be\/?p=1758\" \/>\n\t<meta name=\"generator\" content=\"All in One SEO (AIOSEO) 5.0.1.1\" \/>\n\t\t<meta property=\"og:locale\" content=\"fr_FR\" \/>\n\t\t<meta property=\"og:site_name\" content=\"MaisonEcoHuis - Guichet citoyen du climat et de la biodiversit\u00e9 - Buurtloket climaat en biodiversiteit\" \/>\n\t\t<meta property=\"og:type\" content=\"article\" \/>\n\t\t<meta property=\"og:title\" content=\"10\/10 \u2013 apr\u00e8s la marche pour le climat - MaisonEcoHuis\" \/>\n\t\t<meta property=\"og:description\" content=\"Conf\u00e9rence gesticul\u00e9e &quot;Dis maman, c&#039;est quoi qu&#039;on mange? &quot; D\u00e8s 16h, venez d\u00e9guster une cr\u00eape et un chocolat chaud (produits \u00e9quitables) avant d\u2019assister \u00e0 la conf\u00e9rence gesticul\u00e9e \u201cDis Maman, c\u2019est quoi qu\u2019on mange ?\u201d \u2013 Petite-fille de fermier, Odile est aujourd\u2019hui une bobo urbaine qui ne sait pas planter une patate. Elle est passionn\u00e9e de cuisine\" \/>\n\t\t<meta property=\"og:url\" content=\"https:\/\/maisonecohuis.be\/?p=1758\" \/>\n\t\t<meta property=\"og:image\" content=\"https:\/\/maisonecohuis.be\/wp-content\/uploads\/2018\/04\/MaisonEcoHuis_Horizontal_Pantone.jpg\" \/>\n\t\t<meta property=\"og:image:secure_url\" content=\"https:\/\/maisonecohuis.be\/wp-content\/uploads\/2018\/04\/MaisonEcoHuis_Horizontal_Pantone.jpg\" \/>\n\t\t<meta property=\"og:image:width\" content=\"623\" \/>\n\t\t<meta property=\"og:image:height\" content=\"183\" \/>\n\t\t<meta property=\"article:published_time\" content=\"2021-09-28T08:02:24+00:00\" \/>\n\t\t<meta property=\"article:modified_time\" content=\"2021-10-12T15:33:50+00:00\" \/>\n\t\t<meta name=\"twitter:card\" content=\"summary_large_image\" \/>\n\t\t<meta name=\"twitter:title\" content=\"10\/10 \u2013 apr\u00e8s la marche pour le climat - MaisonEcoHuis\" \/>\n\t\t<meta name=\"twitter:description\" content=\"Conf\u00e9rence gesticul\u00e9e &quot;Dis maman, c&#039;est quoi qu&#039;on mange? &quot; D\u00e8s 16h, venez d\u00e9guster une cr\u00eape et un chocolat chaud (produits \u00e9quitables) avant d\u2019assister \u00e0 la conf\u00e9rence gesticul\u00e9e \u201cDis Maman, c\u2019est quoi qu\u2019on mange ?\u201d \u2013 Petite-fille de fermier, Odile est aujourd\u2019hui une bobo urbaine qui ne sait pas planter une patate. Elle est passionn\u00e9e de cuisine\" \/>\n\t\t<meta name=\"twitter:image\" content=\"https:\/\/maisonecohuis.be\/wp-content\/uploads\/2018\/04\/MaisonEcoHuis_Horizontal_Pantone.jpg\" \/>\n\t\t<script type=\"application\/ld+json\" class=\"aioseo-schema\">\n\t\t\t{\"@context\":\"https:\\\/\\\/schema.org\",\"@graph\":[{\"@type\":\"BlogPosting\",\"@id\":\"https:\\\/\\\/maisonecohuis.be\\\/?p=1758#blogposting\",\"name\":\"10\\\/10 \\u2013 apr\\u00e8s la marche pour le climat - MaisonEcoHuis\",\"headline\":\"10\\\/10 &#8211; apr\\u00e8s la marche pour le climat\",\"author\":{\"@id\":\"https:\\\/\\\/maisonecohuis.be\\\/?author=1#author\"},\"publisher\":{\"@id\":\"https:\\\/\\\/maisonecohuis.be\\\/#organization\"},\"image\":{\"@type\":\"ImageObject\",\"url\":\"https:\\\/\\\/maisonecohuis.be\\\/wp-content\\\/uploads\\\/2021\\\/09\\\/dis-maman-2.png\",\"width\":414,\"height\":274},\"datePublished\":\"2021-09-28T10:02:24+02:00\",\"dateModified\":\"2021-10-12T17:33:50+02:00\",\"inLanguage\":\"fr-BE\",\"mainEntityOfPage\":{\"@id\":\"https:\\\/\\\/maisonecohuis.be\\\/?p=1758#webpage\"},\"isPartOf\":{\"@id\":\"https:\\\/\\\/maisonecohuis.be\\\/?p=1758#webpage\"},\"articleSection\":\"Cl\\u00f4tur\\u00e9, Fran\\u00e7ais\"},{\"@type\":\"BreadcrumbList\",\"@id\":\"https:\\\/\\\/maisonecohuis.be\\\/?p=1758#breadcrumblist\",\"itemListElement\":[{\"@type\":\"ListItem\",\"@id\":\"https:\\\/\\\/maisonecohuis.be#listItem\",\"position\":1,\"name\":\"Home\",\"item\":\"https:\\\/\\\/maisonecohuis.be\",\"nextItem\":{\"@type\":\"ListItem\",\"@id\":\"https:\\\/\\\/maisonecohuis.be\\\/?cat=78#listItem\",\"name\":\"Cl\\u00f4tur\\u00e9\"}},{\"@type\":\"ListItem\",\"@id\":\"https:\\\/\\\/maisonecohuis.be\\\/?cat=78#listItem\",\"position\":2,\"name\":\"Cl\\u00f4tur\\u00e9\",\"item\":\"https:\\\/\\\/maisonecohuis.be\\\/?cat=78\",\"nextItem\":{\"@type\":\"ListItem\",\"@id\":\"https:\\\/\\\/maisonecohuis.be\\\/?p=1758#listItem\",\"name\":\"10\\\/10 &#8211; apr\\u00e8s la marche pour le climat\"},\"previousItem\":{\"@type\":\"ListItem\",\"@id\":\"https:\\\/\\\/maisonecohuis.be#listItem\",\"name\":\"Home\"}},{\"@type\":\"ListItem\",\"@id\":\"https:\\\/\\\/maisonecohuis.be\\\/?p=1758#listItem\",\"position\":3,\"name\":\"10\\\/10 &#8211; apr\\u00e8s la marche pour le climat\",\"previousItem\":{\"@type\":\"ListItem\",\"@id\":\"https:\\\/\\\/maisonecohuis.be\\\/?cat=78#listItem\",\"name\":\"Cl\\u00f4tur\\u00e9\"}}]},{\"@type\":\"Organization\",\"@id\":\"https:\\\/\\\/maisonecohuis.be\\\/#organization\",\"name\":\"MaisonEcoHuis\",\"description\":\"Guichet citoyen du climat et de la biodiversit\\u00e9 - Buurtloket climaat en biodiversiteit\",\"url\":\"https:\\\/\\\/maisonecohuis.be\\\/\",\"logo\":{\"@type\":\"ImageObject\",\"url\":\"https:\\\/\\\/maisonecohuis.be\\\/wp-content\\\/uploads\\\/2018\\\/04\\\/MaisonEcoHuis_Horizontal_Pantone.jpg\",\"@id\":\"https:\\\/\\\/maisonecohuis.be\\\/?p=1758\\\/#organizationLogo\",\"width\":623,\"height\":183},\"image\":{\"@id\":\"https:\\\/\\\/maisonecohuis.be\\\/?p=1758\\\/#organizationLogo\"}},{\"@type\":\"Person\",\"@id\":\"https:\\\/\\\/maisonecohuis.be\\\/?author=1#author\",\"url\":\"https:\\\/\\\/maisonecohuis.be\\\/?author=1\",\"name\":\"MaisonEcoHuis\",\"image\":{\"@type\":\"ImageObject\",\"@id\":\"https:\\\/\\\/maisonecohuis.be\\\/?p=1758#authorImage\",\"url\":\"https:\\\/\\\/secure.gravatar.com\\\/avatar\\\/1ba84678dc368f1cb1c7792546471868f8e4be393c134f9d5b6eda8cc55a95db?s=96&d=mm&r=g\",\"width\":96,\"height\":96,\"caption\":\"MaisonEcoHuis\"}},{\"@type\":\"WebPage\",\"@id\":\"https:\\\/\\\/maisonecohuis.be\\\/?p=1758#webpage\",\"url\":\"https:\\\/\\\/maisonecohuis.be\\\/?p=1758\",\"name\":\"10\\\/10 \\u2013 apr\\u00e8s la marche pour le climat - MaisonEcoHuis\",\"description\":\"Conf\\u00e9rence gesticul\\u00e9e \\\"Dis maman, c'est quoi qu'on mange? \\\" D\\u00e8s 16h, venez d\\u00e9guster une cr\\u00eape et un chocolat chaud (produits \\u00e9quitables) avant d\\u2019assister \\u00e0 la conf\\u00e9rence gesticul\\u00e9e \\u201cDis Maman, c\\u2019est quoi qu\\u2019on mange ?\\u201d \\u2013 Petite-fille de fermier, Odile est aujourd\\u2019hui une bobo urbaine qui ne sait pas planter une patate. Elle est passionn\\u00e9e de cuisine\",\"inLanguage\":\"fr-BE\",\"isPartOf\":{\"@id\":\"https:\\\/\\\/maisonecohuis.be\\\/#website\"},\"breadcrumb\":{\"@id\":\"https:\\\/\\\/maisonecohuis.be\\\/?p=1758#breadcrumblist\"},\"author\":{\"@id\":\"https:\\\/\\\/maisonecohuis.be\\\/?author=1#author\"},\"creator\":{\"@id\":\"https:\\\/\\\/maisonecohuis.be\\\/?author=1#author\"},\"image\":{\"@type\":\"ImageObject\",\"url\":\"https:\\\/\\\/maisonecohuis.be\\\/wp-content\\\/uploads\\\/2021\\\/09\\\/dis-maman-2.png\",\"@id\":\"https:\\\/\\\/maisonecohuis.be\\\/?p=1758\\\/#mainImage\",\"width\":414,\"height\":274},\"primaryImageOfPage\":{\"@id\":\"https:\\\/\\\/maisonecohuis.be\\\/?p=1758#mainImage\"},\"datePublished\":\"2021-09-28T10:02:24+02:00\",\"dateModified\":\"2021-10-12T17:33:50+02:00\"},{\"@type\":\"WebSite\",\"@id\":\"https:\\\/\\\/maisonecohuis.be\\\/#website\",\"url\":\"https:\\\/\\\/maisonecohuis.be\\\/\",\"name\":\"MaisonEcoHuis\",\"description\":\"Guichet citoyen du climat et de la biodiversit\\u00e9 - Buurtloket climaat en biodiversiteit\",\"inLanguage\":\"fr-BE\",\"publisher\":{\"@id\":\"https:\\\/\\\/maisonecohuis.be\\\/#organization\"}}]}\n\t\t<\/script>\n\t\t<!-- All in One SEO -->\n\n","aioseo_head_json":{"title":"10\/10 \u2013 apr\u00e8s la marche pour le climat - MaisonEcoHuis","description":"Conf\u00e9rence gesticul\u00e9e \"Dis maman, c'est quoi qu'on mange? \" D\u00e8s 16h, venez d\u00e9guster une cr\u00eape et un chocolat chaud (produits \u00e9quitables) avant d\u2019assister \u00e0 la conf\u00e9rence gesticul\u00e9e \u201cDis Maman, c\u2019est quoi qu\u2019on mange ?\u201d \u2013 Petite-fille de fermier, Odile est aujourd\u2019hui une bobo urbaine qui ne sait pas planter une patate. Elle est passionn\u00e9e de cuisine","canonical_url":"https:\/\/maisonecohuis.be\/?p=1758","robots":"max-image-preview:large","keywords":"","webmasterTools":{"miscellaneous":""},"schema":{"@context":"https:\/\/schema.org","@graph":[{"@type":"BlogPosting","@id":"https:\/\/maisonecohuis.be\/?p=1758#blogposting","name":"10\/10 \u2013 apr\u00e8s la marche pour le climat - MaisonEcoHuis","headline":"10\/10 &#8211; apr\u00e8s la marche pour le climat","author":{"@id":"https:\/\/maisonecohuis.be\/?author=1#author"},"publisher":{"@id":"https:\/\/maisonecohuis.be\/#organization"},"image":{"@type":"ImageObject","url":"https:\/\/maisonecohuis.be\/wp-content\/uploads\/2021\/09\/dis-maman-2.png","width":414,"height":274},"datePublished":"2021-09-28T10:02:24+02:00","dateModified":"2021-10-12T17:33:50+02:00","inLanguage":"fr-BE","mainEntityOfPage":{"@id":"https:\/\/maisonecohuis.be\/?p=1758#webpage"},"isPartOf":{"@id":"https:\/\/maisonecohuis.be\/?p=1758#webpage"},"articleSection":"Cl\u00f4tur\u00e9, Fran\u00e7ais"},{"@type":"BreadcrumbList","@id":"https:\/\/maisonecohuis.be\/?p=1758#breadcrumblist","itemListElement":[{"@type":"ListItem","@id":"https:\/\/maisonecohuis.be#listItem","position":1,"name":"Home","item":"https:\/\/maisonecohuis.be","nextItem":{"@type":"ListItem","@id":"https:\/\/maisonecohuis.be\/?cat=78#listItem","name":"Cl\u00f4tur\u00e9"}},{"@type":"ListItem","@id":"https:\/\/maisonecohuis.be\/?cat=78#listItem","position":2,"name":"Cl\u00f4tur\u00e9","item":"https:\/\/maisonecohuis.be\/?cat=78","nextItem":{"@type":"ListItem","@id":"https:\/\/maisonecohuis.be\/?p=1758#listItem","name":"10\/10 &#8211; apr\u00e8s la marche pour le climat"},"previousItem":{"@type":"ListItem","@id":"https:\/\/maisonecohuis.be#listItem","name":"Home"}},{"@type":"ListItem","@id":"https:\/\/maisonecohuis.be\/?p=1758#listItem","position":3,"name":"10\/10 &#8211; apr\u00e8s la marche pour le climat","previousItem":{"@type":"ListItem","@id":"https:\/\/maisonecohuis.be\/?cat=78#listItem","name":"Cl\u00f4tur\u00e9"}}]},{"@type":"Organization","@id":"https:\/\/maisonecohuis.be\/#organization","name":"MaisonEcoHuis","description":"Guichet citoyen du climat et de la biodiversit\u00e9 - Buurtloket climaat en biodiversiteit","url":"https:\/\/maisonecohuis.be\/","logo":{"@type":"ImageObject","url":"https:\/\/maisonecohuis.be\/wp-content\/uploads\/2018\/04\/MaisonEcoHuis_Horizontal_Pantone.jpg","@id":"https:\/\/maisonecohuis.be\/?p=1758\/#organizationLogo","width":623,"height":183},"image":{"@id":"https:\/\/maisonecohuis.be\/?p=1758\/#organizationLogo"}},{"@type":"Person","@id":"https:\/\/maisonecohuis.be\/?author=1#author","url":"https:\/\/maisonecohuis.be\/?author=1","name":"MaisonEcoHuis","image":{"@type":"ImageObject","@id":"https:\/\/maisonecohuis.be\/?p=1758#authorImage","url":"https:\/\/secure.gravatar.com\/avatar\/1ba84678dc368f1cb1c7792546471868f8e4be393c134f9d5b6eda8cc55a95db?s=96&d=mm&r=g","width":96,"height":96,"caption":"MaisonEcoHuis"}},{"@type":"WebPage","@id":"https:\/\/maisonecohuis.be\/?p=1758#webpage","url":"https:\/\/maisonecohuis.be\/?p=1758","name":"10\/10 \u2013 apr\u00e8s la marche pour le climat - MaisonEcoHuis","description":"Conf\u00e9rence gesticul\u00e9e \"Dis maman, c'est quoi qu'on mange? \" D\u00e8s 16h, venez d\u00e9guster une cr\u00eape et un chocolat chaud (produits \u00e9quitables) avant d\u2019assister \u00e0 la conf\u00e9rence gesticul\u00e9e \u201cDis Maman, c\u2019est quoi qu\u2019on mange ?\u201d \u2013 Petite-fille de fermier, Odile est aujourd\u2019hui une bobo urbaine qui ne sait pas planter une patate. Elle est passionn\u00e9e de cuisine","inLanguage":"fr-BE","isPartOf":{"@id":"https:\/\/maisonecohuis.be\/#website"},"breadcrumb":{"@id":"https:\/\/maisonecohuis.be\/?p=1758#breadcrumblist"},"author":{"@id":"https:\/\/maisonecohuis.be\/?author=1#author"},"creator":{"@id":"https:\/\/maisonecohuis.be\/?author=1#author"},"image":{"@type":"ImageObject","url":"https:\/\/maisonecohuis.be\/wp-content\/uploads\/2021\/09\/dis-maman-2.png","@id":"https:\/\/maisonecohuis.be\/?p=1758\/#mainImage","width":414,"height":274},"primaryImageOfPage":{"@id":"https:\/\/maisonecohuis.be\/?p=1758#mainImage"},"datePublished":"2021-09-28T10:02:24+02:00","dateModified":"2021-10-12T17:33:50+02:00"},{"@type":"WebSite","@id":"https:\/\/maisonecohuis.be\/#website","url":"https:\/\/maisonecohuis.be\/","name":"MaisonEcoHuis","description":"Guichet citoyen du climat et de la biodiversit\u00e9 - Buurtloket climaat en biodiversiteit","inLanguage":"fr-BE","publisher":{"@id":"https:\/\/maisonecohuis.be\/#organization"}}]},"og:locale":"fr_FR","og:site_name":"MaisonEcoHuis - Guichet citoyen du climat et de la biodiversit\u00e9 - Buurtloket climaat en biodiversiteit","og:type":"article","og:title":"10\/10 \u2013 apr\u00e8s la marche pour le climat - MaisonEcoHuis","og:description":"Conf\u00e9rence gesticul\u00e9e &quot;Dis maman, c'est quoi qu'on mange? &quot; D\u00e8s 16h, venez d\u00e9guster une cr\u00eape et un chocolat chaud (produits \u00e9quitables) avant d\u2019assister \u00e0 la conf\u00e9rence gesticul\u00e9e \u201cDis Maman, c\u2019est quoi qu\u2019on mange ?\u201d \u2013 Petite-fille de fermier, Odile est aujourd\u2019hui une bobo urbaine qui ne sait pas planter une patate. Elle est passionn\u00e9e de cuisine","og:url":"https:\/\/maisonecohuis.be\/?p=1758","og:image":"https:\/\/maisonecohuis.be\/wp-content\/uploads\/2018\/04\/MaisonEcoHuis_Horizontal_Pantone.jpg","og:image:secure_url":"https:\/\/maisonecohuis.be\/wp-content\/uploads\/2018\/04\/MaisonEcoHuis_Horizontal_Pantone.jpg","og:image:width":623,"og:image:height":183,"article:published_time":"2021-09-28T08:02:24+00:00","article:modified_time":"2021-10-12T15:33:50+00:00","twitter:card":"summary_large_image","twitter:title":"10\/10 \u2013 apr\u00e8s la marche pour le climat - MaisonEcoHuis","twitter:description":"Conf\u00e9rence gesticul\u00e9e &quot;Dis maman, c'est quoi qu'on mange? &quot; D\u00e8s 16h, venez d\u00e9guster une cr\u00eape et un chocolat chaud (produits \u00e9quitables) avant d\u2019assister \u00e0 la conf\u00e9rence gesticul\u00e9e \u201cDis Maman, c\u2019est quoi qu\u2019on mange ?\u201d \u2013 Petite-fille de fermier, Odile est aujourd\u2019hui une bobo urbaine qui ne sait pas planter une patate. Elle est passionn\u00e9e de cuisine","twitter:image":"https:\/\/maisonecohuis.be\/wp-content\/uploads\/2018\/04\/MaisonEcoHuis_Horizontal_Pantone.jpg"},"aioseo_meta_data":{"post_id":"1758","title":null,"description":null,"keywords":null,"keyphrases":null,"primary_term":null,"canonical_url":null,"og_title":null,"og_description":null,"og_object_type":"default","og_image_type":"default","og_image_url":null,"og_image_width":null,"og_image_height":null,"og_image_custom_url":null,"og_image_custom_fields":null,"og_video":null,"og_custom_url":null,"og_article_section":null,"og_article_tags":null,"twitter_use_og":false,"twitter_card":"default","twitter_image_type":"default","twitter_image_url":null,"twitter_image_custom_url":null,"twitter_image_custom_fields":null,"twitter_title":null,"twitter_description":null,"schema":{"blockGraphs":[],"customGraphs":[],"default":{"data":{"Article":[],"Course":[],"Dataset":[],"FAQPage":[],"Movie":[],"Person":[],"Product":[],"ProductReview":[],"Car":[],"Recipe":[],"Service":[],"SoftwareApplication":[],"WebPage":[]},"graphName":"","isEnabled":true},"graphs":[]},"schema_type":"default","schema_type_options":null,"pillar_content":false,"robots_default":true,"robots_noindex":false,"robots_noarchive":false,"robots_nosnippet":false,"robots_nofollow":false,"robots_noimageindex":false,"robots_noodp":false,"robots_notranslate":false,"robots_max_snippet":null,"robots_max_videopreview":null,"robots_max_imagepreview":"large","priority":null,"frequency":null,"local_seo":null,"breadcrumb_settings":null,"limit_modified_date":false,"ai":null,"created":"2024-03-07 17:57:07","updated":"2024-03-07 17:57:07","focus_keyword":null,"additional_keywords":null,"truseo_locale":null,"seo_analyzer_scan_date":null},"aioseo_breadcrumb":"<div class=\"aioseo-breadcrumbs\"><span class=\"aioseo-breadcrumb\">\n\t\t\t<a href=\"https:\/\/maisonecohuis.be\" title=\"Home\">Home<\/a>\n\t\t<\/span><span class=\"aioseo-breadcrumb-separator\">&raquo;<\/span><span class=\"aioseo-breadcrumb\">\n\t\t\t<a href=\"https:\/\/maisonecohuis.be\/?cat=78\" title=\"Cl\u00f4tur\u00e9\">Cl\u00f4tur\u00e9<\/a>\n\t\t<\/span><span class=\"aioseo-breadcrumb-separator\">&raquo;<\/span><span class=\"aioseo-breadcrumb\">\n\t\t\t10\/10 \u2013 apr\u00e8s la marche pour le climat\n\t\t<\/span><\/div>","aioseo_breadcrumb_json":[{"label":"Home","link":"https:\/\/maisonecohuis.be"},{"label":"Cl\u00f4tur\u00e9","link":"https:\/\/maisonecohuis.be\/?cat=78"},{"label":"10\/10 &#8211; apr\u00e8s la marche pour le climat","link":"https:\/\/maisonecohuis.be\/?p=1758"}],"_links":{"self":[{"href":"https:\/\/maisonecohuis.be\/index.php?rest_route=\/wp\/v2\/posts\/1758","targetHints":{"allow":["GET"]}}],"collection":[{"href":"https:\/\/maisonecohuis.be\/index.php?rest_route=\/wp\/v2\/posts"}],"about":[{"href":"https:\/\/maisonecohuis.be\/index.php?rest_route=\/wp\/v2\/types\/post"}],"author":[{"embeddable":true,"href":"https:\/\/maisonecohuis.be\/index.php?rest_route=\/wp\/v2\/users\/1"}],"replies":[{"embeddable":true,"href":"https:\/\/maisonecohuis.be\/index.php?rest_route=%2Fwp%2Fv2%2Fcomments&post=1758"}],"version-history":[{"count":3,"href":"https:\/\/maisonecohuis.be\/index.php?rest_route=\/wp\/v2\/posts\/1758\/revisions"}],"predecessor-version":[{"id":1764,"href":"https:\/\/maisonecohuis.be\/index.php?rest_route=\/wp\/v2\/posts\/1758\/revisions\/1764"}],"wp:featuredmedia":[{"embeddable":true,"href":"https:\/\/maisonecohuis.be\/index.php?rest_route=\/wp\/v2\/media\/1762"}],"wp:attachment":[{"href":"https:\/\/maisonecohuis.be\/index.php?rest_route=%2Fwp%2Fv2%2Fmedia&parent=1758"}],"wp:term":[{"taxonomy":"category","embeddable":true,"href":"https:\/\/maisonecohuis.be\/index.php?rest_route=%2Fwp%2Fv2%2Fcategories&post=1758"},{"taxonomy":"post_tag","embeddable":true,"href":"https:\/\/maisonecohuis.be\/index.php?rest_route=%2Fwp%2Fv2%2Ftags&post=1758"}],"curies":[{"name":"wp","href":"https:\/\/api.w.org\/{rel}","templated":true}]}}