{"id":148,"date":"2018-04-05T17:04:33","date_gmt":"2018-04-05T15:04:33","guid":{"rendered":"http:\/\/prepa.maisonecohuis.be\/?p=148"},"modified":"2018-04-13T08:34:24","modified_gmt":"2018-04-13T06:34:24","slug":"appel-a-projets-ecocitoyens-la-solidarite-dans-mon-quartier","status":"publish","type":"post","link":"https:\/\/maisonecohuis.be\/?p=148","title":{"rendered":"Appel \u00e0 projets \u00e9cocitoyens &#8211; La solidarit\u00e9 dans mon quartier"},"content":{"rendered":"<p><strong>\u00ab\u00a0LA SOLIDARIT\u00c9 DANS MON QUARTIER\u00a0\u00bb Appel \u00e0 projets \u00e9co-citoyens 2018<\/strong><\/p>\n<p><strong>Vous souhaitez rendre votre quartier plus durable et solidaire ? Vous avez une id\u00e9e ?<\/strong><br \/>\nCet appel \u00e0 projet est pour vous ! <strong>La Commune de St-Gilles vous invite \u00e0 proposer toute action visant \u00e0 favoriser la coh\u00e9sion sociale tout en prenant en compte l\u2019environnement, avec comme<br \/>\nth\u00e8me principal la solidarit\u00e9 dans mon quartier (\u00e9changes et pr\u00eat de services ou de mat\u00e9riel,<br \/>\nr\u00e9cup\u00e9ration, distribution,\u2026).<\/strong><\/p>\n<p>Montant du subside:<\/p>\n<ul>\n<li>1.000 euros pour les projets hors <a href=\"https:\/\/contratsdequartiers1060.wordpress.com\/contrat-de-quartier-parvis-morichar\/\">zone Contrat de quartier durable \u2018Parvis-Morichar\u2019<\/a><\/li>\n<li>2.500 euros pour les projets r\u00e9alis\u00e9s <a href=\"https:\/\/contratsdequartiers1060.wordpress.com\/contrat-de-quartier-parvis-morichar\/\">dans le p\u00e9rim\u00e8tre du Contrat de quartier<\/a><\/li>\n<li>Les projets retenus b\u00e9n\u00e9ficieront \u00e9galement d\u2019un soutien m\u00e9thodologique de la commune<\/li>\n<\/ul>\n<p>Date limite de candidature: <strong>le 30 avril 2018<\/strong><\/p>\n<p><a href=\"http:\/\/prepa.maisonecohuis.be\/wp-content\/uploads\/2018\/04\/AP_FR_Formulaire_HR-1.pdf\">Formulaire de candidature<\/a><\/p>\n<p><a href=\"http:\/\/prepa.maisonecohuis.be\/wp-content\/uploads\/2018\/04\/Reglement-FR-ok.pdf\">Reglement de l&rsquo;appel \u00e0 projets<\/a><\/p>\n","protected":false},"excerpt":{"rendered":"<p>\u00ab\u00a0LA SOLIDARIT\u00c9 DANS MON QUARTIER\u00a0\u00bb Appel \u00e0 projets \u00e9co-citoyens 2018 Vous souhaitez rendre votre quartier plus durable et solidaire ? Vous avez une id\u00e9e ? [&hellip;] <span class=\"read-more-link\"><a class=\"read-more\" href=\"https:\/\/maisonecohuis.be\/?p=148\">Read More<\/a><\/span><\/p>\n","protected":false},"author":1,"featured_media":152,"comment_status":"closed","ping_status":"open","sticky":false,"template":"","format":"standard","meta":{"om_disable_all_campaigns":false,"_monsterinsights_skip_tracking":false,"_uf_show_specific_survey":0,"_uf_disable_surveys":false,"footnotes":""},"categories":[27],"tags":[],"class_list":["post-148","post","type-post","status-publish","format-standard","has-post-thumbnail","hentry","category-nos-actions"],"aioseo_notices":[],"aioseo_head":"\n\t\t<!-- All in One SEO 5.0.1.1 - aioseo.com -->\n\t<meta name=\"description\" content=\"\u00ab LA SOLIDARIT\u00c9 DANS MON QUARTIER \u00bb Appel \u00e0 projets \u00e9co-citoyens 2018 Vous souhaitez rendre votre quartier plus durable et solidaire ? Vous avez une id\u00e9e ? Cet appel \u00e0 projet est pour vous ! La Commune de St-Gilles vous invite \u00e0 proposer toute action visant \u00e0 favoriser la coh\u00e9sion sociale tout en prenant en compte l\u2019environnement,\" \/>\n\t<meta name=\"robots\" content=\"max-image-preview:large\" \/>\n\t<meta name=\"author\" content=\"MaisonEcoHuis\"\/>\n\t<link rel=\"canonical\" href=\"https:\/\/maisonecohuis.be\/?p=148\" \/>\n\t<meta name=\"generator\" content=\"All in One SEO (AIOSEO) 5.0.1.1\" \/>\n\t\t<meta property=\"og:locale\" content=\"fr_FR\" \/>\n\t\t<meta property=\"og:site_name\" content=\"MaisonEcoHuis - Guichet citoyen du climat et de la biodiversit\u00e9 - Buurtloket climaat en biodiversiteit\" \/>\n\t\t<meta property=\"og:type\" content=\"article\" \/>\n\t\t<meta property=\"og:title\" content=\"Appel \u00e0 projets \u00e9cocitoyens \u2013 La solidarit\u00e9 dans mon quartier - MaisonEcoHuis\" \/>\n\t\t<meta property=\"og:description\" content=\"\u00ab LA SOLIDARIT\u00c9 DANS MON QUARTIER \u00bb Appel \u00e0 projets \u00e9co-citoyens 2018 Vous souhaitez rendre votre quartier plus durable et solidaire ? Vous avez une id\u00e9e ? Cet appel \u00e0 projet est pour vous ! La Commune de St-Gilles vous invite \u00e0 proposer toute action visant \u00e0 favoriser la coh\u00e9sion sociale tout en prenant en compte l\u2019environnement,\" \/>\n\t\t<meta property=\"og:url\" content=\"https:\/\/maisonecohuis.be\/?p=148\" \/>\n\t\t<meta property=\"og:image\" content=\"https:\/\/maisonecohuis.be\/wp-content\/uploads\/2018\/04\/MaisonEcoHuis_Horizontal_Pantone.jpg\" \/>\n\t\t<meta property=\"og:image:secure_url\" content=\"https:\/\/maisonecohuis.be\/wp-content\/uploads\/2018\/04\/MaisonEcoHuis_Horizontal_Pantone.jpg\" \/>\n\t\t<meta property=\"og:image:width\" content=\"623\" \/>\n\t\t<meta property=\"og:image:height\" content=\"183\" \/>\n\t\t<meta property=\"article:published_time\" content=\"2018-04-05T15:04:33+00:00\" \/>\n\t\t<meta property=\"article:modified_time\" content=\"2018-04-13T06:34:24+00:00\" \/>\n\t\t<meta name=\"twitter:card\" content=\"summary_large_image\" \/>\n\t\t<meta name=\"twitter:title\" content=\"Appel \u00e0 projets \u00e9cocitoyens \u2013 La solidarit\u00e9 dans mon quartier - MaisonEcoHuis\" \/>\n\t\t<meta name=\"twitter:description\" content=\"\u00ab LA SOLIDARIT\u00c9 DANS MON QUARTIER \u00bb Appel \u00e0 projets \u00e9co-citoyens 2018 Vous souhaitez rendre votre quartier plus durable et solidaire ? Vous avez une id\u00e9e ? Cet appel \u00e0 projet est pour vous ! La Commune de St-Gilles vous invite \u00e0 proposer toute action visant \u00e0 favoriser la coh\u00e9sion sociale tout en prenant en compte l\u2019environnement,\" \/>\n\t\t<meta name=\"twitter:image\" content=\"https:\/\/maisonecohuis.be\/wp-content\/uploads\/2018\/04\/MaisonEcoHuis_Horizontal_Pantone.jpg\" \/>\n\t\t<script type=\"application\/ld+json\" class=\"aioseo-schema\">\n\t\t\t{\"@context\":\"https:\\\/\\\/schema.org\",\"@graph\":[{\"@type\":\"BlogPosting\",\"@id\":\"https:\\\/\\\/maisonecohuis.be\\\/?p=148#blogposting\",\"name\":\"Appel \\u00e0 projets \\u00e9cocitoyens \\u2013 La solidarit\\u00e9 dans mon quartier - MaisonEcoHuis\",\"headline\":\"Appel \\u00e0 projets \\u00e9cocitoyens &#8211; La solidarit\\u00e9 dans mon quartier\",\"author\":{\"@id\":\"https:\\\/\\\/maisonecohuis.be\\\/?author=1#author\"},\"publisher\":{\"@id\":\"https:\\\/\\\/maisonecohuis.be\\\/#organization\"},\"image\":{\"@type\":\"ImageObject\",\"url\":\"https:\\\/\\\/maisonecohuis.be\\\/wp-content\\\/uploads\\\/2018\\\/04\\\/Appel-\\u00e1-projets-Flyer-fr-pdf.jpg\"},\"datePublished\":\"2018-04-05T17:04:33+02:00\",\"dateModified\":\"2018-04-13T08:34:24+02:00\",\"inLanguage\":\"fr-BE\",\"mainEntityOfPage\":{\"@id\":\"https:\\\/\\\/maisonecohuis.be\\\/?p=148#webpage\"},\"isPartOf\":{\"@id\":\"https:\\\/\\\/maisonecohuis.be\\\/?p=148#webpage\"},\"articleSection\":\"nos actions, Fran\\u00e7ais, pll_5ac63d92abffd\"},{\"@type\":\"BreadcrumbList\",\"@id\":\"https:\\\/\\\/maisonecohuis.be\\\/?p=148#breadcrumblist\",\"itemListElement\":[{\"@type\":\"ListItem\",\"@id\":\"https:\\\/\\\/maisonecohuis.be#listItem\",\"position\":1,\"name\":\"Home\",\"item\":\"https:\\\/\\\/maisonecohuis.be\",\"nextItem\":{\"@type\":\"ListItem\",\"@id\":\"https:\\\/\\\/maisonecohuis.be\\\/?cat=27#listItem\",\"name\":\"nos actions\"}},{\"@type\":\"ListItem\",\"@id\":\"https:\\\/\\\/maisonecohuis.be\\\/?cat=27#listItem\",\"position\":2,\"name\":\"nos actions\",\"item\":\"https:\\\/\\\/maisonecohuis.be\\\/?cat=27\",\"nextItem\":{\"@type\":\"ListItem\",\"@id\":\"https:\\\/\\\/maisonecohuis.be\\\/?p=148#listItem\",\"name\":\"Appel \\u00e0 projets \\u00e9cocitoyens &#8211; La solidarit\\u00e9 dans mon quartier\"},\"previousItem\":{\"@type\":\"ListItem\",\"@id\":\"https:\\\/\\\/maisonecohuis.be#listItem\",\"name\":\"Home\"}},{\"@type\":\"ListItem\",\"@id\":\"https:\\\/\\\/maisonecohuis.be\\\/?p=148#listItem\",\"position\":3,\"name\":\"Appel \\u00e0 projets \\u00e9cocitoyens &#8211; La solidarit\\u00e9 dans mon quartier\",\"previousItem\":{\"@type\":\"ListItem\",\"@id\":\"https:\\\/\\\/maisonecohuis.be\\\/?cat=27#listItem\",\"name\":\"nos actions\"}}]},{\"@type\":\"Organization\",\"@id\":\"https:\\\/\\\/maisonecohuis.be\\\/#organization\",\"name\":\"MaisonEcoHuis\",\"description\":\"Guichet citoyen du climat et de la biodiversit\\u00e9 - Buurtloket climaat en biodiversiteit\",\"url\":\"https:\\\/\\\/maisonecohuis.be\\\/\",\"logo\":{\"@type\":\"ImageObject\",\"url\":\"https:\\\/\\\/maisonecohuis.be\\\/wp-content\\\/uploads\\\/2018\\\/04\\\/MaisonEcoHuis_Horizontal_Pantone.jpg\",\"@id\":\"https:\\\/\\\/maisonecohuis.be\\\/?p=148\\\/#organizationLogo\",\"width\":623,\"height\":183},\"image\":{\"@id\":\"https:\\\/\\\/maisonecohuis.be\\\/?p=148\\\/#organizationLogo\"}},{\"@type\":\"Person\",\"@id\":\"https:\\\/\\\/maisonecohuis.be\\\/?author=1#author\",\"url\":\"https:\\\/\\\/maisonecohuis.be\\\/?author=1\",\"name\":\"MaisonEcoHuis\",\"image\":{\"@type\":\"ImageObject\",\"@id\":\"https:\\\/\\\/maisonecohuis.be\\\/?p=148#authorImage\",\"url\":\"https:\\\/\\\/secure.gravatar.com\\\/avatar\\\/1ba84678dc368f1cb1c7792546471868f8e4be393c134f9d5b6eda8cc55a95db?s=96&d=mm&r=g\",\"width\":96,\"height\":96,\"caption\":\"MaisonEcoHuis\"}},{\"@type\":\"WebPage\",\"@id\":\"https:\\\/\\\/maisonecohuis.be\\\/?p=148#webpage\",\"url\":\"https:\\\/\\\/maisonecohuis.be\\\/?p=148\",\"name\":\"Appel \\u00e0 projets \\u00e9cocitoyens \\u2013 La solidarit\\u00e9 dans mon quartier - MaisonEcoHuis\",\"description\":\"\\u00ab LA SOLIDARIT\\u00c9 DANS MON QUARTIER \\u00bb Appel \\u00e0 projets \\u00e9co-citoyens 2018 Vous souhaitez rendre votre quartier plus durable et solidaire ? Vous avez une id\\u00e9e ? Cet appel \\u00e0 projet est pour vous ! La Commune de St-Gilles vous invite \\u00e0 proposer toute action visant \\u00e0 favoriser la coh\\u00e9sion sociale tout en prenant en compte l\\u2019environnement,\",\"inLanguage\":\"fr-BE\",\"isPartOf\":{\"@id\":\"https:\\\/\\\/maisonecohuis.be\\\/#website\"},\"breadcrumb\":{\"@id\":\"https:\\\/\\\/maisonecohuis.be\\\/?p=148#breadcrumblist\"},\"author\":{\"@id\":\"https:\\\/\\\/maisonecohuis.be\\\/?author=1#author\"},\"creator\":{\"@id\":\"https:\\\/\\\/maisonecohuis.be\\\/?author=1#author\"},\"image\":{\"@type\":\"ImageObject\",\"url\":\"https:\\\/\\\/maisonecohuis.be\\\/wp-content\\\/uploads\\\/2018\\\/04\\\/Appel-\\u00e1-projets-Flyer-fr-pdf.jpg\",\"@id\":\"https:\\\/\\\/maisonecohuis.be\\\/?p=148\\\/#mainImage\"},\"primaryImageOfPage\":{\"@id\":\"https:\\\/\\\/maisonecohuis.be\\\/?p=148#mainImage\"},\"datePublished\":\"2018-04-05T17:04:33+02:00\",\"dateModified\":\"2018-04-13T08:34:24+02:00\"},{\"@type\":\"WebSite\",\"@id\":\"https:\\\/\\\/maisonecohuis.be\\\/#website\",\"url\":\"https:\\\/\\\/maisonecohuis.be\\\/\",\"name\":\"MaisonEcoHuis\",\"description\":\"Guichet citoyen du climat et de la biodiversit\\u00e9 - Buurtloket climaat en biodiversiteit\",\"inLanguage\":\"fr-BE\",\"publisher\":{\"@id\":\"https:\\\/\\\/maisonecohuis.be\\\/#organization\"}}]}\n\t\t<\/script>\n\t\t<!-- All in One SEO -->\n\n","aioseo_head_json":{"title":"Appel \u00e0 projets \u00e9cocitoyens \u2013 La solidarit\u00e9 dans mon quartier - MaisonEcoHuis","description":"\u00ab LA SOLIDARIT\u00c9 DANS MON QUARTIER \u00bb Appel \u00e0 projets \u00e9co-citoyens 2018 Vous souhaitez rendre votre quartier plus durable et solidaire ? Vous avez une id\u00e9e ? Cet appel \u00e0 projet est pour vous ! La Commune de St-Gilles vous invite \u00e0 proposer toute action visant \u00e0 favoriser la coh\u00e9sion sociale tout en prenant en compte l\u2019environnement,","canonical_url":"https:\/\/maisonecohuis.be\/?p=148","robots":"max-image-preview:large","keywords":"","webmasterTools":{"miscellaneous":""},"schema":{"@context":"https:\/\/schema.org","@graph":[{"@type":"BlogPosting","@id":"https:\/\/maisonecohuis.be\/?p=148#blogposting","name":"Appel \u00e0 projets \u00e9cocitoyens \u2013 La solidarit\u00e9 dans mon quartier - MaisonEcoHuis","headline":"Appel \u00e0 projets \u00e9cocitoyens &#8211; La solidarit\u00e9 dans mon quartier","author":{"@id":"https:\/\/maisonecohuis.be\/?author=1#author"},"publisher":{"@id":"https:\/\/maisonecohuis.be\/#organization"},"image":{"@type":"ImageObject","url":"https:\/\/maisonecohuis.be\/wp-content\/uploads\/2018\/04\/Appel-\u00e1-projets-Flyer-fr-pdf.jpg"},"datePublished":"2018-04-05T17:04:33+02:00","dateModified":"2018-04-13T08:34:24+02:00","inLanguage":"fr-BE","mainEntityOfPage":{"@id":"https:\/\/maisonecohuis.be\/?p=148#webpage"},"isPartOf":{"@id":"https:\/\/maisonecohuis.be\/?p=148#webpage"},"articleSection":"nos actions, Fran\u00e7ais, pll_5ac63d92abffd"},{"@type":"BreadcrumbList","@id":"https:\/\/maisonecohuis.be\/?p=148#breadcrumblist","itemListElement":[{"@type":"ListItem","@id":"https:\/\/maisonecohuis.be#listItem","position":1,"name":"Home","item":"https:\/\/maisonecohuis.be","nextItem":{"@type":"ListItem","@id":"https:\/\/maisonecohuis.be\/?cat=27#listItem","name":"nos actions"}},{"@type":"ListItem","@id":"https:\/\/maisonecohuis.be\/?cat=27#listItem","position":2,"name":"nos actions","item":"https:\/\/maisonecohuis.be\/?cat=27","nextItem":{"@type":"ListItem","@id":"https:\/\/maisonecohuis.be\/?p=148#listItem","name":"Appel \u00e0 projets \u00e9cocitoyens &#8211; La solidarit\u00e9 dans mon quartier"},"previousItem":{"@type":"ListItem","@id":"https:\/\/maisonecohuis.be#listItem","name":"Home"}},{"@type":"ListItem","@id":"https:\/\/maisonecohuis.be\/?p=148#listItem","position":3,"name":"Appel \u00e0 projets \u00e9cocitoyens &#8211; La solidarit\u00e9 dans mon quartier","previousItem":{"@type":"ListItem","@id":"https:\/\/maisonecohuis.be\/?cat=27#listItem","name":"nos actions"}}]},{"@type":"Organization","@id":"https:\/\/maisonecohuis.be\/#organization","name":"MaisonEcoHuis","description":"Guichet citoyen du climat et de la biodiversit\u00e9 - Buurtloket climaat en biodiversiteit","url":"https:\/\/maisonecohuis.be\/","logo":{"@type":"ImageObject","url":"https:\/\/maisonecohuis.be\/wp-content\/uploads\/2018\/04\/MaisonEcoHuis_Horizontal_Pantone.jpg","@id":"https:\/\/maisonecohuis.be\/?p=148\/#organizationLogo","width":623,"height":183},"image":{"@id":"https:\/\/maisonecohuis.be\/?p=148\/#organizationLogo"}},{"@type":"Person","@id":"https:\/\/maisonecohuis.be\/?author=1#author","url":"https:\/\/maisonecohuis.be\/?author=1","name":"MaisonEcoHuis","image":{"@type":"ImageObject","@id":"https:\/\/maisonecohuis.be\/?p=148#authorImage","url":"https:\/\/secure.gravatar.com\/avatar\/1ba84678dc368f1cb1c7792546471868f8e4be393c134f9d5b6eda8cc55a95db?s=96&d=mm&r=g","width":96,"height":96,"caption":"MaisonEcoHuis"}},{"@type":"WebPage","@id":"https:\/\/maisonecohuis.be\/?p=148#webpage","url":"https:\/\/maisonecohuis.be\/?p=148","name":"Appel \u00e0 projets \u00e9cocitoyens \u2013 La solidarit\u00e9 dans mon quartier - MaisonEcoHuis","description":"\u00ab LA SOLIDARIT\u00c9 DANS MON QUARTIER \u00bb Appel \u00e0 projets \u00e9co-citoyens 2018 Vous souhaitez rendre votre quartier plus durable et solidaire ? Vous avez une id\u00e9e ? Cet appel \u00e0 projet est pour vous ! La Commune de St-Gilles vous invite \u00e0 proposer toute action visant \u00e0 favoriser la coh\u00e9sion sociale tout en prenant en compte l\u2019environnement,","inLanguage":"fr-BE","isPartOf":{"@id":"https:\/\/maisonecohuis.be\/#website"},"breadcrumb":{"@id":"https:\/\/maisonecohuis.be\/?p=148#breadcrumblist"},"author":{"@id":"https:\/\/maisonecohuis.be\/?author=1#author"},"creator":{"@id":"https:\/\/maisonecohuis.be\/?author=1#author"},"image":{"@type":"ImageObject","url":"https:\/\/maisonecohuis.be\/wp-content\/uploads\/2018\/04\/Appel-\u00e1-projets-Flyer-fr-pdf.jpg","@id":"https:\/\/maisonecohuis.be\/?p=148\/#mainImage"},"primaryImageOfPage":{"@id":"https:\/\/maisonecohuis.be\/?p=148#mainImage"},"datePublished":"2018-04-05T17:04:33+02:00","dateModified":"2018-04-13T08:34:24+02:00"},{"@type":"WebSite","@id":"https:\/\/maisonecohuis.be\/#website","url":"https:\/\/maisonecohuis.be\/","name":"MaisonEcoHuis","description":"Guichet citoyen du climat et de la biodiversit\u00e9 - Buurtloket climaat en biodiversiteit","inLanguage":"fr-BE","publisher":{"@id":"https:\/\/maisonecohuis.be\/#organization"}}]},"og:locale":"fr_FR","og:site_name":"MaisonEcoHuis - Guichet citoyen du climat et de la biodiversit\u00e9 - Buurtloket climaat en biodiversiteit","og:type":"article","og:title":"Appel \u00e0 projets \u00e9cocitoyens \u2013 La solidarit\u00e9 dans mon quartier - MaisonEcoHuis","og:description":"\u00ab LA SOLIDARIT\u00c9 DANS MON QUARTIER \u00bb Appel \u00e0 projets \u00e9co-citoyens 2018 Vous souhaitez rendre votre quartier plus durable et solidaire ? Vous avez une id\u00e9e ? Cet appel \u00e0 projet est pour vous ! La Commune de St-Gilles vous invite \u00e0 proposer toute action visant \u00e0 favoriser la coh\u00e9sion sociale tout en prenant en compte l\u2019environnement,","og:url":"https:\/\/maisonecohuis.be\/?p=148","og:image":"https:\/\/maisonecohuis.be\/wp-content\/uploads\/2018\/04\/MaisonEcoHuis_Horizontal_Pantone.jpg","og:image:secure_url":"https:\/\/maisonecohuis.be\/wp-content\/uploads\/2018\/04\/MaisonEcoHuis_Horizontal_Pantone.jpg","og:image:width":623,"og:image:height":183,"article:published_time":"2018-04-05T15:04:33+00:00","article:modified_time":"2018-04-13T06:34:24+00:00","twitter:card":"summary_large_image","twitter:title":"Appel \u00e0 projets \u00e9cocitoyens \u2013 La solidarit\u00e9 dans mon quartier - MaisonEcoHuis","twitter:description":"\u00ab LA SOLIDARIT\u00c9 DANS MON QUARTIER \u00bb Appel \u00e0 projets \u00e9co-citoyens 2018 Vous souhaitez rendre votre quartier plus durable et solidaire ? Vous avez une id\u00e9e ? Cet appel \u00e0 projet est pour vous ! La Commune de St-Gilles vous invite \u00e0 proposer toute action visant \u00e0 favoriser la coh\u00e9sion sociale tout en prenant en compte l\u2019environnement,","twitter:image":"https:\/\/maisonecohuis.be\/wp-content\/uploads\/2018\/04\/MaisonEcoHuis_Horizontal_Pantone.jpg"},"aioseo_meta_data":{"post_id":"148","title":null,"description":null,"keywords":null,"keyphrases":null,"primary_term":null,"canonical_url":null,"og_title":null,"og_description":null,"og_object_type":"default","og_image_type":"default","og_image_url":null,"og_image_width":null,"og_image_height":null,"og_image_custom_url":null,"og_image_custom_fields":null,"og_video":null,"og_custom_url":null,"og_article_section":null,"og_article_tags":null,"twitter_use_og":false,"twitter_card":"default","twitter_image_type":"default","twitter_image_url":null,"twitter_image_custom_url":null,"twitter_image_custom_fields":null,"twitter_title":null,"twitter_description":null,"schema":{"blockGraphs":[],"customGraphs":[],"default":{"data":{"Article":[],"Course":[],"Dataset":[],"FAQPage":[],"Movie":[],"Person":[],"Product":[],"ProductReview":[],"Car":[],"Recipe":[],"Service":[],"SoftwareApplication":[],"WebPage":[]},"graphName":"","isEnabled":true},"graphs":[]},"schema_type":"default","schema_type_options":null,"pillar_content":false,"robots_default":true,"robots_noindex":false,"robots_noarchive":false,"robots_nosnippet":false,"robots_nofollow":false,"robots_noimageindex":false,"robots_noodp":false,"robots_notranslate":false,"robots_max_snippet":null,"robots_max_videopreview":null,"robots_max_imagepreview":"large","priority":null,"frequency":null,"local_seo":null,"breadcrumb_settings":null,"limit_modified_date":false,"ai":null,"created":"2024-03-07 17:50:07","updated":"2024-03-07 17:50:07","focus_keyword":null,"additional_keywords":null,"truseo_locale":null,"seo_analyzer_scan_date":null},"aioseo_breadcrumb":"<div class=\"aioseo-breadcrumbs\"><span class=\"aioseo-breadcrumb\">\n\t\t\t<a href=\"https:\/\/maisonecohuis.be\" title=\"Home\">Home<\/a>\n\t\t<\/span><span class=\"aioseo-breadcrumb-separator\">&raquo;<\/span><span class=\"aioseo-breadcrumb\">\n\t\t\t<a href=\"https:\/\/maisonecohuis.be\/?cat=27\" title=\"nos actions\">nos actions<\/a>\n\t\t<\/span><span class=\"aioseo-breadcrumb-separator\">&raquo;<\/span><span class=\"aioseo-breadcrumb\">\n\t\t\tAppel \u00e0 projets \u00e9cocitoyens \u2013 La solidarit\u00e9 dans mon quartier\n\t\t<\/span><\/div>","aioseo_breadcrumb_json":[{"label":"Home","link":"https:\/\/maisonecohuis.be"},{"label":"nos actions","link":"https:\/\/maisonecohuis.be\/?cat=27"},{"label":"Appel \u00e0 projets \u00e9cocitoyens &#8211; La solidarit\u00e9 dans mon quartier","link":"https:\/\/maisonecohuis.be\/?p=148"}],"_links":{"self":[{"href":"https:\/\/maisonecohuis.be\/index.php?rest_route=\/wp\/v2\/posts\/148","targetHints":{"allow":["GET"]}}],"collection":[{"href":"https:\/\/maisonecohuis.be\/index.php?rest_route=\/wp\/v2\/posts"}],"about":[{"href":"https:\/\/maisonecohuis.be\/index.php?rest_route=\/wp\/v2\/types\/post"}],"author":[{"embeddable":true,"href":"https:\/\/maisonecohuis.be\/index.php?rest_route=\/wp\/v2\/users\/1"}],"replies":[{"embeddable":true,"href":"https:\/\/maisonecohuis.be\/index.php?rest_route=%2Fwp%2Fv2%2Fcomments&post=148"}],"version-history":[{"count":1,"href":"https:\/\/maisonecohuis.be\/index.php?rest_route=\/wp\/v2\/posts\/148\/revisions"}],"predecessor-version":[{"id":153,"href":"https:\/\/maisonecohuis.be\/index.php?rest_route=\/wp\/v2\/posts\/148\/revisions\/153"}],"wp:featuredmedia":[{"embeddable":true,"href":"https:\/\/maisonecohuis.be\/index.php?rest_route=\/wp\/v2\/media\/152"}],"wp:attachment":[{"href":"https:\/\/maisonecohuis.be\/index.php?rest_route=%2Fwp%2Fv2%2Fmedia&parent=148"}],"wp:term":[{"taxonomy":"category","embeddable":true,"href":"https:\/\/maisonecohuis.be\/index.php?rest_route=%2Fwp%2Fv2%2Fcategories&post=148"},{"taxonomy":"post_tag","embeddable":true,"href":"https:\/\/maisonecohuis.be\/index.php?rest_route=%2Fwp%2Fv2%2Ftags&post=148"}],"curies":[{"name":"wp","href":"https:\/\/api.w.org\/{rel}","templated":true}]}}