{"id":1381,"date":"2021-02-16T16:47:25","date_gmt":"2021-02-16T15:47:25","guid":{"rendered":"http:\/\/maisonecohuis.be\/?p=1381"},"modified":"2023-09-06T12:40:14","modified_gmt":"2023-09-06T10:40:14","slug":"ecoco-recherche-un-e-agent-e-de-prevention-h-f-x","status":"publish","type":"post","link":"https:\/\/maisonecohuis.be\/?p=1381","title":{"rendered":"Eco&#038;Co recherche un.e agent.e de pr\u00e9vention H\/F\/X"},"content":{"rendered":"<p><em>Eco&amp;Co est un service gratuit propos\u00e9 aux saint-gillois dont l\u2019objectif est de proposer des outils d\u2019information sur les droits et devoirs du consommateur afin que celui-ci acqui\u00e8re une plus grande ma\u00eetrise de ses choix et de ses actes dans diff\u00e9rents domaines li\u00e9s \u00e0 la consommation et de gagner ainsi en qualit\u00e9 de vie.<\/em><\/p>\n<p><em>Le service Eco&amp;Co situ\u00e9 \u00e0 la MaisonEco est \u00e0 la recherche d&rsquo;un agent de pr\u00e9vention.<\/em><\/p>\n<h4><b class=\"h3\">Description de l\u2019entreprise<\/b><\/h4>\n<p><strong>Fonction:<\/strong>\u00a0<strong>Agent.e de pr\u00e9vention (H\/F\/X)<\/strong><\/p>\n<p><strong>D\u00e9partement \/ Service:<\/strong>\u00a0D\u00e9partement Pr\u00e9vention Adultes &#8211; Eco&amp;co<\/p>\n<p><strong>Niveau:<\/strong>\u00a0Niveau B<\/p>\n<p><strong>Position hi\u00e9rarchique:<\/strong><\/p>\n<ul>\n<li>Sous l&rsquo;autorit\u00e9 directe de la coordinatrice de secteur\u00a0;<\/li>\n<li>Sous l&rsquo;autorit\u00e9 indirecte de la responsable du D\u00e9partement Pr\u00e9vention Adultes\u00a0;<\/li>\n<li>Sous l&rsquo;autorit\u00e9 organique du secr\u00e9taire du CPAS.<\/li>\n<\/ul>\n<p><strong>Mission du d\u00e9partement \/ service:<\/strong><br \/>\nLa finalit\u00e9 du Secteur Endettement est de pr\u00e9venir le surendettement et de lui apporter une solution durable dans le respect de la \u00ab\u00a0dignit\u00e9 humaine\u00a0\u00bb. Cette finalit\u00e9 se d\u00e9cline en 3 axes d&rsquo;intervention compl\u00e9mentaires\u00a0:<\/p>\n<ul>\n<li>Le service de m\u00e9diation de dettes amiables\u00a0;<\/li>\n<li>Le service \u00e9nergie\u00a0;<\/li>\n<li>Les actions individuelles et collectives de pr\u00e9vention.<\/li>\n<\/ul>\n<p>Au-del\u00e0 du focus sur la question \u00e9nerg\u00e9tique, Eco&amp;co constitue un dispositif compl\u00e9mentaires aux approches individuelles des services du D\u00e9partement Pr\u00e9vention Adultes. Il proprose une programmation r\u00e9guli\u00e8re d&rsquo;ateliers collectifs en liens avec les enjeux actuels\u00a0: le logement, l&rsquo;\u00e9nergie, la pr\u00e9vention au surendettement, l&rsquo;alimentation, la consommation, l&rsquo;environnement. Etc.<\/p>\n<h4><b class=\"h3\">Description de la fonction<\/b><\/h4>\n<p><strong>Mission et activit\u00e9s g\u00e9n\u00e9rales de la fonction:<\/strong><\/p>\n<ul>\n<li>Animer et g\u00e9rer \/ accompagner des groupes\u00a0;<\/li>\n<li>Conception d&rsquo;animation collectives et d&rsquo;outils adapt\u00e9s en lien avec la th\u00e9matique alimentation ;<\/li>\n<li>Pr\u00e9paration et participation au travail de pr\u00e9vention sur la consommation alimentaire \u00e0 Epi Saint-Gilles\u00a0;<\/li>\n<li>Collaboration \u00e0 la cr\u00e9ation de supports adapt\u00e9s \u00e0 l&rsquo;attention du public (soutien aux autres services du D\u00e9partement Pr\u00e9vention Adultes)\u00a0;<\/li>\n<li>Participation aux \u00e9v\u00e8nements\u00a0ext\u00e9rieurs\u00a0;<\/li>\n<li>Gestion de la programmation des ateliers collectifs\u00a0;<\/li>\n<li>Gestion des diff\u00e9rentes sales d&rsquo;animations\u00a0;<\/li>\n<li>Promotion les ateliers collectifs\u00a0;<\/li>\n<li>Supervision de l&rsquo;aide logistique\u00a0;<\/li>\n<li>R\u00e9pondre aux appels \u00e0 projet en lien avec l&rsquo;Institution\u00a0;<\/li>\n<li>Cr\u00e9ation et gestion de projet.<\/li>\n<\/ul>\n<h4><b class=\"h3\">Description du profil<\/b><\/h4>\n<p><u>Dipl\u00f4me requis:<\/u>\u00a0seules les candidatures des titulaires des dipl\u00f4mes suivants seront prises en compte, \u00e0 savoir\u00a0:;<\/p>\n<ul>\n<li>Titulaire d&rsquo;un dipl\u00f4me d&rsquo;assistant(e) social(e)<\/li>\n<li>Titulaire d&rsquo;un dipl\u00f4me en \u00e9cologie sociale<\/li>\n<li>Titulaire d&rsquo;un dipl\u00f4me en communication<\/li>\n<li>Exp\u00e9rience en animation de groupe et en gestion de projet<\/li>\n<\/ul>\n<p><u>Connaissances (th\u00e9oriques, r\u00e9glementaires&#8230;<\/u>)<u>:<\/u><\/p>\n<ul>\n<li>Connaissance de la l\u00e9gislation du CPAS\u00a0;<\/li>\n<li>Connaissance du r\u00e9seau institutionnel et associatif de la r\u00e9gion bruxelloise\u00a0;<\/li>\n<li>Connaissance des techniques de gestion\/animation.<\/li>\n<li>Connaissance des probl\u00e9matique environnementales, du zero-d\u00e9chet.<\/li>\n<\/ul>\n<p><u>Comp\u00e9tences pratiques \/ techniques (informatiques, proc\u00e9dures&#8230;):<\/u><\/p>\n<ul>\n<li>Capacit\u00e9 \u00e0 g\u00e9rer et animer un groupe<\/li>\n<li>Capacit\u00e9 r\u00e9dactionnelle (rapports, PV, supports, &#8230;)\u00a0;<\/li>\n<li>Maitrise de l&rsquo;outil informatique (Word, Excel, Outlook, PowerPoint, &#8230;)\u00a0;<\/li>\n<li>Capacit\u00e9 \u00e0 s&rsquo;exprimer clairement et \u00e0 transmettre un contenu adapt\u00e9 aux personnes\u00a0;<\/li>\n<li>Capacit\u00e9 de travail en \u00e9quipe et en r\u00e9seau\u00a0;<\/li>\n<li>Capacit\u00e9 de respecter les proc\u00e9dures et la structure hi\u00e9rarchiques\u00a0;<\/li>\n<li>Capacit\u00e9 d&rsquo;organisation dans le temps et l&rsquo;espace\u00a0;<\/li>\n<li>Capacit\u00e9 \u00e0 organiser son temps de travail en tenant compte des priorit\u00e9s et des instructions\u00a0;<\/li>\n<li>Capacit\u00e9 \u00e0 \u00e9mettre des propositions dans le cadre d&rsquo;un projet et de d\u00e9velopper des m\u00e9thodes et pratiques innovantes\u00a0;<\/li>\n<li>Capacit\u00e9 d&rsquo;adaptation, de r\u00e9sistance au stress\u00a0;<\/li>\n<li>Aptitude \u00e0 pr\u00e9parer les \u00e9l\u00e9ments n\u00e9cessaires \u00e0 l&rsquo;\u00e9laboration des rapports d&rsquo;activit\u00e9s\u00a0;<\/li>\n<\/ul>\n<p><u>Valeurs:<\/u><\/p>\n<ul>\n<li>Vis-\u00e0-vis du public\u00a0: sens du service, qualit\u00e9 d&rsquo;\u00e9coute, disponibilit\u00e9, politesse, \u00eatre accueillant, empathie.<\/li>\n<li>Vis-\u00e0-vis des coll\u00e8gues : esprit d&rsquo;\u00e9quipe, sens de la collaboration, solidarit\u00e9.<\/li>\n<li>Vis-\u00e0-vis du travail : implication, autonomie, souplesse, initiative, rigueur, discr\u00e9tion, loyaut\u00e9, assertivit\u00e9, auto-d\u00e9veloppement, sens de la responsabilit\u00e9.<\/li>\n<\/ul>\n<h4><b class=\"h3\">Avantages du poste<\/b><\/h4>\n<p><u>Contrat:<\/u>\u00a0Contrat \u00e0 dur\u00e9e d\u00e9termin\u00e9e de 6 mois<\/p>\n<p><u>R\u00e9gime de travail:<\/u>\u00a0Temps plein<\/p>\n<p><b class=\"h3\">Informations supplementaires<\/b><br \/>\n<b>Lieu de travail<\/b>\u00a0SAINT-GILLES,Belgique<br \/>\n<b>Type de contrat<\/b>\u00a0: CDD<br \/>\n<b>Autres Informations<\/b>\u00a0:<\/p>\n<h4><strong><u>Proc\u00e9dure:<\/u><\/strong><\/h4>\n<p>Les candidats int\u00e9ress\u00e9s doivent envoyer leur C.V. et lettre de motivation \u00e0 l&rsquo;adresse suivante:<\/p>\n<p><a href=\"https:\/\/www.actiris.brussels\/fr\/citoyens\/detail-offre-d-emploi\/Job7@cpasstgilles.irisnet.be\">Job2@cpasstgilles.irisnet.be<\/a>\u00a0en mentionnant dans le sujet la r\u00e9f\u00e9rence : \u00ab\u00a0<strong>RECRUT 190<\/strong>\u00a0\u00bb.<\/p>\n<p>Seules les candidatures respectant ces consignes seront prises en compte.<\/p>\n<h2 id=\"title0\">Comment postuler ?<\/h2>\n<table class=\"bloc-emploi__table\">\n<tbody>\n<tr>\n<td>\n<div>Nom de l&#8217;employeur<\/div>\n<\/td>\n<td>\n<div>CPAS DE SAINT-GILLES<\/div>\n<\/td>\n<\/tr>\n<tr>\n<td>\n<div>Personne de contact<\/div>\n<\/td>\n<td>\n<div>MONSIEUR Service HR<\/div>\n<\/td>\n<\/tr>\n<tr>\n<td>\n<div>Mode de pr\u00e9sentation<\/div>\n<\/td>\n<td>Envoi de C.V. via \u00ab\u00a0E-Mail\u00a0\u00bb<\/td>\n<\/tr>\n<tr>\n<td>\n<div>Email<\/div>\n<\/td>\n<td><a href=\"mailto:Job7@cpasstgilles.irisnet.be\">Job7@cpasstgilles.irisnet.be<\/a><\/td>\n<\/tr>\n<\/tbody>\n<\/table>\n<p>&nbsp;<\/p>\n","protected":false},"excerpt":{"rendered":"<p>Eco&amp;Co est un service gratuit propos\u00e9 aux saint-gillois dont l\u2019objectif est de proposer des outils d\u2019information sur les droits et devoirs du consommateur afin que [&hellip;] <span class=\"read-more-link\"><a class=\"read-more\" href=\"https:\/\/maisonecohuis.be\/?p=1381\">Read More<\/a><\/span><\/p>\n","protected":false},"author":1,"featured_media":1384,"comment_status":"closed","ping_status":"open","sticky":false,"template":"","format":"standard","meta":{"om_disable_all_campaigns":false,"_monsterinsights_skip_tracking":false,"_monsterinsights_sitenote_active":false,"_monsterinsights_sitenote_note":"","_monsterinsights_sitenote_category":0,"_uf_show_specific_survey":0,"_uf_disable_surveys":false,"footnotes":""},"categories":[78],"tags":[],"class_list":["post-1381","post","type-post","status-publish","format-standard","has-post-thumbnail","hentry","category-cloture"],"aioseo_notices":[],"_links":{"self":[{"href":"https:\/\/maisonecohuis.be\/index.php?rest_route=\/wp\/v2\/posts\/1381","targetHints":{"allow":["GET"]}}],"collection":[{"href":"https:\/\/maisonecohuis.be\/index.php?rest_route=\/wp\/v2\/posts"}],"about":[{"href":"https:\/\/maisonecohuis.be\/index.php?rest_route=\/wp\/v2\/types\/post"}],"author":[{"embeddable":true,"href":"https:\/\/maisonecohuis.be\/index.php?rest_route=\/wp\/v2\/users\/1"}],"replies":[{"embeddable":true,"href":"https:\/\/maisonecohuis.be\/index.php?rest_route=%2Fwp%2Fv2%2Fcomments&post=1381"}],"version-history":[{"count":2,"href":"https:\/\/maisonecohuis.be\/index.php?rest_route=\/wp\/v2\/posts\/1381\/revisions"}],"predecessor-version":[{"id":1383,"href":"https:\/\/maisonecohuis.be\/index.php?rest_route=\/wp\/v2\/posts\/1381\/revisions\/1383"}],"wp:featuredmedia":[{"embeddable":true,"href":"https:\/\/maisonecohuis.be\/index.php?rest_route=\/wp\/v2\/media\/1384"}],"wp:attachment":[{"href":"https:\/\/maisonecohuis.be\/index.php?rest_route=%2Fwp%2Fv2%2Fmedia&parent=1381"}],"wp:term":[{"taxonomy":"category","embeddable":true,"href":"https:\/\/maisonecohuis.be\/index.php?rest_route=%2Fwp%2Fv2%2Fcategories&post=1381"},{"taxonomy":"post_tag","embeddable":true,"href":"https:\/\/maisonecohuis.be\/index.php?rest_route=%2Fwp%2Fv2%2Ftags&post=1381"}],"curies":[{"name":"wp","href":"https:\/\/api.w.org\/{rel}","templated":true}]}}